{"id":171855,"date":"2017-11-19T13:45:20","date_gmt":"2017-11-19T13:45:20","guid":{"rendered":"http:\/\/diariodominicano.ddns.net\/?p=171855"},"modified":"2017-11-19T13:45:20","modified_gmt":"2017-11-19T13:45:20","slug":"miguel-vargas-exhorta-dirigentes-ir-proyectando-candidaturas-para-2020","status":"publish","type":"post","link":"https:\/\/diariodominicano.com\/?p=171855","title":{"rendered":"Miguel Vargas exhorta dirigentes ir proyectando candidaturas para 2020"},"content":{"rendered":"<p><body><\/p>\n<p><img decoding=\"async\" src=\"img3\/MiguelVargas.JPG\" \/>  <\/p>\n<p><span class=\"text1noticias\">Santo Domingo, R. D., 19 de noviembre, 2017. &#8211; El Comit\u00e9 Ejecutivo Nacional del Partido Revolucionario Dominicano (PRD) aprob\u00f3 mediante resoluci\u00f3n, convocar para el 3 de diciembre la Convenci\u00f3n Nacional Extraordinaria que deber\u00e1 conocer las reformas estatutarias y otros temas que fueron aprobados por su Comisi\u00f3n Pol\u00edtica el pasado 7 de noviembre.<\/span><\/p>\n<p><span class=\"text1noticias\"> <\/span><\/p>\n<p><span class=\"text1noticias\">La asamblea realizada en el sal\u00f3n Ambar del hotel Dominican Fiesta de la Capital cont\u00f3 con una asistencia de 975 dirigentes de los 1,175 convocados de la matr\u00edcula del organismo, para un quorum de un 82 por ciento, seg\u00fan certific\u00f3 el notario p\u00fablico.<\/span><\/p>\n<p><span class=\"text1noticias\"> <\/span><\/p>\n<p><span class=\"text1noticias\">Al dirigirse a los presentes, el presidente del PRD, Miguel Vargas, exhort\u00f3 a la dirigencia a que \u00aba partir del pr\u00f3ximo a\u00f1o, en cada localidad se vayan proyectando las figuras representativas de nuestra organizaci\u00f3n y la sociedad que aspiran a los cargos congresuales y municipales, para cuando inicie el proceso electoral presentemos al pa\u00eds las mejores candidaturas a senadores, diputados, alcaldes, regidores, directores, vocales y a la presidencia de la Rep\u00fablica\u00bb.<\/span><\/p>\n<p><span class=\"text1noticias\"> <\/span><\/p>\n<p><span class=\"text1noticias\">Entre las resoluciones aprobadas durante la asamblea figuran la designaci\u00f3n de Virgilio Bello Rosa como presidente de la Comisi\u00f3n de Reforma Estatutaria, que estar\u00e1 integrada, adem\u00e1s, por los dirigentes Luis Ernesto Camilo, como Vicepresidente, Juan Carlos Guerra, Director Ejecutivo y Janet Camilo, Rafael Abr\u00e9u y Jos\u00e9 Antonio Trinidad, entre otros.<\/span><\/p>\n<p><span class=\"text1noticias\"> <\/span><\/p>\n<p><span class=\"text1noticias\">Dicha resoluci\u00f3n establece que esa Comisi\u00f3n deber\u00e1 presentar un informe de adecuaci\u00f3n y reforma de los estatutos para su aprobaci\u00f3n definitiva.<\/span><\/p>\n<p><span class=\"text1noticias\"> <\/span><\/p>\n<p><span class=\"text1noticias\">Asimismo, fue ratificada la resoluci\u00f3n emanada de la Comisi\u00f3n Pol\u00edtica del pasado siete de noviembre que otorga reconocimiento p\u00f3stumo a los fallecidos dirigentes Sal\u00edm Ibarra, Pedro Franco Bad\u00eda, Fulgencio Espinal, C\u00e9sar Angom\u00e1s y Ram\u00f3n Agramonte.<\/span><\/p>\n<p><span class=\"text1noticias\"> <\/span><\/p>\n<p><span class=\"text1noticias\">De igual manera, el Comit\u00e9 Ejecutivo Nacional confirm\u00f3 integrar una comisi\u00f3n que se encargar\u00e1 de preparar los actos que servir\u00e1n de marco para conmemorar los 20 a\u00f1os de fallecimiento del doctor Jos\u00e9 Francisco Pe\u00f1a G\u00f3mez, acto que deber\u00e1 realizarse el d\u00eda 10 de mayo del 2018.<\/span><\/p>\n<p><span class=\"text1noticias\"> <\/span><\/p>\n<p><span class=\"text1noticias\">El presidente del partido blanco, se\u00f1al\u00f3 que las resoluciones y reformas aprobado en el d\u00eda de hoy, el PRD asume una intensa agenda de trabajo con el objetivo de preparar la organizaci\u00f3n para que salga airoso del gran desaf\u00edo electoral del a\u00f1o 2020.<\/span><\/p>\n<p><span class=\"text1noticias\"> <\/span><\/p>\n<p><span class=\"text1noticias\">Indic\u00f3 que, a partir de estas reformas la Secretaria General, la Presidencia Ejecutiva, la Secretaria de Organizaci\u00f3n, la Presidencia del Distrito Nacional, la Comisi\u00f3n Conjunta, los Frentes de Masas y otros organismos del partido tendr\u00e1n una gran responsabilidad y ser\u00e1n vitales en el proceso de crecimiento y fortalecimiento de nuestra organizaci\u00f3n pol\u00edtica.<\/span><\/p>\n<p><span class=\"text1noticias\"> <\/span><\/p>\n<p><span class=\"text1noticias\">\u00abDe esta reuni\u00f3n debemos salir con la firme determinaci\u00f3n de hacer de la boleta electoral del PRD la mejor opci\u00f3n para el electorado nacional\u00bb, puntualiz\u00f3 Vargas.<\/span><\/p>\n<p><span class=\"text1noticias\"> <\/span><\/p>\n<p><span class=\"text1noticias\">En ese sentido dijo que est\u00e1n trabajando unidos en la diversidad, \u00abimpulsando juntos el ideal de bienestar y prosperidad que enarbol\u00f3 nuestro l\u00edder, Jos\u00e9 Francisco Pe\u00f1a G\u00f3mez\u00bb.<\/span><\/p>\n<p><span class=\"text1noticias\"> <\/span><\/p>\n<p><span class=\"text1noticias\">Sostuvo que unidos podr\u00e1n lograr el resurgir del PRD y que \u00abeste es el mejor momento para que todos unidos convirtamos nuestro glorioso PRD en un partido en condiciones de \u00e9xito para gobernar bien el destino de la naci\u00f3n en favor del bienestar del pueblo dominicano\u00bb.<\/span><\/p>\n<p><span class=\"text1noticias\"> <\/span><\/p>\n<p><span class=\"text1noticias\">Vargas explic\u00f3 que el partido Revolucionario Dominicano se encuentra en un proceso de crecimiento y fortalecimiento en todos los niveles, fruto de una pol\u00edtica de apertura para que antiguos compa\u00f1eros regresen a su casa y tambi\u00e9n para que ciudadanos y gente del pueblo que se interesan por hacer vida pol\u00edtica lo hagan incorpor\u00e1ndose al partido blanco. <\/span><\/p>\n<p><span class=\"text1noticias\"> <\/span><\/p>\n<p><span class=\"text1noticias\">El presidente del PRD asegur\u00f3 que este encuentro marca el inicio de una nueva etapa en la organizaci\u00f3n, \u00abdemostrando al pueblo dominicano que hemos aprendido a trabajar juntos en armon\u00eda y que somos capaces de adecuarnos a los nuevos tiempos\u00bb.<\/span><\/p>\n<p><span class=\"text1noticias\"> <\/span><\/p>\n<p><span class=\"text1noticias\">Fuente: Rosalina abreu<\/span><\/p>\n<h6> 2017-11-19 13:45:20 <\/h6>\n<p><!--\n<link rel=\"stylesheet\" href=\"css\/bootstrap.min.css\">\n\n\n<ul class=\"pagination\">\n\t    \n\t\n\n<li >\n\t<a href='?page_no=7118'>Previous<\/a>\n\t<\/li>\n\n\n       \n    \n\n<li><a href='?page_no=1'>1<\/a><\/li>\n\n\n\n<li><a href='?page_no=2'>2<\/a><\/li>\n\n\n\n<li><a>...<\/a><\/li>\n\n\n\n<li><a href='?page_no=7117'>7117<\/a><\/li>\n\n\n\n<li><a href='?page_no=7118'>7118<\/a><\/li>\n\n\n\n<li class='active'><a>7119<\/a><\/li>\n\n\n\n<li><a href='?page_no=7120'>7120<\/a><\/li>\n\n\n\n<li><a href='?page_no=7121'>7121<\/a><\/li>\n\n\n\n<li><a>...<\/a><\/li>\n\n\n\n<li><a href='?page_no=36999'>36999<\/a><\/li>\n\n\n\n<li><a href='?page_no=37000'>37000<\/a><\/li>\n\n    \n\t\n\n<li >\n\t<a href='?page_no=7120'>Next<\/a>\n\t<\/li>\n\n\n    \n\n<li><a href='?page_no=37000'>Last &rsaquo;&rsaquo;<\/a><\/li>\n\n<\/ul>\n\n\n--><br \/>\n<\/body><\/p>\n","protected":false},"excerpt":{"rendered":"<p>Santo Domingo, R. D., 19 de noviembre, 2017. &#8211; El Comit\u00e9 Ejecutivo Nacional del Partido Revolucionario Dominicano (PRD) aprob\u00f3 mediante resoluci\u00f3n, convocar para el 3 de diciembre la Convenci\u00f3n Nacional Extraordinaria que deber\u00e1 conocer las reformas estatutarias y otros temas que fueron aprobados por su Comisi\u00f3n Pol\u00edtica el pasado 7 de noviembre. La asamblea realizada [&hellip;]<\/p>\n","protected":false},"author":3,"featured_media":0,"comment_status":"open","ping_status":"open","sticky":false,"template":"","format":"standard","meta":{"footnotes":""},"categories":[22],"tags":[],"class_list":["post-171855","post","type-post","status-publish","format-standard","hentry","category-politica"],"_links":{"self":[{"href":"https:\/\/diariodominicano.com\/index.php?rest_route=\/wp\/v2\/posts\/171855","targetHints":{"allow":["GET"]}}],"collection":[{"href":"https:\/\/diariodominicano.com\/index.php?rest_route=\/wp\/v2\/posts"}],"about":[{"href":"https:\/\/diariodominicano.com\/index.php?rest_route=\/wp\/v2\/types\/post"}],"author":[{"embeddable":true,"href":"https:\/\/diariodominicano.com\/index.php?rest_route=\/wp\/v2\/users\/3"}],"replies":[{"embeddable":true,"href":"https:\/\/diariodominicano.com\/index.php?rest_route=%2Fwp%2Fv2%2Fcomments&post=171855"}],"version-history":[{"count":0,"href":"https:\/\/diariodominicano.com\/index.php?rest_route=\/wp\/v2\/posts\/171855\/revisions"}],"wp:attachment":[{"href":"https:\/\/diariodominicano.com\/index.php?rest_route=%2Fwp%2Fv2%2Fmedia&parent=171855"}],"wp:term":[{"taxonomy":"category","embeddable":true,"href":"https:\/\/diariodominicano.com\/index.php?rest_route=%2Fwp%2Fv2%2Fcategories&post=171855"},{"taxonomy":"post_tag","embeddable":true,"href":"https:\/\/diariodominicano.com\/index.php?rest_route=%2Fwp%2Fv2%2Ftags&post=171855"}],"curies":[{"name":"wp","href":"https:\/\/api.w.org\/{rel}","templated":true}]}}