{"id":171854,"date":"2017-11-19T16:26:00","date_gmt":"2017-11-19T16:26:00","guid":{"rendered":"http:\/\/diariodominicano.ddns.net\/?p=171854"},"modified":"2017-11-19T16:26:00","modified_gmt":"2017-11-19T16:26:00","slug":"valentin-presenta-libro-sobre-constitucion-de-1963-en-madrid","status":"publish","type":"post","link":"https:\/\/diariodominicano.com\/?p=171854","title":{"rendered":"Valent\u00edn presenta libro sobre Constituci\u00f3n de 1963 en Madrid"},"content":{"rendered":"<p><body><\/p>\n<p><img decoding=\"async\" src=\"img3\/consti.jpg\" \/>  <\/p>\n<p>MADRID. El libro Dimensiones Liberales y Progresistas de la Constituci\u00f3n de 1963, autor\u00eda de Julio C\u00e9sar Valent\u00edn, fue presentado en el marco del XXII Congreso Internacional del Centro Latinoamericano de Administraci\u00f3n para el Desarrollo (CLAD), celebrado en Madrid, Espa\u00f1a, del 14 al 18 de noviembre.  El libro del senador Valent\u00edn es un an\u00e1lisis hist\u00f3rico, jur\u00eddico y pol\u00edtico de la Constituci\u00f3n progresista de 1963 proclamada durante el gobierno democr\u00e1tico del Profesor Juan Bosch.<\/p>\n<\/p>\n<p>El texto fue presentado al p\u00fablico asistente por el Doctor Manuel Gued\u00e1n, un reputado acad\u00e9mico espa\u00f1ol estudioso de la democracia dominicana y latinoamericana, quien hasta hace poco fungi\u00f3 como representante de la Secretar\u00eda General Iberoamericana (SEGIB), para M\u00e9xico, Cuba y Rep\u00fablica Dominicana.<\/p>\n<\/p>\n<p>En sus comentarios Gued\u00e1n ponder\u00f3 la trayectoria del autor as\u00ed como la naturaleza y calidad de la obra, recomendando su lectura para comprender los avanzados alientos democr\u00e1ticos y progresistas de aquel texto constitucional, que despliega unos 10 art\u00edculos a temas de la administraci\u00f3n p\u00fablica y una apuesta a la necesidad de consolidar institucionalmente a un pa\u00eds que sal\u00eda de la m\u00e1s prolongada y f\u00e9rrea dictadura dominicana, encabezada por Rafael Leonidas Trujillo. <\/p>\n<\/p>\n<p>Destac\u00f3 el valor hist\u00f3rico, pol\u00edtico y jur\u00eddico de la Constituci\u00f3n, que fue sometida a fuertes cr\u00edticas por sectores reaccionarios dominicanos de aquella \u00e9poca y que fue combustible para precipitar los planes sediciosos de sectores ultraconservadores y autoritarios.<\/p>\n<\/p>\n<p>Dentro de los asistentes a la presentaci\u00f3n del libro estaban el embajador dominicano en Espa\u00f1a, Olivo Rodr\u00edguez Huerta, y el Secretario General del CLAD, experto en temas de Reformas del Estado y Administraci\u00f3n P\u00fablica, el dominicano Gregorio Montero, as\u00ed como acad\u00e9micos, servidores p\u00fablicos, l\u00edderes de gobiernos, constitucionalistas de diversos pa\u00edses, dirigentes de organizaciones de la sociedad civil dominicana y estudiantes dominicanos becados en Europa.<\/p>\n<\/p>\n<p>Al final de la presentaci\u00f3n de \u00abDimensiones Liberales y Progresistas de la Constituci\u00f3n de 1963\u00bb -junto a otras publicaciones latinoamericanas sobre democracia, buen gobierno y administraci\u00f3n p\u00fablica- los asistentes y el autor dialogaron sobre el contenido de la obra y la \u00e9poca.<\/p>\n<h6> 2017-11-19 16:26:00 <\/h6>\n<p><!--\n<link rel=\"stylesheet\" href=\"css\/bootstrap.min.css\">\n\n\n<ul class=\"pagination\">\n\t    \n\t\n\n<li >\n\t<a href='?page_no=7117'>Previous<\/a>\n\t<\/li>\n\n\n       \n    \n\n<li><a href='?page_no=1'>1<\/a><\/li>\n\n\n\n<li><a href='?page_no=2'>2<\/a><\/li>\n\n\n\n<li><a>...<\/a><\/li>\n\n\n\n<li><a href='?page_no=7116'>7116<\/a><\/li>\n\n\n\n<li><a href='?page_no=7117'>7117<\/a><\/li>\n\n\n\n<li class='active'><a>7118<\/a><\/li>\n\n\n\n<li><a href='?page_no=7119'>7119<\/a><\/li>\n\n\n\n<li><a href='?page_no=7120'>7120<\/a><\/li>\n\n\n\n<li><a>...<\/a><\/li>\n\n\n\n<li><a href='?page_no=36999'>36999<\/a><\/li>\n\n\n\n<li><a href='?page_no=37000'>37000<\/a><\/li>\n\n    \n\t\n\n<li >\n\t<a href='?page_no=7119'>Next<\/a>\n\t<\/li>\n\n\n    \n\n<li><a href='?page_no=37000'>Last &rsaquo;&rsaquo;<\/a><\/li>\n\n<\/ul>\n\n\n--><br \/>\n<\/body><\/p>\n","protected":false},"excerpt":{"rendered":"<p>MADRID. El libro Dimensiones Liberales y Progresistas de la Constituci\u00f3n de 1963, autor\u00eda de Julio C\u00e9sar Valent\u00edn, fue presentado en el marco del XXII Congreso Internacional del Centro Latinoamericano de Administraci\u00f3n para el Desarrollo (CLAD), celebrado en Madrid, Espa\u00f1a, del 14 al 18 de noviembre. El libro del senador Valent\u00edn es un an\u00e1lisis hist\u00f3rico, jur\u00eddico [&hellip;]<\/p>\n","protected":false},"author":3,"featured_media":0,"comment_status":"open","ping_status":"open","sticky":false,"template":"","format":"standard","meta":{"footnotes":""},"categories":[22],"tags":[],"class_list":["post-171854","post","type-post","status-publish","format-standard","hentry","category-politica"],"_links":{"self":[{"href":"https:\/\/diariodominicano.com\/index.php?rest_route=\/wp\/v2\/posts\/171854","targetHints":{"allow":["GET"]}}],"collection":[{"href":"https:\/\/diariodominicano.com\/index.php?rest_route=\/wp\/v2\/posts"}],"about":[{"href":"https:\/\/diariodominicano.com\/index.php?rest_route=\/wp\/v2\/types\/post"}],"author":[{"embeddable":true,"href":"https:\/\/diariodominicano.com\/index.php?rest_route=\/wp\/v2\/users\/3"}],"replies":[{"embeddable":true,"href":"https:\/\/diariodominicano.com\/index.php?rest_route=%2Fwp%2Fv2%2Fcomments&post=171854"}],"version-history":[{"count":0,"href":"https:\/\/diariodominicano.com\/index.php?rest_route=\/wp\/v2\/posts\/171854\/revisions"}],"wp:attachment":[{"href":"https:\/\/diariodominicano.com\/index.php?rest_route=%2Fwp%2Fv2%2Fmedia&parent=171854"}],"wp:term":[{"taxonomy":"category","embeddable":true,"href":"https:\/\/diariodominicano.com\/index.php?rest_route=%2Fwp%2Fv2%2Fcategories&post=171854"},{"taxonomy":"post_tag","embeddable":true,"href":"https:\/\/diariodominicano.com\/index.php?rest_route=%2Fwp%2Fv2%2Ftags&post=171854"}],"curies":[{"name":"wp","href":"https:\/\/api.w.org\/{rel}","templated":true}]}}