{"id":171852,"date":"2017-11-20T11:56:25","date_gmt":"2017-11-20T11:56:25","guid":{"rendered":"http:\/\/diariodominicano.ddns.net\/?p=171852"},"modified":"2017-11-20T11:56:25","modified_gmt":"2017-11-20T11:56:25","slug":"universitarios-ven-antonio-medina-el-funcionario-ideal-para-reencuentro-y-conexion-uasd-sociedad","status":"publish","type":"post","link":"https:\/\/diariodominicano.com\/?p=171852","title":{"rendered":"Universitarios ven Antonio Medina el funcionario ideal para reencuentro y conexi\u00f3n UASD-Sociedad"},"content":{"rendered":"<p><body><\/p>\n<p><img decoding=\"async\" src=\"img3\/medina1.jpg\" \/>  <\/p>\n<p>Santo Domingo, R.D.-El Acad\u00e9mico Antonio Medina Calca\u00f1o anunci\u00f3 su compromiso de trabajar para fortalecer las estructuras institucionales de Extensi\u00f3n de la Universidad Aut\u00f3noma de Santo  Domingo desde una visi\u00f3n integral, articulada con los ejes de docencia e investigaci\u00f3n, llevando a cabo programas, proyectos y acciones tendentes a responder a los requerimientos  de conexi\u00f3n de la UASD con la sociedad.<\/p>\n<\/p>\n<p>Impulsado por un alto porcentaje de maestros, profesores, empleados y estudiantes que  ven en Medina Calca\u00f1o el funcionario ideal para concretar el necesario reencuentro de la UASD con la sociedad, para devolver a la Gran Familia Universitaria su legitimidad en el servicio que ofrece a personas de menos ingresos, el actual decano de la Facultad de Ciencias Jur\u00eddicas y Pol\u00edticas acept\u00f3 el compromiso de seguir sirviendo con voluntad honestad y entrega a su Alma M\u00e1ter.<\/p>\n<\/p>\n<p>En ese sentido, plante\u00f3 que desde la Vicerrector\u00eda de Extensi\u00f3n trabajar\u00e1 en equipo para ampliar y profundizar los v\u00ednculos de la UASD con la sociedad, desarrollando pr\u00e1cticas extensionistas que contribuyan a la soluci\u00f3n de las diversas problem\u00e1ticas que afectan a la colectividad.<\/p>\n<\/p>\n<p>El Acad\u00e9mico Antonio Medina es impulsado a la Vicerrector\u00eda de Extensi\u00f3n de la UASD junto a un grupo aspirantes a vicerrectores Docente, Investigaci\u00f3n y Postgrado y Administrativo en el marco del bloque que lleva a la doctora Emma Polanco a la Rector\u00eda de la Universidad Aut\u00f3noma de Santo Domingo.<\/p>\n<\/p>\n<p>De igual modo, dijo que como uasdiano se siente compromisario en desarrollar alianzas estrat\u00e9gicas con instituciones del Estado, la sociedad civil y organizaciones comunitarias, as\u00ed como con Academias de otros pa\u00edses y organismos de Cooperaci\u00f3n Internacional, en pos de agotar programas, proyectos, actividades e intercambios de conocimientos y experiencias vinculadas al eje de Extensi\u00f3n.<\/p>\n<\/p>\n<p>Para Antonio Medina, en el mundo globalizado se requiere la representaci\u00f3n institucional de la UASD en el debate y an\u00e1lisis de la problem\u00e1tica social, econ\u00f3micas, pol\u00edtica, jur\u00eddica, educativa, medioambiental y cualquier otra tem\u00e1tica del \u00e1mbito nacional e internacional.<\/p>\n<\/p>\n<p>Como parte de su programa extensionista, prometi\u00f3 fomentar y desarrollar las \u00e1reas deportivas y culturales de la UASD de com\u00fan acuerdo con la sociedad.<\/p>\n<\/p>\n<p>Tambi\u00e9n trabajar\u00e1 para actualizar y ampliar la cobertura de los programas sociales relacionados con los servicios sociales y estudiantiles, como son el transporte, residencia, salud, deporte, cultura, servicio de comedor y otras \u00e1reas vinculadas.<\/p>\n<\/p>\n<p>Dada su calidad de jurista, Medina tiene planificado trabajar en la aprobaci\u00f3n de un instrumento reglamentario que sirva de base para la selecci\u00f3n del personal del \u00e1rea de extensi\u00f3n adscrito a las Facultades, Recintos, Centros y Sub-centros Universitarios.<\/p>\n<\/p>\n<p>En el marco de la protecci\u00f3n de los recursos humanos, dijo que trabajar\u00e1 para elaborar un sistema de pago y categorizaci\u00f3n del personal docente en labores de extensi\u00f3n que garantice su estabilidad salarial.<\/p>\n<\/p>\n<p>\u00abGestionaremos acuerdos interinstitucionales, incluyendo instituciones gubernamentales y empresas del sector privado, para llevar a efectos programas de pasant\u00edas, de modo que los estudiantes tengan la oportunidad de poner en pr\u00e1ctica sus conocimientos y estudios antes de que la UASD los entregue a la sociedad debidamente graduados\u00bb, manifest\u00f3.<\/p>\n<\/p>\n<p>El  maestro Antonio Medina, cuya gesti\u00f3n al frente del Decanato de la Facultad de Ciencias Jur\u00eddicas y Pol\u00edticas se caracteriz\u00f3 por enfatizar la labor docente y acad\u00e9mica vinculada a los acuerdos con instituciones nacionales e internacionales, asegura que desde la Vicerrector\u00eda de Extensi\u00f3n promover\u00e1 el desarrollo de las PYMES y el movimiento cooperativo universitario y nacional.<\/p>\n<\/p>\n<p>Consider\u00f3 que dada su condici\u00f3n de Academia estatal en un pa\u00eds caribe\u00f1o, la UASD tiene el deber de desarrollar actividades de difusi\u00f3n y orientaci\u00f3n sobre prevenci\u00f3n de riesgos y desastres en coordinaci\u00f3n con las instituciones nacionales responsables.<\/p>\n<h6> 2017-11-20 11:56:25 <\/h6>\n<p><!--\n<link rel=\"stylesheet\" href=\"css\/bootstrap.min.css\">\n\n\n<ul class=\"pagination\">\n\t    \n\t\n\n<li >\n\t<a href='?page_no=7115'>Previous<\/a>\n\t<\/li>\n\n\n       \n    \n\n<li><a href='?page_no=1'>1<\/a><\/li>\n\n\n\n<li><a href='?page_no=2'>2<\/a><\/li>\n\n\n\n<li><a>...<\/a><\/li>\n\n\n\n<li><a href='?page_no=7114'>7114<\/a><\/li>\n\n\n\n<li><a href='?page_no=7115'>7115<\/a><\/li>\n\n\n\n<li class='active'><a>7116<\/a><\/li>\n\n\n\n<li><a href='?page_no=7117'>7117<\/a><\/li>\n\n\n\n<li><a href='?page_no=7118'>7118<\/a><\/li>\n\n\n\n<li><a>...<\/a><\/li>\n\n\n\n<li><a href='?page_no=36999'>36999<\/a><\/li>\n\n\n\n<li><a href='?page_no=37000'>37000<\/a><\/li>\n\n    \n\t\n\n<li >\n\t<a href='?page_no=7117'>Next<\/a>\n\t<\/li>\n\n\n    \n\n<li><a href='?page_no=37000'>Last &rsaquo;&rsaquo;<\/a><\/li>\n\n<\/ul>\n\n\n--><br \/>\n<\/body><\/p>\n","protected":false},"excerpt":{"rendered":"<p>Santo Domingo, R.D.-El Acad\u00e9mico Antonio Medina Calca\u00f1o anunci\u00f3 su compromiso de trabajar para fortalecer las estructuras institucionales de Extensi\u00f3n de la Universidad Aut\u00f3noma de Santo Domingo desde una visi\u00f3n integral, articulada con los ejes de docencia e investigaci\u00f3n, llevando a cabo programas, proyectos y acciones tendentes a responder a los requerimientos de conexi\u00f3n de la [&hellip;]<\/p>\n","protected":false},"author":3,"featured_media":0,"comment_status":"open","ping_status":"open","sticky":false,"template":"","format":"standard","meta":{"footnotes":""},"categories":[22],"tags":[],"class_list":["post-171852","post","type-post","status-publish","format-standard","hentry","category-politica"],"_links":{"self":[{"href":"https:\/\/diariodominicano.com\/index.php?rest_route=\/wp\/v2\/posts\/171852","targetHints":{"allow":["GET"]}}],"collection":[{"href":"https:\/\/diariodominicano.com\/index.php?rest_route=\/wp\/v2\/posts"}],"about":[{"href":"https:\/\/diariodominicano.com\/index.php?rest_route=\/wp\/v2\/types\/post"}],"author":[{"embeddable":true,"href":"https:\/\/diariodominicano.com\/index.php?rest_route=\/wp\/v2\/users\/3"}],"replies":[{"embeddable":true,"href":"https:\/\/diariodominicano.com\/index.php?rest_route=%2Fwp%2Fv2%2Fcomments&post=171852"}],"version-history":[{"count":0,"href":"https:\/\/diariodominicano.com\/index.php?rest_route=\/wp\/v2\/posts\/171852\/revisions"}],"wp:attachment":[{"href":"https:\/\/diariodominicano.com\/index.php?rest_route=%2Fwp%2Fv2%2Fmedia&parent=171852"}],"wp:term":[{"taxonomy":"category","embeddable":true,"href":"https:\/\/diariodominicano.com\/index.php?rest_route=%2Fwp%2Fv2%2Fcategories&post=171852"},{"taxonomy":"post_tag","embeddable":true,"href":"https:\/\/diariodominicano.com\/index.php?rest_route=%2Fwp%2Fv2%2Ftags&post=171852"}],"curies":[{"name":"wp","href":"https:\/\/api.w.org\/{rel}","templated":true}]}}