{"id":171849,"date":"2017-11-20T12:54:11","date_gmt":"2017-11-20T12:54:11","guid":{"rendered":"http:\/\/diariodominicano.ddns.net\/?p=171849"},"modified":"2017-11-20T12:54:11","modified_gmt":"2017-11-20T12:54:11","slug":"partidos-minoritarios-podrian-perder-personeria-juridica","status":"publish","type":"post","link":"https:\/\/diariodominicano.com\/?p=171849","title":{"rendered":"Partidos minoritarios podr\u00edan perder personer\u00eda jur\u00eddica"},"content":{"rendered":"<p><body><\/p>\n<p><img decoding=\"async\" src=\"img3\/aristides.jpg\" \/>  <\/p>\n<p>El Presidente de la Comisi\u00f3n que estudia la Ley de Partidos y R\u00e9gimen Electoral, Ar\u00edstides Victoria Yeb, revel\u00f3 que los partidos minoritarios tendr\u00edan que emplearse bien a fondo para mantener su personer\u00eda jur\u00eddica en el 2024, de aprobarse la propuesta que se debate en la<\/p>\n<p>comisi\u00f3n bicameral que estudia la Ley de Partidos.<\/p>\n<\/p>\n<p>Asegur\u00f3 que dentro del proyecto se debate en el Congreso Nacional, se establece que los mismos deben sacar el 1% de las votaciones m\u00e1s una representaci\u00f3n congresional o municipal.<\/p>\n<\/p>\n<p>Ar\u00edstides Victoria afirm\u00f3 que para los comicios del 2020, la pieza establece que los minoritarios mantendr\u00e1n su personer\u00eda con el 1%.<\/p>\n<\/p>\n<p>Por otra parte, dijo que con relaci\u00f3n a la integraci\u00f3n de los siete juristas que designar\u00e1 el comit\u00e9 pol\u00edtico para analizar la viabilidad de primarias abiertas o cerradas, entiende que los partidos pol\u00edticos se pondr\u00e1n de acuerdo y que los expertos podr\u00e1n esclarecer los puntos de vista que<\/p>\n<p>tengan los liderazgos.<\/p>\n<\/p>\n<p>&amp;quot;Estoy consciente de que el Congreso Nacional, aprobar\u00e1 la Ley de partidos y R\u00e9gimen Electoral y que no tendr\u00e1 ning\u00fan choque con la Constituci\u00f3n de la Rep\u00fablica&amp;quot;, indic\u00f3 Victoria Yeb alser entrevistado en el Programa Fuera de Record por el periodista Elvis Lima.<\/p>\n<\/p>\n<p>REELECCION NO ES UN TEMA DE DEBATE<\/p>\n<\/p>\n<p>Ar\u00edstides Victoria Yeb indic\u00f3 que la reelecci\u00f3n presidencial no es un tema de agenda del Partido de la Liberaci\u00f3n Dominicana PLD.<\/p>\n<\/p>\n<p>&amp;quot;Tanto el Gobierno como el PLD busca encaminarse hacia una meta. Danilo Medina est\u00e1 enfocado en realizar una gesti\u00f3n bien valorada y que sea la carta de presentaci\u00f3n del PLD y sus fuerzas aliadas para el 2020&amp;quot; indic\u00f3 el Presidente de la Comisi\u00f3n que estudia la Ley de Partidos.<\/p>\n<h6> 2017-11-20 12:54:11 <\/h6>\n<p><!--\n<link rel=\"stylesheet\" href=\"css\/bootstrap.min.css\">\n\n\n<ul class=\"pagination\">\n\t    \n\t\n\n<li >\n\t<a href='?page_no=7112'>Previous<\/a>\n\t<\/li>\n\n\n       \n    \n\n<li><a href='?page_no=1'>1<\/a><\/li>\n\n\n\n<li><a href='?page_no=2'>2<\/a><\/li>\n\n\n\n<li><a>...<\/a><\/li>\n\n\n\n<li><a href='?page_no=7111'>7111<\/a><\/li>\n\n\n\n<li><a href='?page_no=7112'>7112<\/a><\/li>\n\n\n\n<li class='active'><a>7113<\/a><\/li>\n\n\n\n<li><a href='?page_no=7114'>7114<\/a><\/li>\n\n\n\n<li><a href='?page_no=7115'>7115<\/a><\/li>\n\n\n\n<li><a>...<\/a><\/li>\n\n\n\n<li><a href='?page_no=36999'>36999<\/a><\/li>\n\n\n\n<li><a href='?page_no=37000'>37000<\/a><\/li>\n\n    \n\t\n\n<li >\n\t<a href='?page_no=7114'>Next<\/a>\n\t<\/li>\n\n\n    \n\n<li><a href='?page_no=37000'>Last &rsaquo;&rsaquo;<\/a><\/li>\n\n<\/ul>\n\n\n--><br \/>\n<\/body><\/p>\n","protected":false},"excerpt":{"rendered":"<p>El Presidente de la Comisi\u00f3n que estudia la Ley de Partidos y R\u00e9gimen Electoral, Ar\u00edstides Victoria Yeb, revel\u00f3 que los partidos minoritarios tendr\u00edan que emplearse bien a fondo para mantener su personer\u00eda jur\u00eddica en el 2024, de aprobarse la propuesta que se debate en la comisi\u00f3n bicameral que estudia la Ley de Partidos. Asegur\u00f3 que [&hellip;]<\/p>\n","protected":false},"author":3,"featured_media":0,"comment_status":"open","ping_status":"open","sticky":false,"template":"","format":"standard","meta":{"footnotes":""},"categories":[22],"tags":[],"class_list":["post-171849","post","type-post","status-publish","format-standard","hentry","category-politica"],"_links":{"self":[{"href":"https:\/\/diariodominicano.com\/index.php?rest_route=\/wp\/v2\/posts\/171849","targetHints":{"allow":["GET"]}}],"collection":[{"href":"https:\/\/diariodominicano.com\/index.php?rest_route=\/wp\/v2\/posts"}],"about":[{"href":"https:\/\/diariodominicano.com\/index.php?rest_route=\/wp\/v2\/types\/post"}],"author":[{"embeddable":true,"href":"https:\/\/diariodominicano.com\/index.php?rest_route=\/wp\/v2\/users\/3"}],"replies":[{"embeddable":true,"href":"https:\/\/diariodominicano.com\/index.php?rest_route=%2Fwp%2Fv2%2Fcomments&post=171849"}],"version-history":[{"count":0,"href":"https:\/\/diariodominicano.com\/index.php?rest_route=\/wp\/v2\/posts\/171849\/revisions"}],"wp:attachment":[{"href":"https:\/\/diariodominicano.com\/index.php?rest_route=%2Fwp%2Fv2%2Fmedia&parent=171849"}],"wp:term":[{"taxonomy":"category","embeddable":true,"href":"https:\/\/diariodominicano.com\/index.php?rest_route=%2Fwp%2Fv2%2Fcategories&post=171849"},{"taxonomy":"post_tag","embeddable":true,"href":"https:\/\/diariodominicano.com\/index.php?rest_route=%2Fwp%2Fv2%2Ftags&post=171849"}],"curies":[{"name":"wp","href":"https:\/\/api.w.org\/{rel}","templated":true}]}}