{"id":171848,"date":"2017-11-20T12:57:41","date_gmt":"2017-11-20T12:57:41","guid":{"rendered":"http:\/\/diariodominicano.ddns.net\/?p=171848"},"modified":"2017-11-20T12:57:41","modified_gmt":"2017-11-20T12:57:41","slug":"organo-del-pld-recomienda-cautela-y-ecuanimidad-para-enfrentar-acciones-injerencistas","status":"publish","type":"post","link":"https:\/\/diariodominicano.com\/?p=171848","title":{"rendered":"\u00d3rgano del PLD recomienda cautela y ecuanimidad para enfrentar acciones injerencistas"},"content":{"rendered":"<p><body><\/p>\n<p><img decoding=\"async\" src=\"img3\/pldsede.jpg\" \/>  <\/p>\n<p><strong>SANTO DOMINGO, RD, 20 de  noviembre de 2017.-<\/strong> El  vocero radial del Partido de la Liberaci\u00f3n Dominicana, La Voz del PLD,  al resaltar la indignaci\u00f3n  de la poblaci\u00f3n por la provocaci\u00f3n  de un grupo que reclama la nacionalidad dominicana, sin someterse a la reglamentaci\u00f3n que cre\u00f3 el Estado con ese prop\u00f3sito, recomienda cautela y ecuanimidad para hacer frente al acto ultrajante.<\/p>\n<\/p>\n<p>\u00abLa mejor arma para el combate a esta grotesca injerencia est\u00e1 en la Constituci\u00f3n de la Rep\u00fablica y en las Leyes, que definen con propiedad quien es o quien no es dominicano\u00bb se manifiesta en el comentario de este lunes del programa radial que se divulga por las estaciones del Circuito Popular y se coloca en l\u00ednea de los portales en la web del PLD, producido por la Secretar\u00eda de Comunicaciones.<\/p>\n<\/p>\n<p>Denuncia que un  grupo de ciudadanos haitianos llegaron a bailar y a protestar en la misma Puerta de El Conde, con expresiones insultantes e irrespetuosas: \u00abSe presentaron frente a la puerta de El Conde, el mismo lugar donde por primera vez se iz\u00f3 la bandera dominicana el 27 de febrero de 1844, desafiando a las autoridades y con reclamos de actos del estado civil que no le corresponden\u00bb<\/p>\n<\/p>\n<p>El comentario juzga la acci\u00f3n como un atrevimiento,  que ning\u00fan dominicano es capaz de propiciar y  una afrenta  contra los s\u00edmbolos patrios.<\/p>\n<\/p>\n<p>De los reportes del suceso,  se deduce en el comentario que  la provocaci\u00f3n  fue una acci\u00f3n fr\u00edamente calculada, una bravuconada usando menores como carne de ca\u00f1\u00f3n. <\/p>\n<\/p>\n<p>\u00abEs una reiteraci\u00f3n  de una  pr\u00e1ctica  de organizaciones   injerencistas que presionan por la anulaci\u00f3n de la sentencia 168-13 y la Ley de Migraci\u00f3n, que tambi\u00e9n  se ha colado en la agenda de organismos internacionales\u00bb, expresa.<\/p>\n<\/p>\n<p>Siguiendo el historial de estos se\u00f1ores, el comentario adelanta  que seguir\u00e1n otras acciones similares, de igual o mayor magnitud provocadora,\u00bb que debemos responder con cautela y ecuanimidad\u00bb<\/p>\n<\/p>\n<p>\u00abMalas acciones  originan  errores que  suelen  traer  consecuencias funestas o como lo dice el refr\u00e1n: \u00abQuien siembra vientos cosechar\u00e1 tempestades\u00bb concluye la nota editorial del programa radial del Partido de la Liberaci\u00f3n Dominicana<\/p>\n<h6> 2017-11-20 12:57:41 <\/h6>\n<p><!--\n<link rel=\"stylesheet\" href=\"css\/bootstrap.min.css\">\n\n\n<ul class=\"pagination\">\n\t    \n\t\n\n<li >\n\t<a href='?page_no=7111'>Previous<\/a>\n\t<\/li>\n\n\n       \n    \n\n<li><a href='?page_no=1'>1<\/a><\/li>\n\n\n\n<li><a href='?page_no=2'>2<\/a><\/li>\n\n\n\n<li><a>...<\/a><\/li>\n\n\n\n<li><a href='?page_no=7110'>7110<\/a><\/li>\n\n\n\n<li><a href='?page_no=7111'>7111<\/a><\/li>\n\n\n\n<li class='active'><a>7112<\/a><\/li>\n\n\n\n<li><a href='?page_no=7113'>7113<\/a><\/li>\n\n\n\n<li><a href='?page_no=7114'>7114<\/a><\/li>\n\n\n\n<li><a>...<\/a><\/li>\n\n\n\n<li><a href='?page_no=36999'>36999<\/a><\/li>\n\n\n\n<li><a href='?page_no=37000'>37000<\/a><\/li>\n\n    \n\t\n\n<li >\n\t<a href='?page_no=7113'>Next<\/a>\n\t<\/li>\n\n\n    \n\n<li><a href='?page_no=37000'>Last &rsaquo;&rsaquo;<\/a><\/li>\n\n<\/ul>\n\n\n--><br \/>\n<\/body><\/p>\n","protected":false},"excerpt":{"rendered":"<p>SANTO DOMINGO, RD, 20 de noviembre de 2017.- El vocero radial del Partido de la Liberaci\u00f3n Dominicana, La Voz del PLD, al resaltar la indignaci\u00f3n de la poblaci\u00f3n por la provocaci\u00f3n de un grupo que reclama la nacionalidad dominicana, sin someterse a la reglamentaci\u00f3n que cre\u00f3 el Estado con ese prop\u00f3sito, recomienda cautela y ecuanimidad [&hellip;]<\/p>\n","protected":false},"author":3,"featured_media":0,"comment_status":"open","ping_status":"open","sticky":false,"template":"","format":"standard","meta":{"footnotes":""},"categories":[22],"tags":[],"class_list":["post-171848","post","type-post","status-publish","format-standard","hentry","category-politica"],"_links":{"self":[{"href":"https:\/\/diariodominicano.com\/index.php?rest_route=\/wp\/v2\/posts\/171848","targetHints":{"allow":["GET"]}}],"collection":[{"href":"https:\/\/diariodominicano.com\/index.php?rest_route=\/wp\/v2\/posts"}],"about":[{"href":"https:\/\/diariodominicano.com\/index.php?rest_route=\/wp\/v2\/types\/post"}],"author":[{"embeddable":true,"href":"https:\/\/diariodominicano.com\/index.php?rest_route=\/wp\/v2\/users\/3"}],"replies":[{"embeddable":true,"href":"https:\/\/diariodominicano.com\/index.php?rest_route=%2Fwp%2Fv2%2Fcomments&post=171848"}],"version-history":[{"count":0,"href":"https:\/\/diariodominicano.com\/index.php?rest_route=\/wp\/v2\/posts\/171848\/revisions"}],"wp:attachment":[{"href":"https:\/\/diariodominicano.com\/index.php?rest_route=%2Fwp%2Fv2%2Fmedia&parent=171848"}],"wp:term":[{"taxonomy":"category","embeddable":true,"href":"https:\/\/diariodominicano.com\/index.php?rest_route=%2Fwp%2Fv2%2Fcategories&post=171848"},{"taxonomy":"post_tag","embeddable":true,"href":"https:\/\/diariodominicano.com\/index.php?rest_route=%2Fwp%2Fv2%2Ftags&post=171848"}],"curies":[{"name":"wp","href":"https:\/\/api.w.org\/{rel}","templated":true}]}}