{"id":171847,"date":"2017-11-20T15:31:23","date_gmt":"2017-11-20T15:31:23","guid":{"rendered":"http:\/\/diariodominicano.ddns.net\/?p=171847"},"modified":"2017-11-20T15:31:23","modified_gmt":"2017-11-20T15:31:23","slug":"alexis-jimenez-y-rafael-vasquez-candidatos-a-la-presidencia-y-secretaria-general-del-prm-en-sde","status":"publish","type":"post","link":"https:\/\/diariodominicano.com\/?p=171847","title":{"rendered":"Alexis Jim\u00e9nez y Rafael V\u00e1squez candidatos a la presidencia y secretar\u00eda general del PRM en SDE"},"content":{"rendered":"<p><body><\/p>\n<p><img decoding=\"async\" src=\"img3\/IMG_0223.JPG\" \/><br \/><img decoding=\"async\" src=\"img3\/IMG_0243.JPG\" \/>  <\/p>\n<p><strong> <\/strong><\/p>\n<p><strong>SANTO DOMINGO ESTE, 20 de noviembre de 2017-<\/strong> El equipo del ex candidato presidencial Lu\u00eds Abinader, desarroll\u00f3 una convenci\u00f3n interna en el municipio Santo Domingo Este para elegir sus candidatos a puestos de direcci\u00f3n en el Partido Revolucionario Moderno, (PRM), en la que fueron convocados 2,863 dirigentes y votaron 1,894 .<\/p>\n<\/p>\n<p>Como consecuencia de ese plebiscito se ratific\u00f3 mayoritariamente la candidatura del diputado Alexis Jim\u00e9nez a la presidencia municipal del PRM, de la corriente de Abinader con el 74.39% de los votos emitidos, as\u00ed mismo el reconocido m\u00e9dico,  Rafael V\u00e1squez  Garc\u00eda quien obtuvo el 52.66% de los votos v\u00e1lidos emitidos como candidato a la secretar\u00eda general contra el 47.34% del regidor Jos\u00e9 S\u00e1nchez, quien reconoci\u00f3 la derrota y levant\u00f3 la mano al instante de emitido los resultados a quien fuera su adversario.<\/p>\n<\/p>\n<p>La Comisi\u00f3n Electoral del equipo de Luis Abinader emiti\u00f3 los resultados mediante una rueda de prensa encabezada por el coordinador del Pleno, Dar\u00edo Castillo, en compa\u00f1\u00eda del Coordinador Municipal, N\u00e9stor Julio Cruz Pichardo y  el director de tecnolog\u00eda del pleno, Diohani Calvo, as\u00ed como Modesto S\u00e1nchez, director electoral del proyecto.<\/p>\n<\/p>\n<p>Jim\u00e9nez cont\u00f3 el voto favorable de 1,409 dirigentes, para ser ratificado como candidato \u00fanico de la corriente de Lu\u00eds Abinader en Santo Domingo Este, en tanto que V\u00e1squez Garc\u00eda obtuvo 970 votos, para convertirse en el candidato a la secretar\u00eda general del PRM en el municipio Santo Domingo Este, mientras que S\u00e1nchez s\u00f3lo alcanz\u00f3 872 votos a su favor.<\/p>\n<\/p>\n<p>El diputado Jim\u00e9nez se present\u00f3 al pleno sin oponentes puesto que Jos\u00e9 Liz renunci\u00f3 a continuar en la carrera por la nominaci\u00f3n, y la Comisi\u00f3n Electoral decidi\u00f3 que Ram\u00f3n Medina no pod\u00eda ser inscrito como candidato porque se le hab\u00eda vencido el plazo.<\/p>\n<\/p>\n<p>V\u00e1squez Garc\u00eda deber\u00e1 enfrentar al candidato de la corriente del ex presidente Hip\u00f3lito Mej\u00eda, a la secretar\u00eda general, Gilberto Balbuena mientras que Jim\u00e9nez deber\u00e1 medirse con el Hipolitista, Ad\u00e1n Peguero a la presidencia del PRM en esta demarcaci\u00f3n.<\/p>\n<h6> 2017-11-20 15:31:23 <\/h6>\n<p><!--\n<link rel=\"stylesheet\" href=\"css\/bootstrap.min.css\">\n\n\n<ul class=\"pagination\">\n\t    \n\t\n\n<li >\n\t<a href='?page_no=7110'>Previous<\/a>\n\t<\/li>\n\n\n       \n    \n\n<li><a href='?page_no=1'>1<\/a><\/li>\n\n\n\n<li><a href='?page_no=2'>2<\/a><\/li>\n\n\n\n<li><a>...<\/a><\/li>\n\n\n\n<li><a href='?page_no=7109'>7109<\/a><\/li>\n\n\n\n<li><a href='?page_no=7110'>7110<\/a><\/li>\n\n\n\n<li class='active'><a>7111<\/a><\/li>\n\n\n\n<li><a href='?page_no=7112'>7112<\/a><\/li>\n\n\n\n<li><a href='?page_no=7113'>7113<\/a><\/li>\n\n\n\n<li><a>...<\/a><\/li>\n\n\n\n<li><a href='?page_no=36999'>36999<\/a><\/li>\n\n\n\n<li><a href='?page_no=37000'>37000<\/a><\/li>\n\n    \n\t\n\n<li >\n\t<a href='?page_no=7112'>Next<\/a>\n\t<\/li>\n\n\n    \n\n<li><a href='?page_no=37000'>Last &rsaquo;&rsaquo;<\/a><\/li>\n\n<\/ul>\n\n\n--><br \/>\n<\/body><\/p>\n","protected":false},"excerpt":{"rendered":"<p>SANTO DOMINGO ESTE, 20 de noviembre de 2017- El equipo del ex candidato presidencial Lu\u00eds Abinader, desarroll\u00f3 una convenci\u00f3n interna en el municipio Santo Domingo Este para elegir sus candidatos a puestos de direcci\u00f3n en el Partido Revolucionario Moderno, (PRM), en la que fueron convocados 2,863 dirigentes y votaron 1,894 . Como consecuencia de ese [&hellip;]<\/p>\n","protected":false},"author":3,"featured_media":0,"comment_status":"open","ping_status":"open","sticky":false,"template":"","format":"standard","meta":{"footnotes":""},"categories":[22],"tags":[],"class_list":["post-171847","post","type-post","status-publish","format-standard","hentry","category-politica"],"_links":{"self":[{"href":"https:\/\/diariodominicano.com\/index.php?rest_route=\/wp\/v2\/posts\/171847","targetHints":{"allow":["GET"]}}],"collection":[{"href":"https:\/\/diariodominicano.com\/index.php?rest_route=\/wp\/v2\/posts"}],"about":[{"href":"https:\/\/diariodominicano.com\/index.php?rest_route=\/wp\/v2\/types\/post"}],"author":[{"embeddable":true,"href":"https:\/\/diariodominicano.com\/index.php?rest_route=\/wp\/v2\/users\/3"}],"replies":[{"embeddable":true,"href":"https:\/\/diariodominicano.com\/index.php?rest_route=%2Fwp%2Fv2%2Fcomments&post=171847"}],"version-history":[{"count":0,"href":"https:\/\/diariodominicano.com\/index.php?rest_route=\/wp\/v2\/posts\/171847\/revisions"}],"wp:attachment":[{"href":"https:\/\/diariodominicano.com\/index.php?rest_route=%2Fwp%2Fv2%2Fmedia&parent=171847"}],"wp:term":[{"taxonomy":"category","embeddable":true,"href":"https:\/\/diariodominicano.com\/index.php?rest_route=%2Fwp%2Fv2%2Fcategories&post=171847"},{"taxonomy":"post_tag","embeddable":true,"href":"https:\/\/diariodominicano.com\/index.php?rest_route=%2Fwp%2Fv2%2Ftags&post=171847"}],"curies":[{"name":"wp","href":"https:\/\/api.w.org\/{rel}","templated":true}]}}