{"id":171846,"date":"2017-11-20T15:56:34","date_gmt":"2017-11-20T15:56:34","guid":{"rendered":"http:\/\/diariodominicano.ddns.net\/?p=171846"},"modified":"2017-11-20T15:56:34","modified_gmt":"2017-11-20T15:56:34","slug":"afirman-en-rd-existen-pocos-centros-de-asistencias-para-mujeres-maltratadas","status":"publish","type":"post","link":"https:\/\/diariodominicano.com\/?p=171846","title":{"rendered":"Afirman en RD existen pocos centros de asistencias para mujeres maltratadas"},"content":{"rendered":"<p><body><\/p>\n<p><img decoding=\"async\" src=\"img3\/IMG_0798.JPG\" \/><br \/><img decoding=\"async\" src=\"img3\/IMG_0793.JPG\" \/>  <\/p>\n<p><strong> <\/strong><\/p>\n<p><strong><span class=\"text1noticias\">Por Freddy P. Galarza<\/span><\/strong><\/p>\n<p><strong> <\/strong><\/p>\n<p><strong><span class=\"text1noticias\">New York, 20 de noviembre.- <\/span><\/strong><span class=\"text1noticias\"> La secretaria ejecutiva del Partido Alianza Pa\u00eds Luc\u00eda Solano, sostuvo que de las 32 provincias de Rep\u00fablica Dominicana, s\u00f3lo en 14 de ellas existen centros de asistencias para las mujeres maltratadas .<\/span><\/p>\n<\/p>\n<p><span class=\"text1noticias\">Las declaraciones de la dirigente aliancista fueron externadas durante el desarrollo de un taller sobre el inclemento del femicidio en RD, impartido en el local de la iglesia Plesbiteriana Fort.George, en el Alto Manhattan, auspiciado por las organizaciones pol\u00edticas Alianza Pa\u00eds y Opci\u00f3n Democr\u00e1tica .<\/span><\/p>\n<\/p>\n<p><span class=\"text1noticias\"> Solano, refiri\u00f3 que esos centros no funcionan las 24 horas del d\u00eda, mientras que las mayor\u00eda de los cr\u00edmenes contra las mujeres se suceden en horas de las madrugadas,  imposibilitando  la comunicaci\u00f3n con las autoridades.<\/span><\/p>\n<\/p>\n<p><span class=\"text1noticias\">Se\u00f1al\u00f3 que el pa\u00eds se ha convertido en un infierno para las indefensas mujeres por los numerosos feminicidios que se cuceden uno tr\u00e1s otros, lo que est\u00e1 acabando con las familias y los hijos que quedan en la orfandad .<\/span><\/p>\n<\/p>\n<p><span class=\"text1noticias\">Luc\u00eda Solano, como Judit Portorreal, secretaria de organizaci\u00f3n de Opci\u00f3n Democr\u00e1tica, organizadoras del taller, expresaron que el evento feminista era dedicado a las asesinadas hermanas Mirabal, al conmemorarse el 25 de este mes como d\u00eda internacional de la no violencia contra la mujer .<\/span><\/p>\n<\/p>\n<p><span class=\"text1noticias\">Se\u00f1alaron que el encuentro ten\u00eda como objetivo elaborar un documento planteando posibles soluciones al problema mayor \u00bb que nos aqueja como mujeres, como son los feminicidios\u00bb.<\/span><\/p>\n<\/p>\n<p><span class=\"text1noticias\">Dijeron que proximamente dar\u00e1n a conocer los resultados obtenidos durante el taller llevado a cabo, donde participaron un nutrido n\u00famero de mujeres en representaci\u00f3n de diversos sectores de la comunidad .<\/span><\/p>\n<\/p>\n<h6> 2017-11-20 15:56:34 <\/h6>\n<p><!--\n<link rel=\"stylesheet\" href=\"css\/bootstrap.min.css\">\n\n\n<ul class=\"pagination\">\n\t    \n\t\n\n<li >\n\t<a href='?page_no=7109'>Previous<\/a>\n\t<\/li>\n\n\n       \n    \n\n<li><a href='?page_no=1'>1<\/a><\/li>\n\n\n\n<li><a href='?page_no=2'>2<\/a><\/li>\n\n\n\n<li><a>...<\/a><\/li>\n\n\n\n<li><a href='?page_no=7108'>7108<\/a><\/li>\n\n\n\n<li><a href='?page_no=7109'>7109<\/a><\/li>\n\n\n\n<li class='active'><a>7110<\/a><\/li>\n\n\n\n<li><a href='?page_no=7111'>7111<\/a><\/li>\n\n\n\n<li><a href='?page_no=7112'>7112<\/a><\/li>\n\n\n\n<li><a>...<\/a><\/li>\n\n\n\n<li><a href='?page_no=36999'>36999<\/a><\/li>\n\n\n\n<li><a href='?page_no=37000'>37000<\/a><\/li>\n\n    \n\t\n\n<li >\n\t<a href='?page_no=7111'>Next<\/a>\n\t<\/li>\n\n\n    \n\n<li><a href='?page_no=37000'>Last &rsaquo;&rsaquo;<\/a><\/li>\n\n<\/ul>\n\n\n--><br \/>\n<\/body><\/p>\n","protected":false},"excerpt":{"rendered":"<p>Por Freddy P. Galarza New York, 20 de noviembre.- La secretaria ejecutiva del Partido Alianza Pa\u00eds Luc\u00eda Solano, sostuvo que de las 32 provincias de Rep\u00fablica Dominicana, s\u00f3lo en 14 de ellas existen centros de asistencias para las mujeres maltratadas . Las declaraciones de la dirigente aliancista fueron externadas durante el desarrollo de un taller [&hellip;]<\/p>\n","protected":false},"author":3,"featured_media":0,"comment_status":"open","ping_status":"open","sticky":false,"template":"","format":"standard","meta":{"footnotes":""},"categories":[22],"tags":[],"class_list":["post-171846","post","type-post","status-publish","format-standard","hentry","category-politica"],"_links":{"self":[{"href":"https:\/\/diariodominicano.com\/index.php?rest_route=\/wp\/v2\/posts\/171846","targetHints":{"allow":["GET"]}}],"collection":[{"href":"https:\/\/diariodominicano.com\/index.php?rest_route=\/wp\/v2\/posts"}],"about":[{"href":"https:\/\/diariodominicano.com\/index.php?rest_route=\/wp\/v2\/types\/post"}],"author":[{"embeddable":true,"href":"https:\/\/diariodominicano.com\/index.php?rest_route=\/wp\/v2\/users\/3"}],"replies":[{"embeddable":true,"href":"https:\/\/diariodominicano.com\/index.php?rest_route=%2Fwp%2Fv2%2Fcomments&post=171846"}],"version-history":[{"count":0,"href":"https:\/\/diariodominicano.com\/index.php?rest_route=\/wp\/v2\/posts\/171846\/revisions"}],"wp:attachment":[{"href":"https:\/\/diariodominicano.com\/index.php?rest_route=%2Fwp%2Fv2%2Fmedia&parent=171846"}],"wp:term":[{"taxonomy":"category","embeddable":true,"href":"https:\/\/diariodominicano.com\/index.php?rest_route=%2Fwp%2Fv2%2Fcategories&post=171846"},{"taxonomy":"post_tag","embeddable":true,"href":"https:\/\/diariodominicano.com\/index.php?rest_route=%2Fwp%2Fv2%2Ftags&post=171846"}],"curies":[{"name":"wp","href":"https:\/\/api.w.org\/{rel}","templated":true}]}}