{"id":171844,"date":"2017-11-20T19:17:14","date_gmt":"2017-11-20T19:17:14","guid":{"rendered":"http:\/\/diariodominicano.ddns.net\/?p=171844"},"modified":"2017-11-20T19:17:14","modified_gmt":"2017-11-20T19:17:14","slug":"prm-designa-con-el-nombre-de-claudio-caamano-grullon-su-convencion-interna","status":"publish","type":"post","link":"https:\/\/diariodominicano.com\/?p=171844","title":{"rendered":"PRM designa con el nombre de Claudio Caama\u00f1o Grull\u00f3n su Convenci\u00f3n interna"},"content":{"rendered":"<p><body><\/p>\n<p><img decoding=\"async\" src=\"img3\/PRMCaamano.jpg\" \/>  <\/p>\n<p><span class=\"text1noticias\">Santo Domingo, R. D., 20 de noviembre, 2017.- El Partido Revolucionario Moderno (PRM) inform\u00f3 que su 1ra. Convenci\u00f3n Nacional Ordinaria fue designada con el nombre de Claudio Caama\u00f1o Grull\u00f3n, en honor a que esta fue la primera y \u00fanica organizaci\u00f3n pol\u00edtica partidista que el extinto patriota escogiera para militar y luchar en un partido por los cambios que amerita la sociedad dominicana.<\/span><\/p>\n<\/p>\n<p><span class=\"text1noticias\">Tambi\u00e9n recalc\u00f3 que la elecci\u00f3n de dicha convenci\u00f3n tendr\u00e1 tres fases, la primera, con votaci\u00f3n universal en todos los organismos del partido, con el padr\u00f3n cerrado, en proceso de elaboraci\u00f3n, la cual elegir\u00e1 las principales autoridades, como el presidente, secretario general, subsecretarios y vicepresidentes de todos los organismos, una segunda, que seleccionar\u00e1 los completivos de los organismos locales y escoger\u00e1 los delegados que participar\u00e1n en una tercera fase, que ratificar\u00e1 los electos mediante la votaci\u00f3n universal y completar\u00e1 los organismos superiores del partido.<\/span><\/p>\n<\/p>\n<p><span class=\"text1noticias\">En una rueda de prensa, celebrada en su local nacional, Andr\u00e9s Bautista y Jes\u00fas V\u00e1squez, Presidente y Secretario General del PRM, acompa\u00f1ados del ex presidente Hip\u00f3lito Mej\u00eda, hicieron el anuncio de la designaci\u00f3n del nombre del destacado luchador por la democracia y los derechos sociales en el pa\u00eds, Claudio Caama\u00f1o. con la presencia de los mas cercanos familiares de Claudio Caama\u00f1o.<\/span><\/p>\n<\/p>\n<p><span class=\"text1noticias\">En la rueda de prensa estuvieron presentes:  su viuda, Fabiola V\u00e9lez, su hermano Cesar Andr\u00e9s Caama\u00f1o Grull\u00f3n (Cuqui), su hijo Claudio Antonio Caama\u00f1o V\u00e9lez, su nieto, C\u00e9sar Francisco Caama\u00f1o \u00c1lvarez y su primo S\u00f3crates Grull\u00f3n Soto.<\/span><\/p>\n<\/p>\n<p><span class=\"text1noticias\">La Semblanza de Claudio Caama\u00f1o fue le\u00edda por el licenciado Tony Raful, quien garantiz\u00f3 que, en su condici\u00f3n de presidente de la Comisi\u00f3n Organizadora de la Convenci\u00f3n, junto a sus dem\u00e1s miembros, honrar\u00e1n su memoria, celebrando un evento transparente, democr\u00e1tico y ejemplar, como lo anhelaba en homenajeado, y como lo reclama el pa\u00eds.<\/span><\/p>\n<\/p>\n<p><span class=\"text1noticias\">Por su parte, Claudio Antonio Caama\u00f1o V\u00e9lez, al aceptar la distinci\u00f3n a su progenitor, ley\u00f3 un documento, en el cual transcribi\u00f3 las razones que motivaron a su padre a pertenecer al PRM, convirti\u00e9ndose en el primer partido, en el cual militaba.<\/span><\/p>\n<\/p>\n<p>Dijo que el PRM asum\u00eda el PRM, tiene la oportunidad de ganarse el derecho de aspirar a mejorar la democracia nacional, pero primero tiene que garantizar y demostrar que es capaz de hacerlo, garantizando la democracia interna.<\/p>\n<\/p>\n<p>\u00abCon el ejercicio de una democracia transparente y participativa, el PRM honra la memoria de mi padre y de la mayor\u00eda de los ciudadanos que luchamos, como \u00e9l, por un pa\u00eds decente y al servicio de los mejores intereses de sus ciudadanos\u00bb.<\/p>\n<\/p>\n<p>Fuente: Andr\u00e9s Matos<\/p>\n<h6> 2017-11-20 19:17:14 <\/h6>\n<p><!--\n<link rel=\"stylesheet\" href=\"css\/bootstrap.min.css\">\n\n\n<ul class=\"pagination\">\n\t    \n\t\n\n<li >\n\t<a href='?page_no=7108'>Previous<\/a>\n\t<\/li>\n\n\n       \n    \n\n<li><a href='?page_no=1'>1<\/a><\/li>\n\n\n\n<li><a href='?page_no=2'>2<\/a><\/li>\n\n\n\n<li><a>...<\/a><\/li>\n\n\n\n<li><a href='?page_no=7107'>7107<\/a><\/li>\n\n\n\n<li><a href='?page_no=7108'>7108<\/a><\/li>\n\n\n\n<li class='active'><a>7109<\/a><\/li>\n\n\n\n<li><a href='?page_no=7110'>7110<\/a><\/li>\n\n\n\n<li><a href='?page_no=7111'>7111<\/a><\/li>\n\n\n\n<li><a>...<\/a><\/li>\n\n\n\n<li><a href='?page_no=36999'>36999<\/a><\/li>\n\n\n\n<li><a href='?page_no=37000'>37000<\/a><\/li>\n\n    \n\t\n\n<li >\n\t<a href='?page_no=7110'>Next<\/a>\n\t<\/li>\n\n\n    \n\n<li><a href='?page_no=37000'>Last &rsaquo;&rsaquo;<\/a><\/li>\n\n<\/ul>\n\n\n--><br \/>\n<\/body><\/p>\n","protected":false},"excerpt":{"rendered":"<p>Santo Domingo, R. D., 20 de noviembre, 2017.- El Partido Revolucionario Moderno (PRM) inform\u00f3 que su 1ra. Convenci\u00f3n Nacional Ordinaria fue designada con el nombre de Claudio Caama\u00f1o Grull\u00f3n, en honor a que esta fue la primera y \u00fanica organizaci\u00f3n pol\u00edtica partidista que el extinto patriota escogiera para militar y luchar en un partido por [&hellip;]<\/p>\n","protected":false},"author":3,"featured_media":0,"comment_status":"open","ping_status":"open","sticky":false,"template":"","format":"standard","meta":{"footnotes":""},"categories":[22],"tags":[],"class_list":["post-171844","post","type-post","status-publish","format-standard","hentry","category-politica"],"_links":{"self":[{"href":"https:\/\/diariodominicano.com\/index.php?rest_route=\/wp\/v2\/posts\/171844","targetHints":{"allow":["GET"]}}],"collection":[{"href":"https:\/\/diariodominicano.com\/index.php?rest_route=\/wp\/v2\/posts"}],"about":[{"href":"https:\/\/diariodominicano.com\/index.php?rest_route=\/wp\/v2\/types\/post"}],"author":[{"embeddable":true,"href":"https:\/\/diariodominicano.com\/index.php?rest_route=\/wp\/v2\/users\/3"}],"replies":[{"embeddable":true,"href":"https:\/\/diariodominicano.com\/index.php?rest_route=%2Fwp%2Fv2%2Fcomments&post=171844"}],"version-history":[{"count":0,"href":"https:\/\/diariodominicano.com\/index.php?rest_route=\/wp\/v2\/posts\/171844\/revisions"}],"wp:attachment":[{"href":"https:\/\/diariodominicano.com\/index.php?rest_route=%2Fwp%2Fv2%2Fmedia&parent=171844"}],"wp:term":[{"taxonomy":"category","embeddable":true,"href":"https:\/\/diariodominicano.com\/index.php?rest_route=%2Fwp%2Fv2%2Fcategories&post=171844"},{"taxonomy":"post_tag","embeddable":true,"href":"https:\/\/diariodominicano.com\/index.php?rest_route=%2Fwp%2Fv2%2Ftags&post=171844"}],"curies":[{"name":"wp","href":"https:\/\/api.w.org\/{rel}","templated":true}]}}