{"id":171843,"date":"2017-11-20T19:44:35","date_gmt":"2017-11-20T19:44:35","guid":{"rendered":"http:\/\/diariodominicano.ddns.net\/?p=171843"},"modified":"2017-11-20T19:44:35","modified_gmt":"2017-11-20T19:44:35","slug":"elecciones-en-chile-emerge-la-izquierda","status":"publish","type":"post","link":"https:\/\/diariodominicano.com\/?p=171843","title":{"rendered":"Elecciones en Chile: emerge la izquierda"},"content":{"rendered":"<p><body><\/p>\n<p><img decoding=\"async\" src=\"img3\/candidatos_chile.jpg\" \/>  <\/p>\n<p>Pedro Santander<\/p>\n<\/p>\n<p>ALAI-AMLATINA, 20\/11\/2017<\/p>\n<\/p>\n<p>Foto: CELAG<\/p>\n<\/p>\n<p>Las elecciones de este domingo dieron muchas sorpresas. Por lo mismo, cuesta saber por d\u00f3nde comenzar. Tal vez por aquello que m\u00e1s sintetiza las sensaciones que esta elecci\u00f3n deja: la izquierda emerge y la derecha fue frenada.<\/p>\n<\/p>\n<p>Efectivamente, a pesar de que ninguna encuesta lo predijo, el Frente Amplio (FA), liderado por Beatriz S\u00e1nchez, obtuvo el 20,7% de los votos. Las encuestas nunca le dieron m\u00e1s del 10, incluso la m\u00e1s prestigiosa de todas, la del Centro de Estudios P\u00fablicos (CEP) -que los medios y pol\u00edticos usan de or\u00e1culo- habl\u00f3 de un 9%. Se dobl\u00f3 esa cifra. Eso no es todo. El Frente Amplio pas\u00f3 de 3 diputados a 20. Es decir, a una bancada parlamentaria fuerte que puede incidir en un gobierno, cualquiera que fuere, y ya lo sabemos, la pol\u00edtica es fuerza, no s\u00f3lo ideas y discurso.<\/p>\n<\/p>\n<p>En su alocuci\u00f3n al final del d\u00eda Beatriz S\u00e1nchez lo dijo: \u00abquiero ma\u00f1ana una explicaci\u00f3n de las encuestadoras y los medios, si hubieran dicho la verdad tal vez estar\u00edamos en segunda vuelta\u00bb. Falt\u00f3 poco. Alejandro Guillier, el candidato del oficialismo sac\u00f3 1.3 por ciento m\u00e1s y pasa a segunda vuelta, junto con Pi\u00f1era.<\/p>\n<\/p>\n<p>El panorama es incierto. Pi\u00f1era, que ya daba por descontado su triunfo -incluso en primera vuelta seg\u00fan algunos vaticinios- no lleg\u00f3 ni al 40%. Logr\u00f3 un 36.6% que lo deja en una posici\u00f3n incierta de cara a la segunda vuelta, a realizarse el 17 de diciembre.<\/p>\n<\/p>\n<p>Todos los ojos est\u00e1n puestos en el Frente Amplio y en Beatriz S\u00e1nchez. El debate estos d\u00edas se traslada al FA y a la decisi\u00f3n que se tome -apoyar o no a Guillier en diciembre-. Beatriz en su discurso habl\u00f3 de Asamblea Constituyente, el fin a la privatizaci\u00f3n del agua y el sistema privado de pensiones. Ser\u00e1n estos, seguramente, los puntos que se discutir\u00e1n con Guillier.<\/p>\n<\/p>\n<p>Lo que hasta ahora queda claro es que esta elecci\u00f3n signific\u00f3 un viraje a la izquierda y no a la derecha como todos pronosticaban. Es interesante que eso ocurra justamente en Chile, el pa\u00eds m\u00e1s neoliberal del continente, y en medio de una ola reaccionaria restauradora en Am\u00e9rica Latina. Se abre nuevamente una panorama electoral de tres fuerzas, rompiendo el cerco neoliberal del bi-coalicionismo.<\/p>\n<\/p>\n<p>La otra gran sorpresa fue el derrumbe de la Democracia Cristiana. Esta opt\u00f3 por ir sola a la primera vuelta y su candidata, la senadora Carolina Goic, lleg\u00f3 quinta con el 5.8%. El pinochetista declarado Jos\u00e9 Antonio Kast le gan\u00f3 con su 7.9%. Marco Enr\u00edquez Ominami casi empata con Goic con un 5.7%.<\/p>\n<\/p>\n<p>Este dato es de alto impacto. El centro pol\u00edtico era el lugar natural que hegemonizaba la Democracia Cristiana en Chile, desde 1960. Hoy ese lugar est\u00e1 siendo ocupado por otros actores, m\u00e1s laicos y progresistas en lo valorico ? cultural.<\/p>\n<\/p>\n<p>Ser\u00e1 un mes intenso, todo puede ocurrir, nada est\u00e1 escrito, al igual que lo fueron estas elecciones. Si Pi\u00f1era gana en segunda vuelta est\u00e1 en juego quien encabezar\u00e1 la oposici\u00f3n a su gobierno: si la izquierda con el FA o los neoliberales progres con Guillier. Si, por el contrario, Guillier logra imponerse en segunda vuelta, solo ser\u00e1 porque el FA le dio el apoyo. Habr\u00e1 que ver a cambio de qu\u00e9 se hizo eso.<\/p>\n<\/p>\n<p>Fuente: http:\/\/www.celag.org\/elecciones-chile-emerge-la-izquierda\/<\/p>\n<\/p>\n<\/p>\n<p>https:\/\/www.alainet.org\/es\/articulo\/189334<\/p>\n<\/p>\n<p>Del mismo autor<\/p>\n<\/p>\n<p>Elecciones en Chile: emerge la izquierda    20\/11\/2017<\/p>\n<p>Primarias en Chile: la derecha feliz, el centro ausente, la izquierda expectante    04\/07\/2017<\/p>\n<p>Chile: \u00bffin del bipartidismo?    12\/04\/2017<\/p>\n<p>Sharp, los medios y el pensamiento duop\u00f3lico    08\/11\/2016<\/p>\n<p>Debacle del neoliberalismo \u00abprogre\u00bb en Chile    31\/10\/2016<\/p>\n<p>Entre el esc\u00e1ndalo y la abstenci\u00f3n    18\/10\/2016<\/p>\n<p>Los medios: actores pol\u00edticos    06\/10\/2016<\/p>\n<p>Chile en punto de bifurcaci\u00f3n: entre m\u00e1s o menos neoliberalismo    05\/09\/2016<\/p>\n<p>Chile: entre la abstenci\u00f3n, el desencanto y la esperanza    03\/07\/2016<\/p>\n<p>Derechas en el Poder: los casos de Colombia, Per\u00fa y Chile    15\/10\/2015<\/p>\n<h6> 2017-11-20 19:44:35 <\/h6>\n<p><!--\n<link rel=\"stylesheet\" href=\"css\/bootstrap.min.css\">\n\n\n<ul class=\"pagination\">\n\t    \n\t\n\n<li >\n\t<a href='?page_no=7107'>Previous<\/a>\n\t<\/li>\n\n\n       \n    \n\n<li><a href='?page_no=1'>1<\/a><\/li>\n\n\n\n<li><a href='?page_no=2'>2<\/a><\/li>\n\n\n\n<li><a>...<\/a><\/li>\n\n\n\n<li><a href='?page_no=7106'>7106<\/a><\/li>\n\n\n\n<li><a href='?page_no=7107'>7107<\/a><\/li>\n\n\n\n<li class='active'><a>7108<\/a><\/li>\n\n\n\n<li><a href='?page_no=7109'>7109<\/a><\/li>\n\n\n\n<li><a href='?page_no=7110'>7110<\/a><\/li>\n\n\n\n<li><a>...<\/a><\/li>\n\n\n\n<li><a href='?page_no=36999'>36999<\/a><\/li>\n\n\n\n<li><a href='?page_no=37000'>37000<\/a><\/li>\n\n    \n\t\n\n<li >\n\t<a href='?page_no=7109'>Next<\/a>\n\t<\/li>\n\n\n    \n\n<li><a href='?page_no=37000'>Last &rsaquo;&rsaquo;<\/a><\/li>\n\n<\/ul>\n\n\n--><br \/>\n<\/body><\/p>\n","protected":false},"excerpt":{"rendered":"<p>Pedro Santander ALAI-AMLATINA, 20\/11\/2017 Foto: CELAG Las elecciones de este domingo dieron muchas sorpresas. Por lo mismo, cuesta saber por d\u00f3nde comenzar. Tal vez por aquello que m\u00e1s sintetiza las sensaciones que esta elecci\u00f3n deja: la izquierda emerge y la derecha fue frenada. Efectivamente, a pesar de que ninguna encuesta lo predijo, el Frente Amplio [&hellip;]<\/p>\n","protected":false},"author":3,"featured_media":0,"comment_status":"open","ping_status":"open","sticky":false,"template":"","format":"standard","meta":{"footnotes":""},"categories":[22],"tags":[],"class_list":["post-171843","post","type-post","status-publish","format-standard","hentry","category-politica"],"_links":{"self":[{"href":"https:\/\/diariodominicano.com\/index.php?rest_route=\/wp\/v2\/posts\/171843","targetHints":{"allow":["GET"]}}],"collection":[{"href":"https:\/\/diariodominicano.com\/index.php?rest_route=\/wp\/v2\/posts"}],"about":[{"href":"https:\/\/diariodominicano.com\/index.php?rest_route=\/wp\/v2\/types\/post"}],"author":[{"embeddable":true,"href":"https:\/\/diariodominicano.com\/index.php?rest_route=\/wp\/v2\/users\/3"}],"replies":[{"embeddable":true,"href":"https:\/\/diariodominicano.com\/index.php?rest_route=%2Fwp%2Fv2%2Fcomments&post=171843"}],"version-history":[{"count":0,"href":"https:\/\/diariodominicano.com\/index.php?rest_route=\/wp\/v2\/posts\/171843\/revisions"}],"wp:attachment":[{"href":"https:\/\/diariodominicano.com\/index.php?rest_route=%2Fwp%2Fv2%2Fmedia&parent=171843"}],"wp:term":[{"taxonomy":"category","embeddable":true,"href":"https:\/\/diariodominicano.com\/index.php?rest_route=%2Fwp%2Fv2%2Fcategories&post=171843"},{"taxonomy":"post_tag","embeddable":true,"href":"https:\/\/diariodominicano.com\/index.php?rest_route=%2Fwp%2Fv2%2Ftags&post=171843"}],"curies":[{"name":"wp","href":"https:\/\/api.w.org\/{rel}","templated":true}]}}