{"id":171842,"date":"2017-11-20T22:48:17","date_gmt":"2017-11-20T22:48:17","guid":{"rendered":"http:\/\/diariodominicano.ddns.net\/?p=171842"},"modified":"2017-11-20T22:48:17","modified_gmt":"2017-11-20T22:48:17","slug":"cientos-de-ciudadanos-declaran-el-2018-como-el-ano-del-cese-del-gobierno-de-danilo-medina","status":"publish","type":"post","link":"https:\/\/diariodominicano.com\/?p=171842","title":{"rendered":"Cientos de ciudadanos declaran el 2018 como el a\u00f1o del cese del gobierno de Danilo Medina"},"content":{"rendered":"<p><body><\/p>\n<p><img decoding=\"async\" src=\"img3\/ciudadano00.jpg\" \/>  <\/p>\n<p><strong>Distrito Nacional. Rep. Dominicana.<\/strong> Cientos de ciudadanos se reunieron el domingo en la capital dominicana donde dieron a conocer un plan de lucha que se sustenta en un \u00abAcuerdo de la Ciudadan\u00eda\u00bb por la revocaci\u00f3n del mandato de Danilo Medina en el a\u00f1o 2018 y el impulso de un nuevo orden democr\u00e1tico.<\/p>\n<\/p>\n<p>En un sal\u00f3n repleto y desbordado de entusiasmo los ciudadanos, agrupados bajo el slogan \u00abEl pa\u00eds que queremos\u00bb, presentaron una radiograf\u00eda del \u00abpa\u00eds que tenemos\u00bb destacando la desigualdad social y la dictadura de la impunidad como las causas de la infelicidad de la mayor\u00eda de los dominicanos.  <\/p>\n<\/p>\n<p>La exposici\u00f3n principal del evento estuvo a cargo del abogado y pol\u00edtico Bartolom\u00e9 Pujals, quien expuso las principales razones que mueven a los actores all\u00ed reunidos a tomar el camino de la movilizaci\u00f3n ciudadana en un sentido pol\u00edtico.<\/p>\n<p>De acuerdo con Pujals la convocatoria a la movilizaci\u00f3n para salir de la mafia gobernante se fundamenta en el \u00absentimiento\u00bb de la ciudadan\u00eda que viene marchando desde comienzo del a\u00f1o por el fin de la \u00abdictadura de la impunidad\u00bb y el deseo de pertenecer a una comunidad pol\u00edtica. .<\/p>\n<p>\u00abHacemos un ferviente llamado a la unidad del pueblo dominicano para superar la dictadura de la exclusi\u00f3n, la violencia y la impunidad\u00bb exclam\u00f3 el abogado y pol\u00edtico en medio de intensos aplausos de una audiencia compuesta por una notable presencia de j\u00f3venes y mujeres de las diferentes regiones del pa\u00eds. <\/p>\n<p>Pujals refiri\u00f3 la importancia de abandonar la filosof\u00eda de la sobrevivencia y dedicar los mejores esfuerzos a construir un futuro de esperanza. \u00abEstamos aqu\u00ed para convertir la indignaci\u00f3n en fuerza de cambio. Porque el acuerdo social y pol\u00edtico est\u00e1 roto y los t\u00e9rminos en que se suponen descansan nuestra Constituci\u00f3n y nuestras leyes se encuentran incumplidos\u00bb. <\/p>\n<p>Agreg\u00f3 que la construcci\u00f3n del pa\u00eds que queremos solo es posible estableciendo un nuevo orden democr\u00e1tico debido a que, tras largos meses de intento de di\u00e1logo con las instituciones,  los reclamos de justicia no han encontrado o\u00eddos.<\/p>\n<p>Bartolom\u00e9 Pujals enfatiz\u00f3 la relevancia de la movilizaci\u00f3n ciudadana por la revocaci\u00f3n del mandato ilegal del presidente Medina, la activaci\u00f3n del poder constituyente y la celebraci\u00f3n de elecciones libres y equitativas sin la amenaza de una nueva reelecci\u00f3n apoyada en los recursos p\u00fablicos y la corrupci\u00f3n. <\/p>\n<p>La herramienta para la consecuci\u00f3n de los objetivos del plan es de acuerdo con Pujals un \u00abacuerdo\u00bb de todas las fuerzas sociales y pol\u00edticas que luchan por el cambio democr\u00e1tico. \u00abEl camino no ser\u00e1 f\u00e1cil, pero s\u00ed posible\u00bb, apostill\u00f3.<\/p>\n<p>Auto-organizaci\u00f3n pol\u00edtica de la ciudadan\u00eda <\/p>\n<p>En el encuentro tambi\u00e9n habl\u00f3 la economista Lety Melgen, quien puso de relieve los abusos de poder, las desigualdades y la inseguridad como resultado de un r\u00e9gimen de impunidad que privilegia y beneficia a las \u00e9lites pol\u00edticas, empresariales y religiosas. <\/p>\n<p>Melgen propuso la auto-organizaci\u00f3n pol\u00edtica de la ciudadan\u00eda con el prop\u00f3sito de \u00abenfrentar las mafias enquistadas en el Estado\u00bb como \u00fanica forma de revertir el r\u00e9gimen de impunidad impuesto. <\/p>\n<p>\u00abEstamos aqu\u00ed como ciudadanos agrupados pol\u00edticamente para construir una democracia plural, en la que todas y todos podamos disfrutar de las mismas libertades y derechos\u00bb, indic\u00f3 Melgen al destacar la importancia de construir una herramienta pol\u00edtica ciudadana que no solo sirva a la gente para luchar por sus derechos sino que tambi\u00e9n se oriente a la conquista del poder. <\/p>\n<p>Manifest\u00f3 que las desigualdades est\u00e1n en la ra\u00edz de la impunidad y la injusticia. \u00abLa principal forma de corrupci\u00f3n es la desigualdad econ\u00f3mica y social en que vivimos los dominicanos\u00bb, dijo.<\/p>\n<p>El acto dur\u00f3 una hora y quince minutos y concluy\u00f3 con un gran derroche de alegr\u00eda y el compromiso de los presentes de generalizar y profundizar la lucha ciudadana por el pa\u00eds que queremos. <\/p>\n<p>La actividad fue introducida por Virginia \u00c1lvarez con una reflexi\u00f3n en forma de preguntas a los participantes acerca de los da\u00f1os individuales y sociales provocados por la corrupci\u00f3n y la impunidad. <\/p>\n<p>Adem\u00e1s del Distrito Nacional al evento asistieron delegaciones de Santiago, Mao, San Francisco, Cotui, San Pedro, La Romana, Bani, Azua, Barahona, entre otros municipios. (Alfonso Torres)<\/p>\n<p>20 noviembre 2017.<\/p>\n<h6> 2017-11-20 22:48:17 <\/h6>\n<p><!--\n<link rel=\"stylesheet\" href=\"css\/bootstrap.min.css\">\n\n\n<ul class=\"pagination\">\n\t    \n\t\n\n<li >\n\t<a href='?page_no=7106'>Previous<\/a>\n\t<\/li>\n\n\n       \n    \n\n<li><a href='?page_no=1'>1<\/a><\/li>\n\n\n\n<li><a href='?page_no=2'>2<\/a><\/li>\n\n\n\n<li><a>...<\/a><\/li>\n\n\n\n<li><a href='?page_no=7105'>7105<\/a><\/li>\n\n\n\n<li><a href='?page_no=7106'>7106<\/a><\/li>\n\n\n\n<li class='active'><a>7107<\/a><\/li>\n\n\n\n<li><a href='?page_no=7108'>7108<\/a><\/li>\n\n\n\n<li><a href='?page_no=7109'>7109<\/a><\/li>\n\n\n\n<li><a>...<\/a><\/li>\n\n\n\n<li><a href='?page_no=36999'>36999<\/a><\/li>\n\n\n\n<li><a href='?page_no=37000'>37000<\/a><\/li>\n\n    \n\t\n\n<li >\n\t<a href='?page_no=7108'>Next<\/a>\n\t<\/li>\n\n\n    \n\n<li><a href='?page_no=37000'>Last &rsaquo;&rsaquo;<\/a><\/li>\n\n<\/ul>\n\n\n--><br \/>\n<\/body><\/p>\n","protected":false},"excerpt":{"rendered":"<p>Distrito Nacional. Rep. Dominicana. Cientos de ciudadanos se reunieron el domingo en la capital dominicana donde dieron a conocer un plan de lucha que se sustenta en un \u00abAcuerdo de la Ciudadan\u00eda\u00bb por la revocaci\u00f3n del mandato de Danilo Medina en el a\u00f1o 2018 y el impulso de un nuevo orden democr\u00e1tico. En un sal\u00f3n [&hellip;]<\/p>\n","protected":false},"author":3,"featured_media":0,"comment_status":"open","ping_status":"open","sticky":false,"template":"","format":"standard","meta":{"footnotes":""},"categories":[22],"tags":[],"class_list":["post-171842","post","type-post","status-publish","format-standard","hentry","category-politica"],"_links":{"self":[{"href":"https:\/\/diariodominicano.com\/index.php?rest_route=\/wp\/v2\/posts\/171842","targetHints":{"allow":["GET"]}}],"collection":[{"href":"https:\/\/diariodominicano.com\/index.php?rest_route=\/wp\/v2\/posts"}],"about":[{"href":"https:\/\/diariodominicano.com\/index.php?rest_route=\/wp\/v2\/types\/post"}],"author":[{"embeddable":true,"href":"https:\/\/diariodominicano.com\/index.php?rest_route=\/wp\/v2\/users\/3"}],"replies":[{"embeddable":true,"href":"https:\/\/diariodominicano.com\/index.php?rest_route=%2Fwp%2Fv2%2Fcomments&post=171842"}],"version-history":[{"count":0,"href":"https:\/\/diariodominicano.com\/index.php?rest_route=\/wp\/v2\/posts\/171842\/revisions"}],"wp:attachment":[{"href":"https:\/\/diariodominicano.com\/index.php?rest_route=%2Fwp%2Fv2%2Fmedia&parent=171842"}],"wp:term":[{"taxonomy":"category","embeddable":true,"href":"https:\/\/diariodominicano.com\/index.php?rest_route=%2Fwp%2Fv2%2Fcategories&post=171842"},{"taxonomy":"post_tag","embeddable":true,"href":"https:\/\/diariodominicano.com\/index.php?rest_route=%2Fwp%2Fv2%2Ftags&post=171842"}],"curies":[{"name":"wp","href":"https:\/\/api.w.org\/{rel}","templated":true}]}}