{"id":171841,"date":"2017-11-20T23:26:54","date_gmt":"2017-11-20T23:26:54","guid":{"rendered":"http:\/\/diariodominicano.ddns.net\/?p=171841"},"modified":"2017-11-20T23:26:54","modified_gmt":"2017-11-20T23:26:54","slug":"mpd-anuncia-homenaje-postumo-al-activista-diomedes-nunez-genao-fallecido-en-ny","status":"publish","type":"post","link":"https:\/\/diariodominicano.com\/?p=171841","title":{"rendered":"&#13;MPD anuncia homenaje p\u00f3stumo al activista Di\u00f3medes N\u00fa\u00f1ez Genao fallecido en NY"},"content":{"rendered":"<p><body><\/p>\n<p><img decoding=\"async\" src=\"img3\/diomedes2.jpg\" \/><br \/><img decoding=\"async\" src=\"http:\/\/localhost:8080\/img3\/oscar%20nu%C3%83%C2%B1ez0.jpg\" \/><br \/><img decoding=\"async\" src=\"img3\/diomedes00.jpg\" \/>  <\/p>\n<p><strong><span class=\"text1noticias\">Fotograf\u00edas de Di\u00f3medes -Oscar- N\u00fa\u00f1ez Genao suministradas a Diariodominicano.com por el Movimiento Popular Dominicano (MPD)<\/span><\/strong><\/p>\n<\/p>\n<p><strong><span class=\"text1noticias\">SANTIAGO, RD, 20 de noviembre de 2017.-<\/span><\/strong><span class=\"text1noticias\"> El Movimiento Popular Dominicano (MPD) inform\u00f3 este lunes que los restos de Di\u00f3medes N\u00fa\u00f1ez Genao, exdirigente emepede\u00edsta y activista comunitario fallecido en Nueva York el pasado 15 de noviembre, ser\u00e1n tra\u00eddos  desde los Estados Unidos a su pueblo natal este martes 21 y ser\u00e1n expuestos en la funeraria situada entre las calles Santa Ana y Arturo Bison\u00f3, pr\u00f3ximo al parque municipal de Navarrete, hasta las 11:00 de la ma\u00f1ana del mi\u00e9rcoles.<\/span><\/p>\n<\/p>\n<p><span class=\"text1noticias\">La informaci\u00f3n la ofreci\u00f3 Fernando Hern\u00e1ndez, vocero nacional del MPD, quien dijo que a Oscar o Esteban, como le llamaban sus compa\u00f1eros de lucha a N\u00fa\u00f1ez Genao, le realizar\u00e1n un acto?homenaje a las 11:00 A.M. del mi\u00e9rcoles 22, en la plazoleta del ayuntamiento de Navarrete<\/span><\/p>\n<\/p>\n<p><span class=\"text1noticias\">Indic\u00f3 que, luego del acto, los restos de Oscar N\u00fa\u00f1ez ser\u00e1n llevados al club Juan Pablo Duarte, en el sector del mismo nombre, entrando por la calle \u00d1ico Lora, posteriormente ser\u00e1 pasado por el liceo Pedro Mar\u00eda Espaillat, donde realiz\u00f3 sus estudios secundarios, y finalmente a su casa familiar, antes de ser llevados al cementerio municipal, a su \u00faltima morada f\u00edsica.<\/span><\/p>\n<\/p>\n<p><span class=\"text1noticias\">Dijo que N\u00fa\u00f1ez Genao fue destacado dirigente del Frente Estudiantil de Liberaci\u00f3n Am\u00edn Abel (FELABEL) y miembro del comit\u00e9 central del MPD hasta que emigr\u00f3 a Nueva York. Aunque se desvincul\u00f3 org\u00e1nicamente del MPD, no perdi\u00f3 su perspectiva revolucionaria ni abandon\u00f3 sus principios, por lo que se mantuvo siempre vinculado a las mejores causas en la gran urbe y atento a los procesos de lucha en la Rep\u00fablica Dominicana.<\/span><\/p>\n<\/p>\n<p><span class=\"text1noticias\">\u00abLos muertos son tales cuando los vivos dejamos de recordarlos. Esteban, combatiente de mil batallas, jam\u00e1s ser\u00e1 olvidado, y por ello vivir\u00e1 por siempre dondequiera que est\u00e9n las mejores causas, en todas las trincheras de la dignidad, por la justicia y la libertad.  Nos deja un legado imperecedero. El dolor jam\u00e1s podr\u00e1 borrar el compromiso entre los verdaderos revolucionarios\u00bb, manifest\u00f3 Fernando Hern\u00e1ndez.<\/span><\/p>\n<\/p>\n<p><span class=\"text1noticias\">Y a\u00f1adi\u00f3: \u00abLa ca\u00edda de un revolucionario de tan limpia estirpe, forjado en la fragua de la lucha popular y revolucionaria, supone mucho mayor carga para quienes le sobrevivimos y queremos que su ejemplo se eternice.  Gloria eterna a este ejemplar combatiente revolucionario de Navarrete, del pueblo dominicano y del Mundo\u00bb.<\/span><\/p>\n<\/p>\n<p><span class=\"text1noticias\">Diomedes N\u00fa\u00f1ez de 57 a\u00f1os de edad, falleci\u00f3 en el hospital \u00abMonte Calvario\u00bb del condado del Bronx, Nueva York, tras batallar contra un c\u00e1ncer que finalmente termin\u00f3 con su vida a temprana edad, le sobreviven cinco hijos.<\/span><\/p>\n<\/p>\n<\/p>\n<\/p>\n<h6> 2017-11-20 23:26:54 <\/h6>\n<p><!--\n<link rel=\"stylesheet\" href=\"css\/bootstrap.min.css\">\n\n\n<ul class=\"pagination\">\n\t    \n\t\n\n<li >\n\t<a href='?page_no=7105'>Previous<\/a>\n\t<\/li>\n\n\n       \n    \n\n<li><a href='?page_no=1'>1<\/a><\/li>\n\n\n\n<li><a href='?page_no=2'>2<\/a><\/li>\n\n\n\n<li><a>...<\/a><\/li>\n\n\n\n<li><a href='?page_no=7104'>7104<\/a><\/li>\n\n\n\n<li><a href='?page_no=7105'>7105<\/a><\/li>\n\n\n\n<li class='active'><a>7106<\/a><\/li>\n\n\n\n<li><a href='?page_no=7107'>7107<\/a><\/li>\n\n\n\n<li><a href='?page_no=7108'>7108<\/a><\/li>\n\n\n\n<li><a>...<\/a><\/li>\n\n\n\n<li><a href='?page_no=36999'>36999<\/a><\/li>\n\n\n\n<li><a href='?page_no=37000'>37000<\/a><\/li>\n\n    \n\t\n\n<li >\n\t<a href='?page_no=7107'>Next<\/a>\n\t<\/li>\n\n\n    \n\n<li><a href='?page_no=37000'>Last &rsaquo;&rsaquo;<\/a><\/li>\n\n<\/ul>\n\n\n--><br \/>\n<\/body><\/p>\n","protected":false},"excerpt":{"rendered":"<p>Fotograf\u00edas de Di\u00f3medes -Oscar- N\u00fa\u00f1ez Genao suministradas a Diariodominicano.com por el Movimiento Popular Dominicano (MPD) SANTIAGO, RD, 20 de noviembre de 2017.- El Movimiento Popular Dominicano (MPD) inform\u00f3 este lunes que los restos de Di\u00f3medes N\u00fa\u00f1ez Genao, exdirigente emepede\u00edsta y activista comunitario fallecido en Nueva York el pasado 15 de noviembre, ser\u00e1n tra\u00eddos desde los [&hellip;]<\/p>\n","protected":false},"author":3,"featured_media":0,"comment_status":"open","ping_status":"open","sticky":false,"template":"","format":"standard","meta":{"footnotes":""},"categories":[22],"tags":[],"class_list":["post-171841","post","type-post","status-publish","format-standard","hentry","category-politica"],"_links":{"self":[{"href":"https:\/\/diariodominicano.com\/index.php?rest_route=\/wp\/v2\/posts\/171841","targetHints":{"allow":["GET"]}}],"collection":[{"href":"https:\/\/diariodominicano.com\/index.php?rest_route=\/wp\/v2\/posts"}],"about":[{"href":"https:\/\/diariodominicano.com\/index.php?rest_route=\/wp\/v2\/types\/post"}],"author":[{"embeddable":true,"href":"https:\/\/diariodominicano.com\/index.php?rest_route=\/wp\/v2\/users\/3"}],"replies":[{"embeddable":true,"href":"https:\/\/diariodominicano.com\/index.php?rest_route=%2Fwp%2Fv2%2Fcomments&post=171841"}],"version-history":[{"count":0,"href":"https:\/\/diariodominicano.com\/index.php?rest_route=\/wp\/v2\/posts\/171841\/revisions"}],"wp:attachment":[{"href":"https:\/\/diariodominicano.com\/index.php?rest_route=%2Fwp%2Fv2%2Fmedia&parent=171841"}],"wp:term":[{"taxonomy":"category","embeddable":true,"href":"https:\/\/diariodominicano.com\/index.php?rest_route=%2Fwp%2Fv2%2Fcategories&post=171841"},{"taxonomy":"post_tag","embeddable":true,"href":"https:\/\/diariodominicano.com\/index.php?rest_route=%2Fwp%2Fv2%2Ftags&post=171841"}],"curies":[{"name":"wp","href":"https:\/\/api.w.org\/{rel}","templated":true}]}}