{"id":171840,"date":"2017-11-20T23:42:42","date_gmt":"2017-11-20T23:42:42","guid":{"rendered":"http:\/\/diariodominicano.ddns.net\/?p=171840"},"modified":"2017-11-20T23:42:42","modified_gmt":"2017-11-20T23:42:42","slug":"ecos-desde-europa-del-encuentro-continental-de-montevideo","status":"publish","type":"post","link":"https:\/\/diariodominicano.com\/?p=171840","title":{"rendered":"Ecos desde Europa del Encuentro Continental de Montevideo"},"content":{"rendered":"<p><body><\/p>\n<p><img decoding=\"async\" src=\"img3\/Celia Alldridge.jpg\" \/><br \/><img decoding=\"async\" src=\"img3\/Jornada latinoamericana foto de  Resumen Latinoamericano.jpg\" \/><br \/><img decoding=\"async\" src=\"img3\/Jornada continental Montevideo  noviembre 2017.jpg\" \/>  <\/p>\n<p><strong>Entrevista con Celia Alldridge, del Secretariado Internacional de Amigos de la Tierra Internacional<\/strong><\/p>\n<\/p>\n<p><strong>Sergio Ferrari, desde Berna, Suiza<\/strong><\/p>\n<\/p>\n<p>Apenas concluido el Encuentro Continental por la Democracia y contra el Neoliberalismo del 16 al 18 de noviembre en Montevideo, surge el momento del balance. \u00abFueron tres d\u00edas muy importantes de movilizaci\u00f3n en las calles, debate pol\u00edtico profundo, construcci\u00f3n de convergencias, reflexi\u00f3n, intercambio y definici\u00f3n de una agenda futura com\u00fan hacia 2018, para fortalecer la lucha contra el neoliberalismo y por la democracia\u00bb, subraya Celia Alldridge, del Secretariado Internacional de Amigos de la Tierra Internacional, con sede en Holanda, y militante de la Marcha Mundial de las Mujeres (MMM). Alldridge eval\u00faa desde \u00c1msterdam los aspectos m\u00e1s positivos de la convocatoria uruguaya pocas horas despu\u00e9s de haber regresado de la capital sudamericana.<\/p>\n<\/p>\n<p>Como el principal momento de movilizaci\u00f3n de 2018 de la Jornada Continental por la Democracia y contra el Neoliberalismo, el Encuentro reuni\u00f3 m\u00e1s de 3 mil representantes de todo el continente, desde Estados Unidos hasta Argentina. Entre las organizaciones promotoras se encuentran la Confederaci\u00f3n Sindical de las Am\u00e9ricas (CSA) ? con muchos de sus miembros nacionales &#8211; , la CLOC &#8211; V\u00eda Campesina, la Marcha Mundial de las Mujeres, Jubileo Sur, la Campa\u00f1a para Desmantelar el Poder de las Trasnacionales y Amigos de la Tierra Am\u00e9rica Latina y el Caribe (ATALC).<\/p>\n<\/p>\n<p>La Jornada naci\u00f3 en una reuni\u00f3n de noviembre de 2015 en La Habana. Se celebraban entonces los diez a\u00f1os de la derrota del ALCA (\u00c1rea de Libre Comercio de las Am\u00e9ricas) en la cumbre de los pueblos de Mar del Plata, Argentina.<\/p>\n<\/p>\n<p>Los debates de Montevideo, explica Alldridge, se centraron en cuatro ejes considerados claves en la confrontaci\u00f3n anti-sist\u00e9mica en el continente: la lucha contra el libre comercio, sus herramientas institucionales y contra toda la arquitectura de la impunidad; el combate contra las transnacionales como agentes principales -con la complicidad de muchos Estados- en la explotaci\u00f3n de los pueblos y saqueos de los territorios. Adem\u00e1s, la reflexi\u00f3n sobre la defensa de la democracia y la soberan\u00eda de los pueblos; y la integraci\u00f3n de los mismos. \u00abA los que se incluyeron dos tem\u00e1ticas transversales: el ambientalismo y el feminismo popular, construido desde la base por trabajadoras del campo y de la ciudad y que va de la mano del combate antirracista, anti patriarcal, anticolonialista\u00bb, enfatiza.<\/p>\n<\/p>\n<p>La reflexi\u00f3n en torno del eje sobre \u00abla soberan\u00eda de los pueblos y la democracia participativa que queremos en tanto pueblos, constituy\u00f3 un punto toral de la convocatoria uruguaya\u00bb, explica la militante. Con el an\u00e1lisis de fondo, completa, de los sistem\u00e1ticos ataques a la democracia continental por parte de la nueva contraofensiva neoliberal que se expresa en los golpes en Honduras (2009) y Paraguay (2012); en el golpe institucional del 2016 en Brasil; y en la tentativa de golpe reaccionario en Venezuela.<\/p>\n<\/p>\n<p>Para Alldridge, que durante varios a\u00f1os hizo parte del Secretariado Internacional de la Marcha Mundial de las Mujeres en San Pablo y fue coordinadora de la ONG suiza de cooperaci\u00f3n solidaria E-CHANGER en Brasil, el encuentro de Montevideo tambi\u00e9n fue un momento de reafirmaci\u00f3n de la importancia de tomar permanentemente las calles, como espacio de disputa. Al mejor estilo de la batucada feminista de la MMM que anim\u00f3 activamente la convocatoria con canciones y slogans de resistencia. \u00abOcupar el espacio p\u00fablico significa alimentar nuestra convivencia socio-pol\u00edtica y definir un marco claro para construir alternativas colectivas, en particular para nosotras mujeres, hist\u00f3ricamente confinadas a la esfera privada por el modelo patriarcal\u00bb.<\/p>\n<\/p>\n<p>\u00abLos principios de solidaridad, internacionalismo y unidad entre los pueblos y procesos de lucha estuvieron permanentemente presentes durante los debates del Encuentro Continental\u00bb, enfatiza Alldridge quien reivindica la importancia de la Declaraci\u00f3n Final con 29 puntos de an\u00e1lisis y acci\u00f3n sobre la situaci\u00f3n geopol\u00edtica internacional, continental y respuestas populares. (https:\/\/seguimosenlucha.wordpress.com\/2017\/11\/19\/declaracion-final-encuentro-continental-por-la-democracia-y-contra-el-neoliberalismo\/).<\/p>\n<\/p>\n<p>La misma, incluye tambi\u00e9n las principales acciones unitarias previstas para los pr\u00f3ximos meses. La m\u00e1s cercana, la movilizaci\u00f3n de repudio a la Cumbre ministerial de la Organizaci\u00f3n Mundial del Comercio (OMC) en Buenos Aires que se realizar\u00e1 entre el 10 y el 13 de diciembre. Para 2018, ser\u00e1n clave las movilizaciones del 8 de marzo por el D\u00eda Internacional de lucha de las mujeres; el Foro Alternativo del Agua de Brasilia, Brasil, en el mismo mes; las jornadas del 1ero de mayo; la denuncia de la Cumbre de las Am\u00e9ricas de junio en Lima, Per\u00fa; la movilizaci\u00f3n contra el G20 en Argentina en el segundo semestre del a\u00f1o pr\u00f3ximo, as\u00ed como movilizaciones nacionales entre el 19 y el 25 de noviembre reivindicando y actualizando los acuerdos de Montevideo.<\/p>\n<\/p>\n<p>El Encuentro Continental de Montevideo \u00abreafirm\u00f3 la necesidad de la integraci\u00f3n popular de las Am\u00e9ricas y la convicci\u00f3n de que solo con esa articulaci\u00f3n y convergencia se podr\u00e1 construir un verdadero enfrentamiento al modelo neoliberal, patriarcal, racista e imperialista\u00bb, concluye la militante feminista.<\/p>\n<\/p>\n<p>Foto de la marcha en Montevideo : Resumen Latinoamericano<\/p>\n<h6> 2017-11-20 23:42:42 <\/h6>\n<p><!--\n<link rel=\"stylesheet\" href=\"css\/bootstrap.min.css\">\n\n\n<ul class=\"pagination\">\n\t    \n\t\n\n<li >\n\t<a href='?page_no=7104'>Previous<\/a>\n\t<\/li>\n\n\n       \n    \n\n<li><a href='?page_no=1'>1<\/a><\/li>\n\n\n\n<li><a href='?page_no=2'>2<\/a><\/li>\n\n\n\n<li><a>...<\/a><\/li>\n\n\n\n<li><a href='?page_no=7103'>7103<\/a><\/li>\n\n\n\n<li><a href='?page_no=7104'>7104<\/a><\/li>\n\n\n\n<li class='active'><a>7105<\/a><\/li>\n\n\n\n<li><a href='?page_no=7106'>7106<\/a><\/li>\n\n\n\n<li><a href='?page_no=7107'>7107<\/a><\/li>\n\n\n\n<li><a>...<\/a><\/li>\n\n\n\n<li><a href='?page_no=36999'>36999<\/a><\/li>\n\n\n\n<li><a href='?page_no=37000'>37000<\/a><\/li>\n\n    \n\t\n\n<li >\n\t<a href='?page_no=7106'>Next<\/a>\n\t<\/li>\n\n\n    \n\n<li><a href='?page_no=37000'>Last &rsaquo;&rsaquo;<\/a><\/li>\n\n<\/ul>\n\n\n--><br \/>\n<\/body><\/p>\n","protected":false},"excerpt":{"rendered":"<p>Entrevista con Celia Alldridge, del Secretariado Internacional de Amigos de la Tierra Internacional Sergio Ferrari, desde Berna, Suiza Apenas concluido el Encuentro Continental por la Democracia y contra el Neoliberalismo del 16 al 18 de noviembre en Montevideo, surge el momento del balance. \u00abFueron tres d\u00edas muy importantes de movilizaci\u00f3n en las calles, debate pol\u00edtico [&hellip;]<\/p>\n","protected":false},"author":3,"featured_media":0,"comment_status":"open","ping_status":"open","sticky":false,"template":"","format":"standard","meta":{"footnotes":""},"categories":[22],"tags":[],"class_list":["post-171840","post","type-post","status-publish","format-standard","hentry","category-politica"],"_links":{"self":[{"href":"https:\/\/diariodominicano.com\/index.php?rest_route=\/wp\/v2\/posts\/171840","targetHints":{"allow":["GET"]}}],"collection":[{"href":"https:\/\/diariodominicano.com\/index.php?rest_route=\/wp\/v2\/posts"}],"about":[{"href":"https:\/\/diariodominicano.com\/index.php?rest_route=\/wp\/v2\/types\/post"}],"author":[{"embeddable":true,"href":"https:\/\/diariodominicano.com\/index.php?rest_route=\/wp\/v2\/users\/3"}],"replies":[{"embeddable":true,"href":"https:\/\/diariodominicano.com\/index.php?rest_route=%2Fwp%2Fv2%2Fcomments&post=171840"}],"version-history":[{"count":0,"href":"https:\/\/diariodominicano.com\/index.php?rest_route=\/wp\/v2\/posts\/171840\/revisions"}],"wp:attachment":[{"href":"https:\/\/diariodominicano.com\/index.php?rest_route=%2Fwp%2Fv2%2Fmedia&parent=171840"}],"wp:term":[{"taxonomy":"category","embeddable":true,"href":"https:\/\/diariodominicano.com\/index.php?rest_route=%2Fwp%2Fv2%2Fcategories&post=171840"},{"taxonomy":"post_tag","embeddable":true,"href":"https:\/\/diariodominicano.com\/index.php?rest_route=%2Fwp%2Fv2%2Ftags&post=171840"}],"curies":[{"name":"wp","href":"https:\/\/api.w.org\/{rel}","templated":true}]}}