{"id":171839,"date":"2017-11-21T10:42:47","date_gmt":"2017-11-21T10:42:47","guid":{"rendered":"http:\/\/diariodominicano.ddns.net\/?p=171839"},"modified":"2017-11-21T10:42:47","modified_gmt":"2017-11-21T10:42:47","slug":"participacion-comunitaria-del-pld-organiza-acto-con-frentes-comunitarios","status":"publish","type":"post","link":"https:\/\/diariodominicano.com\/?p=171839","title":{"rendered":"Participaci\u00f3n Comunitaria  del PLD organiza acto con Frentes Comunitarios"},"content":{"rendered":"<p><body><\/p>\n<p><img decoding=\"async\" src=\"img3\/ElpidoBaez21.jpg\" \/>  <\/p>\n<p><span class=\"text1noticias\">Santo Domingo, R. D., 21 de noviembre, 2017.- El Partido de la Liberaci\u00f3n Dominicana confirm\u00f3 para el pr\u00f3ximo domingo la realizaci\u00f3n de su Foro Comunitario y acto de presentaci\u00f3n  de la directiva de los Frentes Comunitarios y sus voceros provinciales.<\/span><\/p>\n<p><span class=\"text1noticias\"> <\/span><\/p>\n<p><span class=\"text1noticias\">La Secretar\u00eda de Participaci\u00f3n Comunitaria, \u00f3rgano de trabajo del PLD,  organiza este acto programado para iniciar a las diez de la ma\u00f1ana del domingo 26 de noviembre en el Gran Sal\u00f3n Bienvenido Sandoval de la Casa Nacional del PLD en Gascue.<\/span><\/p>\n<p><span class=\"text1noticias\"> <\/span><\/p>\n<p><span class=\"text1noticias\">El titular de la Secretar\u00eda de Participaci\u00f3n Comunitaria, Elpidio B\u00e1ez, ha explicado que los Frentes Comunitarios son  estructuras integradas por trabajadores sociales y comunitarios que asumen  la defensa de las pol\u00edticas sociales que viene implementando el gobierno del PLD presidido por Danilo Medina.<\/span><\/p>\n<p><span class=\"text1noticias\"> <\/span><\/p>\n<p><span class=\"text1noticias\">Dichos frentes  son  enlaces en las comunidades para interceder ante las autoridades para resolver sus  problemas.<\/span><\/p>\n<p><span class=\"text1noticias\"> <\/span><\/p>\n<p><span class=\"text1noticias\">Adelantan los organizadores que la actividad se realizar\u00e1 en dos momentos, primeramente la presentaci\u00f3n de los directivos de los Frentes Comunitarios Provinciales y sus voceros y posteriormente el Foro, que servir\u00e1 de herramienta para el trabajo de los dirigentes comunitarios.<\/span><\/p>\n<p><span class=\"text1noticias\"> <\/span><\/p>\n<p><span class=\"text1noticias\">\u00abSe abordar\u00e1 la tem\u00e1tica del trabajo social y marketing pol\u00edtico, que dotar\u00e1 a los participantes de las t\u00e9cnicas  b\u00e1sicas para potenciar sus habilidades comunicativas y su relaci\u00f3n comunitaria\u00bb, declar\u00f3 B\u00e1ez, seg\u00fan rese\u00f1a de la Secretar\u00eda de Comunicaciones del PLD.<\/span><\/p>\n<p><span class=\"text1noticias\"> <\/span><\/p>\n<p><span class=\"text1noticias\">La invitaci\u00f3n para el Foro del Frente Nacional Comunitario circula tambi\u00e9n por las redes sociales en las que ha encontrado una gran receptividad.<\/span><\/p>\n<p><span class=\"text1noticias\"> <\/span><\/p>\n<p><span class=\"text1noticias\">Fuente: SECRETARIA DE COMUNICACIONES<\/span><\/p>\n<p><span class=\"text1noticias\"> <\/span><\/p>\n<p><span class=\"text1noticias\">21 DE NOVI<\/span>EMBRE, 2017<\/p>\n<h6> 2017-11-21 10:42:47 <\/h6>\n<p><!--\n<link rel=\"stylesheet\" href=\"css\/bootstrap.min.css\">\n\n\n<ul class=\"pagination\">\n\t    \n\t\n\n<li >\n\t<a href='?page_no=7103'>Previous<\/a>\n\t<\/li>\n\n\n       \n    \n\n<li><a href='?page_no=1'>1<\/a><\/li>\n\n\n\n<li><a href='?page_no=2'>2<\/a><\/li>\n\n\n\n<li><a>...<\/a><\/li>\n\n\n\n<li><a href='?page_no=7102'>7102<\/a><\/li>\n\n\n\n<li><a href='?page_no=7103'>7103<\/a><\/li>\n\n\n\n<li class='active'><a>7104<\/a><\/li>\n\n\n\n<li><a href='?page_no=7105'>7105<\/a><\/li>\n\n\n\n<li><a href='?page_no=7106'>7106<\/a><\/li>\n\n\n\n<li><a>...<\/a><\/li>\n\n\n\n<li><a href='?page_no=36999'>36999<\/a><\/li>\n\n\n\n<li><a href='?page_no=37000'>37000<\/a><\/li>\n\n    \n\t\n\n<li >\n\t<a href='?page_no=7105'>Next<\/a>\n\t<\/li>\n\n\n    \n\n<li><a href='?page_no=37000'>Last &rsaquo;&rsaquo;<\/a><\/li>\n\n<\/ul>\n\n\n--><br \/>\n<\/body><\/p>\n","protected":false},"excerpt":{"rendered":"<p>Santo Domingo, R. D., 21 de noviembre, 2017.- El Partido de la Liberaci\u00f3n Dominicana confirm\u00f3 para el pr\u00f3ximo domingo la realizaci\u00f3n de su Foro Comunitario y acto de presentaci\u00f3n de la directiva de los Frentes Comunitarios y sus voceros provinciales. La Secretar\u00eda de Participaci\u00f3n Comunitaria, \u00f3rgano de trabajo del PLD, organiza este acto programado para [&hellip;]<\/p>\n","protected":false},"author":3,"featured_media":0,"comment_status":"open","ping_status":"open","sticky":false,"template":"","format":"standard","meta":{"footnotes":""},"categories":[22],"tags":[],"class_list":["post-171839","post","type-post","status-publish","format-standard","hentry","category-politica"],"_links":{"self":[{"href":"https:\/\/diariodominicano.com\/index.php?rest_route=\/wp\/v2\/posts\/171839","targetHints":{"allow":["GET"]}}],"collection":[{"href":"https:\/\/diariodominicano.com\/index.php?rest_route=\/wp\/v2\/posts"}],"about":[{"href":"https:\/\/diariodominicano.com\/index.php?rest_route=\/wp\/v2\/types\/post"}],"author":[{"embeddable":true,"href":"https:\/\/diariodominicano.com\/index.php?rest_route=\/wp\/v2\/users\/3"}],"replies":[{"embeddable":true,"href":"https:\/\/diariodominicano.com\/index.php?rest_route=%2Fwp%2Fv2%2Fcomments&post=171839"}],"version-history":[{"count":0,"href":"https:\/\/diariodominicano.com\/index.php?rest_route=\/wp\/v2\/posts\/171839\/revisions"}],"wp:attachment":[{"href":"https:\/\/diariodominicano.com\/index.php?rest_route=%2Fwp%2Fv2%2Fmedia&parent=171839"}],"wp:term":[{"taxonomy":"category","embeddable":true,"href":"https:\/\/diariodominicano.com\/index.php?rest_route=%2Fwp%2Fv2%2Fcategories&post=171839"},{"taxonomy":"post_tag","embeddable":true,"href":"https:\/\/diariodominicano.com\/index.php?rest_route=%2Fwp%2Fv2%2Ftags&post=171839"}],"curies":[{"name":"wp","href":"https:\/\/api.w.org\/{rel}","templated":true}]}}