{"id":171836,"date":"2017-11-22T12:45:18","date_gmt":"2017-11-22T12:45:18","guid":{"rendered":"http:\/\/diariodominicano.ddns.net\/?p=171836"},"modified":"2017-11-22T12:45:18","modified_gmt":"2017-11-22T12:45:18","slug":"economista-del-pld-preve-trabas-del-presidente-donald-trump-esta-creando-incertidumbre","status":"publish","type":"post","link":"https:\/\/diariodominicano.com\/?p=171836","title":{"rendered":"Economista del PLD prev\u00e9 trabas del presidente Donald Trump est\u00e1 creando incertidumbre"},"content":{"rendered":"<p><body><\/p>\n<p><img decoding=\"async\" src=\"img3\/heca.jpg\" \/>  <\/p>\n<p>El subsecretario de Asuntos Econ\u00f3micos del Partido de la Liberaci\u00f3n Dominicana, Daris Javier Cuevas, dijo que la orientaci\u00f3n de la pol\u00edtica econ\u00f3mica ejecutada por el presidente de Estados Unidos Donald Trump ha generado todo tipo de dudas e incertidumbre en la econom\u00eda global.<\/p>\n<\/p>\n<p>Javier Cuevas apunt\u00f3 que esta vacilaci\u00f3n ha conllevado a que los m\u00e1s ilustrados conocedores de la ciencia econ\u00f3mica tienen el temor de que se produzca una hecatombe en la econom\u00eda de USA y que la misma impacte en la riqueza mundial.<\/p>\n<\/p>\n<p>\u00abEn esa l\u00ednea de dudas se coloca el premio Nobel de econom\u00eda Joseph Stiglitz quien sostiene que Donald Trump ha lanzado una granada de mano a la arquitectura econ\u00f3mica mundial que se construy\u00f3 tan meticulosamente durante los a\u00f1os posteriores al final de la segunda guerra mundial\u00bb, explica Cuevas en un art\u00edculo publicado en Vanguardia del Pueblo, rese\u00f1ado por la Secretaria de Comunicaciones del PLD.<\/p>\n<\/p>\n<p>Refiere que el profesor Stiglitz es m\u00e1s enf\u00e1tico al sostener que \u00abel intento de destrucci\u00f3n de este sistema basado en reglas de gobernanza mundial es s\u00f3lo la m\u00e1s reciente expresi\u00f3n del ataque que perpetra el presidente de Estados Unidos a nuestro sistema b\u00e1sico de valores e instituciones\u00bb.<\/p>\n<\/p>\n<p>El economista y dirigente pol\u00edtico agrega que \u00abes por tales razones que est\u00e1 convencido que \u00abel mundo est\u00e1 llegando lentamente a admitir de manera plena la malevolencia de la agenda de la administraci\u00f3n Trump\u00bb.<\/p>\n<\/p>\n<p>Se\u00f1ala que como resultado de la nebulosa generada en la econom\u00eda de USA y la desconfianza de los consumidores, el PIB de ese pa\u00eds tan solo creci\u00f3 a un ritmo anual de solo el 0,7 % durante el primer trimestre de 2017, registr\u00e1ndose as\u00ed su peor desempe\u00f1o en los \u00faltimos tres a\u00f1os. \u00abEste dato de crecimiento econ\u00f3mico corresponde a los primeros meses del Gobierno del presidente Trump, el cual estuvo por debajo de los pron\u00f3sticos\u00bb.<\/p>\n<\/p>\n<p>Indica que esto explica el hecho de que el Fondo Monetario Internacional (FMI) haya rebajado las previsiones de crecimiento a un 2,1% en 2017 y 2018, \u00abel cual es una expresi\u00f3n del estancamiento econ\u00f3mico que se ha gestado en la econom\u00eda de ese pa\u00eds fruto de la nueva visi\u00f3n de pol\u00edtica econ\u00f3mica que se ha venido poniendo en marcha\u00bb.<\/p>\n<h6> 2017-11-22 12:45:18 <\/h6>\n<p><!--\n<link rel=\"stylesheet\" href=\"css\/bootstrap.min.css\">\n\n\n<ul class=\"pagination\">\n\t    \n\t\n\n<li >\n\t<a href='?page_no=7100'>Previous<\/a>\n\t<\/li>\n\n\n       \n    \n\n<li><a href='?page_no=1'>1<\/a><\/li>\n\n\n\n<li><a href='?page_no=2'>2<\/a><\/li>\n\n\n\n<li><a>...<\/a><\/li>\n\n\n\n<li><a href='?page_no=7099'>7099<\/a><\/li>\n\n\n\n<li><a href='?page_no=7100'>7100<\/a><\/li>\n\n\n\n<li class='active'><a>7101<\/a><\/li>\n\n\n\n<li><a href='?page_no=7102'>7102<\/a><\/li>\n\n\n\n<li><a href='?page_no=7103'>7103<\/a><\/li>\n\n\n\n<li><a>...<\/a><\/li>\n\n\n\n<li><a href='?page_no=36999'>36999<\/a><\/li>\n\n\n\n<li><a href='?page_no=37000'>37000<\/a><\/li>\n\n    \n\t\n\n<li >\n\t<a href='?page_no=7102'>Next<\/a>\n\t<\/li>\n\n\n    \n\n<li><a href='?page_no=37000'>Last &rsaquo;&rsaquo;<\/a><\/li>\n\n<\/ul>\n\n\n--><br \/>\n<\/body><\/p>\n","protected":false},"excerpt":{"rendered":"<p>El subsecretario de Asuntos Econ\u00f3micos del Partido de la Liberaci\u00f3n Dominicana, Daris Javier Cuevas, dijo que la orientaci\u00f3n de la pol\u00edtica econ\u00f3mica ejecutada por el presidente de Estados Unidos Donald Trump ha generado todo tipo de dudas e incertidumbre en la econom\u00eda global. Javier Cuevas apunt\u00f3 que esta vacilaci\u00f3n ha conllevado a que los m\u00e1s [&hellip;]<\/p>\n","protected":false},"author":3,"featured_media":0,"comment_status":"open","ping_status":"open","sticky":false,"template":"","format":"standard","meta":{"footnotes":""},"categories":[22],"tags":[],"class_list":["post-171836","post","type-post","status-publish","format-standard","hentry","category-politica"],"_links":{"self":[{"href":"https:\/\/diariodominicano.com\/index.php?rest_route=\/wp\/v2\/posts\/171836","targetHints":{"allow":["GET"]}}],"collection":[{"href":"https:\/\/diariodominicano.com\/index.php?rest_route=\/wp\/v2\/posts"}],"about":[{"href":"https:\/\/diariodominicano.com\/index.php?rest_route=\/wp\/v2\/types\/post"}],"author":[{"embeddable":true,"href":"https:\/\/diariodominicano.com\/index.php?rest_route=\/wp\/v2\/users\/3"}],"replies":[{"embeddable":true,"href":"https:\/\/diariodominicano.com\/index.php?rest_route=%2Fwp%2Fv2%2Fcomments&post=171836"}],"version-history":[{"count":0,"href":"https:\/\/diariodominicano.com\/index.php?rest_route=\/wp\/v2\/posts\/171836\/revisions"}],"wp:attachment":[{"href":"https:\/\/diariodominicano.com\/index.php?rest_route=%2Fwp%2Fv2%2Fmedia&parent=171836"}],"wp:term":[{"taxonomy":"category","embeddable":true,"href":"https:\/\/diariodominicano.com\/index.php?rest_route=%2Fwp%2Fv2%2Fcategories&post=171836"},{"taxonomy":"post_tag","embeddable":true,"href":"https:\/\/diariodominicano.com\/index.php?rest_route=%2Fwp%2Fv2%2Ftags&post=171836"}],"curies":[{"name":"wp","href":"https:\/\/api.w.org\/{rel}","templated":true}]}}