{"id":171835,"date":"2017-11-22T12:57:27","date_gmt":"2017-11-22T12:57:27","guid":{"rendered":"http:\/\/diariodominicano.ddns.net\/?p=171835"},"modified":"2017-11-22T12:57:27","modified_gmt":"2017-11-22T12:57:27","slug":"minou-participara-en-14-encuentro-feminista-latinoamericano-y-del-caribe-en-uruguay","status":"publish","type":"post","link":"https:\/\/diariodominicano.com\/?p=171835","title":{"rendered":"Minou participar\u00e1 en 14\u00b0 Encuentro Feminista Latinoamericano y del Caribe en Uruguay"},"content":{"rendered":"<p><body><\/p>\n<p><img decoding=\"async\" src=\"img3\/minou.jpg\" \/>  <\/p>\n<p>La dirigente pol\u00edtica ser\u00e1 la \u00fanica oradora en el acto de culminaci\u00f3n del importante evento<\/p>\n<\/p>\n<p>La presidenta del partido Opci\u00f3n Democr\u00e1tica, Minou Tav\u00e1rez Mirabal, viajar\u00e1 este mi\u00e9rcoles a la Rep\u00fablica Oriental del Uruguay, donde tiene previsto agotar una importante agenda a prop\u00f3sito de celebrarse en dicho pa\u00eds el XIV Encuentro Feminista Latinoamericano y del Caribe.<\/p>\n<\/p>\n<p>El evento internacional, que se llevar\u00e1 a cabo los d\u00edas 23, 24 y 25 de noviembre, contar\u00e1 con la presencia de m\u00e1s de 2,200 mujeres de toda la regi\u00f3n y culminar\u00e1 el 25 de noviembre \u00abD\u00eda Internacional de la Lucha Contra la Violencia hacia la Mujer\u00bb con una gran concentraci\u00f3n nacional en la simb\u00f3lica Plaza Juan Pedro Fabini (Plaza del Entrevero) en la ciudad de Montevideo.  <\/p>\n<\/p>\n<p>La exdiputada Minou Tav\u00e1rez Mirabal, hija y sobrina de las hermanas Mirabal, ser\u00e1 la \u00fanica oradora en el cierre del encuentro y ser\u00e1 la responsable de leer el manifiesto feminista de la jornada de este 2017. Tambi\u00e9n aprovechar\u00e1 su estad\u00eda en la naci\u00f3n suramericana para presentar su libro \u00abMa\u00f1ana te escribir\u00e9 otra vez\u00bb que recoge las cartas de amor entre sus padres, Minerva Mirabal y Manolo Tav\u00e1rez Justo, h\u00e9roes nacionales y la obra \u00abVivas en su Jard\u00edn\u00bb escrita por su t\u00eda, Ded\u00e9 Mirabal. <\/p>\n<\/p>\n<p>De igual forma, tambi\u00e9n sostendr\u00e1 encuentros con medios uruguayos para abordar temas referentes a la conmemoraci\u00f3n de la fecha y sobre la situaci\u00f3n nacional que vive el pa\u00eds.<\/p>\n<\/p>\n<p>En el primer Encuentro Feminista Latinoamericano y del Caribe, celebrado en 1981 en la ciudad de Bogot\u00e1, fue el evento en el que se declar\u00f3 por primera vez el \u00abD\u00eda Internacional de Lucha Contra la Violencia hacia la Mujer\u00bb, fecha elegida en honor a las hermanas Mirabal, torturadas y asesinadas el 25 de noviembre de 1960 por la dictadura de Rafael Le\u00f3nidas Trujillo en Rep\u00fablica Dominicana.<\/p>\n<h6> 2017-11-22 12:57:27 <\/h6>\n<p><!--\n<link rel=\"stylesheet\" href=\"css\/bootstrap.min.css\">\n\n\n<ul class=\"pagination\">\n\t    \n\t\n\n<li >\n\t<a href='?page_no=7099'>Previous<\/a>\n\t<\/li>\n\n\n       \n    \n\n<li><a href='?page_no=1'>1<\/a><\/li>\n\n\n\n<li><a href='?page_no=2'>2<\/a><\/li>\n\n\n\n<li><a>...<\/a><\/li>\n\n\n\n<li><a href='?page_no=7098'>7098<\/a><\/li>\n\n\n\n<li><a href='?page_no=7099'>7099<\/a><\/li>\n\n\n\n<li class='active'><a>7100<\/a><\/li>\n\n\n\n<li><a href='?page_no=7101'>7101<\/a><\/li>\n\n\n\n<li><a href='?page_no=7102'>7102<\/a><\/li>\n\n\n\n<li><a>...<\/a><\/li>\n\n\n\n<li><a href='?page_no=36999'>36999<\/a><\/li>\n\n\n\n<li><a href='?page_no=37000'>37000<\/a><\/li>\n\n    \n\t\n\n<li >\n\t<a href='?page_no=7101'>Next<\/a>\n\t<\/li>\n\n\n    \n\n<li><a href='?page_no=37000'>Last &rsaquo;&rsaquo;<\/a><\/li>\n\n<\/ul>\n\n\n--><br \/>\n<\/body><\/p>\n","protected":false},"excerpt":{"rendered":"<p>La dirigente pol\u00edtica ser\u00e1 la \u00fanica oradora en el acto de culminaci\u00f3n del importante evento La presidenta del partido Opci\u00f3n Democr\u00e1tica, Minou Tav\u00e1rez Mirabal, viajar\u00e1 este mi\u00e9rcoles a la Rep\u00fablica Oriental del Uruguay, donde tiene previsto agotar una importante agenda a prop\u00f3sito de celebrarse en dicho pa\u00eds el XIV Encuentro Feminista Latinoamericano y del Caribe. [&hellip;]<\/p>\n","protected":false},"author":3,"featured_media":0,"comment_status":"open","ping_status":"open","sticky":false,"template":"","format":"standard","meta":{"footnotes":""},"categories":[22],"tags":[],"class_list":["post-171835","post","type-post","status-publish","format-standard","hentry","category-politica"],"_links":{"self":[{"href":"https:\/\/diariodominicano.com\/index.php?rest_route=\/wp\/v2\/posts\/171835","targetHints":{"allow":["GET"]}}],"collection":[{"href":"https:\/\/diariodominicano.com\/index.php?rest_route=\/wp\/v2\/posts"}],"about":[{"href":"https:\/\/diariodominicano.com\/index.php?rest_route=\/wp\/v2\/types\/post"}],"author":[{"embeddable":true,"href":"https:\/\/diariodominicano.com\/index.php?rest_route=\/wp\/v2\/users\/3"}],"replies":[{"embeddable":true,"href":"https:\/\/diariodominicano.com\/index.php?rest_route=%2Fwp%2Fv2%2Fcomments&post=171835"}],"version-history":[{"count":0,"href":"https:\/\/diariodominicano.com\/index.php?rest_route=\/wp\/v2\/posts\/171835\/revisions"}],"wp:attachment":[{"href":"https:\/\/diariodominicano.com\/index.php?rest_route=%2Fwp%2Fv2%2Fmedia&parent=171835"}],"wp:term":[{"taxonomy":"category","embeddable":true,"href":"https:\/\/diariodominicano.com\/index.php?rest_route=%2Fwp%2Fv2%2Fcategories&post=171835"},{"taxonomy":"post_tag","embeddable":true,"href":"https:\/\/diariodominicano.com\/index.php?rest_route=%2Fwp%2Fv2%2Ftags&post=171835"}],"curies":[{"name":"wp","href":"https:\/\/api.w.org\/{rel}","templated":true}]}}