{"id":171831,"date":"2017-11-22T13:20:18","date_gmt":"2017-11-22T13:20:18","guid":{"rendered":"http:\/\/diariodominicano.ddns.net\/?p=171831"},"modified":"2017-11-22T13:20:18","modified_gmt":"2017-11-22T13:20:18","slug":"nuevo-presidente-de-zimbabwe-jurara-el-cargo-el-viernes","status":"publish","type":"post","link":"https:\/\/diariodominicano.com\/?p=171831","title":{"rendered":"Nuevo presidente de Zimbabwe jurar\u00e1 el cargo el viernes"},"content":{"rendered":"<p><body><\/p>\n<p><img decoding=\"async\" src=\"img3\/zimb-mnangagwa-mugabe.jpg\" \/>  <\/p>\n<p><span class=\"text1noticias\">Pretoria, 22 nov (PL) El exvicepresidente Emmerson Mnangagwa jurar\u00e1 el viernes como nuevo mandatario de Zimbabwe, luego de ser nominado por el gobernante Zanu-Pf para ocupar la posici\u00f3n que abandon\u00f3 la v\u00edspera Robert Mugabe.<\/span><\/p>\n<\/p>\n<p><span class=\"text1noticias\">De acuerdo con reportes de prensa en Harare, el anuncio fue hecho por el jefe del parlamento, Jacob Mudenda.<\/span><\/p>\n<\/p>\n<p><span class=\"text1noticias\">Mugabe renunci\u00f3 anoche luego de reclamos del gobernante partido Uni\u00f3n Nacional Africana de Zimbabwe-Frente Patri\u00f3tico (Zanu-PF) y de otras organizaciones como la Asociaci\u00f3n de Veteranos de Guerra.<\/span><\/p>\n<\/p>\n<p><span class=\"text1noticias\">El Zanu-PF separ\u00f3 a Mugabe de su posici\u00f3n de primer secretario de la organizaci\u00f3n gobernante el domingo debido a su avanzada edad, 93 a\u00f1os, y su incapacidad para dirigir adecuadamente el pa\u00eds, y nombr\u00f3 en su lugar a Mnangagwa, quien llegar\u00e1 hoy a Harare, seg\u00fan se inform\u00f3.<\/span><\/p>\n<\/p>\n<p><span class=\"text1noticias\">Zimbabwe se encuentra bajo control de las fuerzas armadas lideradas por el general Costantino Chiwenga desde la semana pasada en respueta a la expulsi\u00f3n del exvicepresidente de su cargo, en un aparente movimiento para ser sustituido por la esposa de Mugabe, quien de esa forma habr\u00eda asegurado su camino hacia la jefatura del Estado.<\/span><\/p>\n<\/p>\n<p><span class=\"text1noticias\">Mugabe recibi\u00f3 muchas cr\u00edticas por haber permitido a Grace Mugabe, quien fue expulsada el domingo del Zanu-PF y de su posici\u00f3n como l\u00edder de la Liga de Mujeres, la usurpaci\u00f3n paulatina de los poderes ejecutivos <\/span><\/p>\n<\/p>\n<p><span class=\"text1noticias\">La renuncia del \u00fanico Presidente que ha conocido Zimbabwe desde la independencia del pa\u00eds en 1980 fue considerada como un paso honorable que detuvo un proceso de condena por el parlamento que lo habr\u00eda expulsado de su posici\u00f3n al frente de esa naci\u00f3n de \u00c1frica Austral.<\/span><\/p>\n<\/p>\n<p><span class=\"text1noticias\">En declaraciones publicadas hoy, el presidente del Zanu-PF, Simon Khaya Moyo, dijo que Mugabe hizo mucho por la liberaci\u00f3n de Zimbabwe y como primer ministro y presidente post independencia. &#8216;\u00c9l merece descansar y creo que los ciudadanos de Zimbabwe est\u00e1n de acuerdo&#8217;, apunt\u00f3.<\/span><\/p>\n<\/p>\n<p><span class=\"text1noticias\">Moyo lament\u00f3 que Mugabe se haya rodeado de personas de conducta criminal y atributos primitivos e irrespetuosos <\/span><\/p>\n<\/p>\n<p><span class=\"text1noticias\">Analistas pol\u00edticos en Harare consideraron que la recomendaci\u00f3n a Mugabe para que renunciara tuvo como prop\u00f3sito ofrecer al veterano l\u00edder una salida honorable.<\/span><\/p>\n<\/p>\n<h6> 2017-11-22 13:20:18 <\/h6>\n<p><!--\n<link rel=\"stylesheet\" href=\"css\/bootstrap.min.css\">\n\n\n<ul class=\"pagination\">\n\t    \n\t\n\n<li >\n\t<a href='?page_no=7097'>Previous<\/a>\n\t<\/li>\n\n\n       \n    \n\n<li><a href='?page_no=1'>1<\/a><\/li>\n\n\n\n<li><a href='?page_no=2'>2<\/a><\/li>\n\n\n\n<li><a>...<\/a><\/li>\n\n\n\n<li><a href='?page_no=7096'>7096<\/a><\/li>\n\n\n\n<li><a href='?page_no=7097'>7097<\/a><\/li>\n\n\n\n<li class='active'><a>7098<\/a><\/li>\n\n\n\n<li><a href='?page_no=7099'>7099<\/a><\/li>\n\n\n\n<li><a href='?page_no=7100'>7100<\/a><\/li>\n\n\n\n<li><a>...<\/a><\/li>\n\n\n\n<li><a href='?page_no=36999'>36999<\/a><\/li>\n\n\n\n<li><a href='?page_no=37000'>37000<\/a><\/li>\n\n    \n\t\n\n<li >\n\t<a href='?page_no=7099'>Next<\/a>\n\t<\/li>\n\n\n    \n\n<li><a href='?page_no=37000'>Last &rsaquo;&rsaquo;<\/a><\/li>\n\n<\/ul>\n\n\n--><br \/>\n<\/body><\/p>\n","protected":false},"excerpt":{"rendered":"<p>Pretoria, 22 nov (PL) El exvicepresidente Emmerson Mnangagwa jurar\u00e1 el viernes como nuevo mandatario de Zimbabwe, luego de ser nominado por el gobernante Zanu-Pf para ocupar la posici\u00f3n que abandon\u00f3 la v\u00edspera Robert Mugabe. De acuerdo con reportes de prensa en Harare, el anuncio fue hecho por el jefe del parlamento, Jacob Mudenda. Mugabe renunci\u00f3 [&hellip;]<\/p>\n","protected":false},"author":3,"featured_media":0,"comment_status":"open","ping_status":"open","sticky":false,"template":"","format":"standard","meta":{"footnotes":""},"categories":[22],"tags":[],"class_list":["post-171831","post","type-post","status-publish","format-standard","hentry","category-politica"],"_links":{"self":[{"href":"https:\/\/diariodominicano.com\/index.php?rest_route=\/wp\/v2\/posts\/171831","targetHints":{"allow":["GET"]}}],"collection":[{"href":"https:\/\/diariodominicano.com\/index.php?rest_route=\/wp\/v2\/posts"}],"about":[{"href":"https:\/\/diariodominicano.com\/index.php?rest_route=\/wp\/v2\/types\/post"}],"author":[{"embeddable":true,"href":"https:\/\/diariodominicano.com\/index.php?rest_route=\/wp\/v2\/users\/3"}],"replies":[{"embeddable":true,"href":"https:\/\/diariodominicano.com\/index.php?rest_route=%2Fwp%2Fv2%2Fcomments&post=171831"}],"version-history":[{"count":0,"href":"https:\/\/diariodominicano.com\/index.php?rest_route=\/wp\/v2\/posts\/171831\/revisions"}],"wp:attachment":[{"href":"https:\/\/diariodominicano.com\/index.php?rest_route=%2Fwp%2Fv2%2Fmedia&parent=171831"}],"wp:term":[{"taxonomy":"category","embeddable":true,"href":"https:\/\/diariodominicano.com\/index.php?rest_route=%2Fwp%2Fv2%2Fcategories&post=171831"},{"taxonomy":"post_tag","embeddable":true,"href":"https:\/\/diariodominicano.com\/index.php?rest_route=%2Fwp%2Fv2%2Ftags&post=171831"}],"curies":[{"name":"wp","href":"https:\/\/api.w.org\/{rel}","templated":true}]}}