{"id":171828,"date":"2017-11-23T11:39:40","date_gmt":"2017-11-23T11:39:40","guid":{"rendered":"http:\/\/diariodominicano.ddns.net\/?p=171828"},"modified":"2017-11-23T11:39:40","modified_gmt":"2017-11-23T11:39:40","slug":"almeyda-atribuye-desgastes-y-fricciones-partidos-en-latinoamerica-a-debilidades-de-economia","status":"publish","type":"post","link":"https:\/\/diariodominicano.com\/?p=171828","title":{"rendered":"Almeyda atribuye desgastes y fricciones partidos en Latinoam\u00e9rica a debilidades de econom\u00eda"},"content":{"rendered":"<p><body><\/p>\n<p><img decoding=\"async\" src=\"img3\/Almeyda23.JPG\" \/>  <\/p>\n<p> Santo Domingo, R. D., 23 de noviembre, 2017.- <span class=\"text1noticias\">Franklin Almeyda, miembro del Comit\u00e9 Pol\u00edtico del Partido de la Liberaci\u00f3n Dominicana (PLD), recurriendo a una expresi\u00f3n muy usada por el l\u00edder hist\u00f3rico de esa organizaci\u00f3n, Profesor Juan Bosch, \u00abCuando la econom\u00eda anda mal, anda mal la pol\u00edtica\u00bb dio una explicaci\u00f3n a la situaci\u00f3n de debilitamiento en los partidos y coaliciones partidarias de orientaci\u00f3n progresista en Latinoam\u00e9rica.<\/span><\/p>\n<p><span class=\"text1noticias\"> <\/span><\/p>\n<p><span class=\"text1noticias\">\u00abLa crisis econ\u00f3mica mundial ha afectado a Am\u00e9rica Latina. La variaci\u00f3n en el modelo econ\u00f3mico chino tambi\u00e9n\u00bb, explic\u00f3 el pol\u00edtico y acad\u00e9mico respondiendo la interrogante de sus entrevistadores Lincy kasajara y Alexander P\u00e9rez.<\/span><\/p>\n<p><span class=\"text1noticias\"> <\/span><\/p>\n<p><span class=\"text1noticias\">En ese orden record\u00f3 que el pasado a\u00f1o Am\u00e9rica Latina en lugar de crecer en t\u00e9rminos econ\u00f3micos, decreci\u00f3, exceptuando solo cuatro naciones en las que se incluye a Rep\u00fablica Dominicana.<\/span><\/p>\n<p><span class=\"text1noticias\"> <\/span><\/p>\n<p><span class=\"text1noticias\">Explic\u00f3 entonces que se ten\u00eda expectativas de que en el a\u00f1o en curso la situaci\u00f3n cambiaria, m\u00e1s sin embargo, se mantuvo sin variaci\u00f3n con relaci\u00f3n al a\u00f1o anterior.  <\/span><\/p>\n<p><span class=\"text1noticias\"> <\/span><\/p>\n<p><span class=\"text1noticias\">\u00abSi en la casa no se cuenta con dinero para comprar la comida, cualquier pedazo de pan que entre puede crear problema entre sus miembros\u00bb, declar\u00f3 Almeyda a modo de ejemplo gr\u00e1fico, tal y como se rese\u00f1a en un despacho de la Secretar\u00eda de Comunicaciones del PLD.<\/span><\/p>\n<p><span class=\"text1noticias\"> <\/span><\/p>\n<p><span class=\"text1noticias\">En sentido general teniendo la premisa econ\u00f3mica, Franklin Almeyda dio explicaci\u00f3n a la disgregaci\u00f3n de las fuerzas progresistas en Chile, los conflictos del Partido de gobierno en Ecuador y la situaci\u00f3n de Honduras en donde se le ha puesto trabas a la celebraci\u00f3n de la Asamblea de la Conferencia Permanente de Partidos Pol\u00edticos de Am\u00e9rica Latina y El Caribe (COPPPAL), seg\u00fan lo denunci\u00f3 el Presidente de esa coalici\u00f3n partidaria, Manolo Pichardo.<\/span><\/p>\n<p><span class=\"text1noticias\"> <\/span><\/p>\n<p><span class=\"text1noticias\">Llam\u00f3 la atenci\u00f3n de que a\u00fan no ha escuchado un solo pronunciamiento del Secretario General de la Organizaci\u00f3n de Estados Americanos (OEA) sobre la situaci\u00f3n de Honduras, a pesar de que a diario aborda el caso venezolano.<\/span><\/p>\n<p><span class=\"text1noticias\">Sobre Chile destac\u00f3 la alta votaci\u00f3n alcanzada por el  Frente Amplio con  Beatriz S\u00e1nchez, defini\u00e9ndola como una fuerza de la izquierda chilena que ha surgido con bastante fortaleza hasta el extremo de determinar qui\u00e9n ganar\u00e1 la segunda vuelta programada para diciembre pr\u00f3ximo.<\/span><\/p>\n<p><span class=\"text1noticias\"> <\/span><\/p>\n<p><span class=\"text1noticias\">\u00abEso no es m\u00e1s que la expresi\u00f3n de una alianza pol\u00edtica que se desgast\u00f3 en el poder\u00bb, dijo Almeyda explicando los resultados electorales de Chile la pasada semana.<\/span><\/p>\n<p><span class=\"text1noticias\"> <\/span><\/p>\n<p><span class=\"text1noticias\">Aprovech\u00f3 el caso chileno para recordar que el PLD es en realidad una alianza partidaria, que pudo alcanzar la direcci\u00f3n del gobierno al pactar con una significativa cantidad de partidos minoritarios.<\/span><\/p>\n<p><span class=\"text1noticias\"> <\/span><\/p>\n<p><span class=\"text1noticias\">\u00abSin los peque\u00f1os porcentajes de los aliados no hubiese sido posible lo  triunfos del PLD con m\u00e1s de un cincuenta por ciento\u00bb, coment\u00f3.<\/span><\/p>\n<p><span class=\"text1noticias\"> <\/span><\/p>\n<p><span class=\"text1noticias\">Cerr\u00f3 su exposici\u00f3n sobre pol\u00edtica internacional invitando a sus compa\u00f1eros de organizaci\u00f3n a mirar y observar lo que se est\u00e1 viviendo en la Am\u00e9rica Latina de hoy.<\/span><\/p>\n<p><span class=\"text1noticias\"> <\/span><\/p>\n<p><span class=\"text1noticias\">\u00abEn Am\u00e9rica Latina se est\u00e1 dando un fen\u00f3meno interesante que debemos dar seguimiento cercano , empezando por Republica Dominicana\u00bb, concluy\u00f3.<\/span><\/p>\n<p><span class=\"text1noticias\"> <\/span><\/p>\n<\/p>\n<p><span class=\"text1noticias\">Fuente: SECRETARIA DE COMUNICACIONES PLD<\/span><\/p>\n<p><span class=\"text1noticias\"> <\/span><\/p>\n<p><span class=\"text1noticias\">23 DE NOVIEMBRE, 201<\/span>7<\/p>\n<h6> 2017-11-23 11:39:40 <\/h6>\n<p><!--\n<link rel=\"stylesheet\" href=\"css\/bootstrap.min.css\">\n\n\n<ul class=\"pagination\">\n\t    \n\t\n\n<li >\n\t<a href='?page_no=7094'>Previous<\/a>\n\t<\/li>\n\n\n       \n    \n\n<li><a href='?page_no=1'>1<\/a><\/li>\n\n\n\n<li><a href='?page_no=2'>2<\/a><\/li>\n\n\n\n<li><a>...<\/a><\/li>\n\n\n\n<li><a href='?page_no=7093'>7093<\/a><\/li>\n\n\n\n<li><a href='?page_no=7094'>7094<\/a><\/li>\n\n\n\n<li class='active'><a>7095<\/a><\/li>\n\n\n\n<li><a href='?page_no=7096'>7096<\/a><\/li>\n\n\n\n<li><a href='?page_no=7097'>7097<\/a><\/li>\n\n\n\n<li><a>...<\/a><\/li>\n\n\n\n<li><a href='?page_no=36999'>36999<\/a><\/li>\n\n\n\n<li><a href='?page_no=37000'>37000<\/a><\/li>\n\n    \n\t\n\n<li >\n\t<a href='?page_no=7096'>Next<\/a>\n\t<\/li>\n\n\n    \n\n<li><a href='?page_no=37000'>Last &rsaquo;&rsaquo;<\/a><\/li>\n\n<\/ul>\n\n\n--><br \/>\n<\/body><\/p>\n","protected":false},"excerpt":{"rendered":"<p>Santo Domingo, R. D., 23 de noviembre, 2017.- Franklin Almeyda, miembro del Comit\u00e9 Pol\u00edtico del Partido de la Liberaci\u00f3n Dominicana (PLD), recurriendo a una expresi\u00f3n muy usada por el l\u00edder hist\u00f3rico de esa organizaci\u00f3n, Profesor Juan Bosch, \u00abCuando la econom\u00eda anda mal, anda mal la pol\u00edtica\u00bb dio una explicaci\u00f3n a la situaci\u00f3n de debilitamiento en [&hellip;]<\/p>\n","protected":false},"author":3,"featured_media":0,"comment_status":"open","ping_status":"open","sticky":false,"template":"","format":"standard","meta":{"footnotes":""},"categories":[22],"tags":[],"class_list":["post-171828","post","type-post","status-publish","format-standard","hentry","category-politica"],"_links":{"self":[{"href":"https:\/\/diariodominicano.com\/index.php?rest_route=\/wp\/v2\/posts\/171828","targetHints":{"allow":["GET"]}}],"collection":[{"href":"https:\/\/diariodominicano.com\/index.php?rest_route=\/wp\/v2\/posts"}],"about":[{"href":"https:\/\/diariodominicano.com\/index.php?rest_route=\/wp\/v2\/types\/post"}],"author":[{"embeddable":true,"href":"https:\/\/diariodominicano.com\/index.php?rest_route=\/wp\/v2\/users\/3"}],"replies":[{"embeddable":true,"href":"https:\/\/diariodominicano.com\/index.php?rest_route=%2Fwp%2Fv2%2Fcomments&post=171828"}],"version-history":[{"count":0,"href":"https:\/\/diariodominicano.com\/index.php?rest_route=\/wp\/v2\/posts\/171828\/revisions"}],"wp:attachment":[{"href":"https:\/\/diariodominicano.com\/index.php?rest_route=%2Fwp%2Fv2%2Fmedia&parent=171828"}],"wp:term":[{"taxonomy":"category","embeddable":true,"href":"https:\/\/diariodominicano.com\/index.php?rest_route=%2Fwp%2Fv2%2Fcategories&post=171828"},{"taxonomy":"post_tag","embeddable":true,"href":"https:\/\/diariodominicano.com\/index.php?rest_route=%2Fwp%2Fv2%2Ftags&post=171828"}],"curies":[{"name":"wp","href":"https:\/\/api.w.org\/{rel}","templated":true}]}}