{"id":171827,"date":"2017-11-23T12:21:14","date_gmt":"2017-11-23T12:21:14","guid":{"rendered":"http:\/\/diariodominicano.ddns.net\/?p=171827"},"modified":"2017-11-23T12:21:14","modified_gmt":"2017-11-23T12:21:14","slug":"prm-transita-en-democracia-hacia-renovacion-politica","status":"publish","type":"post","link":"https:\/\/diariodominicano.com\/?p=171827","title":{"rendered":"PRM transita en democracia hacia renovaci\u00f3n pol\u00edtica"},"content":{"rendered":"<p><body><\/p>\n<p><img decoding=\"async\" src=\"img3\/prms.jpg\" \/>  <\/p>\n<p>El dirigente del Partido Revolucionario Moderno (PRM), Eduardo Sanz Lovat\u00f3n (Yayo) afirm\u00f3 este mi\u00e9rcoles que su organizaci\u00f3n toma medidas provisorias dirigidas a garantizar que prime la democracia en los procesos convencionales en los que se elegir\u00e1n sus nuevas autoridades nacionales y locales.<\/p>\n<\/p>\n<p>Aduciendo razones log\u00edsticas, la Comisi\u00f3n Nacional Organizadora de la XVIII Convenci\u00f3n Nacional Ordinaria \u00abClaudio Caama\u00f1o Grull\u00f3n\u00bb reprogram\u00f3 las elecciones de su nueva dirigencia para 18 de febrero del pr\u00f3ximo a\u00f1o y para el 4 de marzo la Convenci\u00f3n Nacional de Delegados.<\/p>\n<\/p>\n<p>En ese tenor, Sanz Lovat\u00f3n expres\u00f3 \u00abEl sistema partidario agoniza y estamos emplazados a darle respuesta a la sociedad. Por lo tanto, el PRM no puede darse el lujo de que el torneo que va a renovar la organizaci\u00f3n le salga mal. Si bien nos est\u00e1n cuestionando a nosotros, por su malas gestiones de gobierno al Partido de la Liberaci\u00f3n Dominicana se le acabaron ya las oportunidades\u00bb.<\/p>\n<\/p>\n<p>Acot\u00f3, en el programa TV \u00abA Diario\u00bb de Digital 15, que apoya la reprogramaci\u00f3n, porque \u00abSe nos sobrepusieron varias tareas juntas; el PRM es un partido que no maneja los recursos adecuados y hemos logrado la lucha de conformar un padr\u00f3n interno, que sobrepas\u00f3 las expectativas con m\u00e1s de medio mill\u00f3n de inscritos, data que hay que procesar\u00bb.<\/p>\n<\/p>\n<p>\u00abNi Danilo y ni Leonel ya encantan\u00bb, exclam\u00f3, al criticar al presidente Danilo Medina y el expresidente Leonel Fern\u00e1ndez, ambos l\u00edderes del partido en el gobierno, de los que se\u00f1al\u00f3 que en diecisiete a\u00f1os dirigiendo la cosa p\u00fablica no han resuelto ning\u00fan problema b\u00e1sico a la sociedad\u00bb.<\/p>\n<\/p>\n<p>Ponder\u00f3 el llamado a consenso formulado por el precandidato Luis Abinader, para poner coto a la corrupci\u00f3n y la impunidad, de la que indic\u00f3 le cuestan al pa\u00eds m\u00e1s de 46 mil millones de pesos al a\u00f1o.<\/p>\n<\/p>\n<p>A la vez celebr\u00f3 las acciones positivas de los j\u00f3venes del PRM que ganaron posiciones electivas en las pasadas elecciones del 2016. \u00abYa no es lo mismo el Distrito Nacional, el municipio de La Vega, ni San Francisco de Macor\u00eds, donde sus respectivos alcaldes, David Collado, Kelvin Cruz y  Alex D\u00edaz sientan precedentes \u00e9ticos y de eficiente gesti\u00f3n\u00bb.<\/p>\n<\/p>\n<p>Sanz Lovat\u00f3n resalt\u00f3 tambi\u00e9n los cambios llevados al Congreso con las iniciativas de los diputados Wellington Arnaud y Faride Raful, entre otros, as\u00ed como de Jos\u00e9 Paliza en el Senado, que conjugan el discurso y pr\u00e1ctica del PRM en pos de los desarrollos institucional y humano.<\/p>\n<h6> 2017-11-23 12:21:14 <\/h6>\n<p><!--\n<link rel=\"stylesheet\" href=\"css\/bootstrap.min.css\">\n\n\n<ul class=\"pagination\">\n\t    \n\t\n\n<li >\n\t<a href='?page_no=7093'>Previous<\/a>\n\t<\/li>\n\n\n       \n    \n\n<li><a href='?page_no=1'>1<\/a><\/li>\n\n\n\n<li><a href='?page_no=2'>2<\/a><\/li>\n\n\n\n<li><a>...<\/a><\/li>\n\n\n\n<li><a href='?page_no=7092'>7092<\/a><\/li>\n\n\n\n<li><a href='?page_no=7093'>7093<\/a><\/li>\n\n\n\n<li class='active'><a>7094<\/a><\/li>\n\n\n\n<li><a href='?page_no=7095'>7095<\/a><\/li>\n\n\n\n<li><a href='?page_no=7096'>7096<\/a><\/li>\n\n\n\n<li><a>...<\/a><\/li>\n\n\n\n<li><a href='?page_no=36999'>36999<\/a><\/li>\n\n\n\n<li><a href='?page_no=37000'>37000<\/a><\/li>\n\n    \n\t\n\n<li >\n\t<a href='?page_no=7095'>Next<\/a>\n\t<\/li>\n\n\n    \n\n<li><a href='?page_no=37000'>Last &rsaquo;&rsaquo;<\/a><\/li>\n\n<\/ul>\n\n\n--><br \/>\n<\/body><\/p>\n","protected":false},"excerpt":{"rendered":"<p>El dirigente del Partido Revolucionario Moderno (PRM), Eduardo Sanz Lovat\u00f3n (Yayo) afirm\u00f3 este mi\u00e9rcoles que su organizaci\u00f3n toma medidas provisorias dirigidas a garantizar que prime la democracia en los procesos convencionales en los que se elegir\u00e1n sus nuevas autoridades nacionales y locales. Aduciendo razones log\u00edsticas, la Comisi\u00f3n Nacional Organizadora de la XVIII Convenci\u00f3n Nacional Ordinaria [&hellip;]<\/p>\n","protected":false},"author":3,"featured_media":0,"comment_status":"open","ping_status":"open","sticky":false,"template":"","format":"standard","meta":{"footnotes":""},"categories":[22],"tags":[],"class_list":["post-171827","post","type-post","status-publish","format-standard","hentry","category-politica"],"_links":{"self":[{"href":"https:\/\/diariodominicano.com\/index.php?rest_route=\/wp\/v2\/posts\/171827","targetHints":{"allow":["GET"]}}],"collection":[{"href":"https:\/\/diariodominicano.com\/index.php?rest_route=\/wp\/v2\/posts"}],"about":[{"href":"https:\/\/diariodominicano.com\/index.php?rest_route=\/wp\/v2\/types\/post"}],"author":[{"embeddable":true,"href":"https:\/\/diariodominicano.com\/index.php?rest_route=\/wp\/v2\/users\/3"}],"replies":[{"embeddable":true,"href":"https:\/\/diariodominicano.com\/index.php?rest_route=%2Fwp%2Fv2%2Fcomments&post=171827"}],"version-history":[{"count":0,"href":"https:\/\/diariodominicano.com\/index.php?rest_route=\/wp\/v2\/posts\/171827\/revisions"}],"wp:attachment":[{"href":"https:\/\/diariodominicano.com\/index.php?rest_route=%2Fwp%2Fv2%2Fmedia&parent=171827"}],"wp:term":[{"taxonomy":"category","embeddable":true,"href":"https:\/\/diariodominicano.com\/index.php?rest_route=%2Fwp%2Fv2%2Fcategories&post=171827"},{"taxonomy":"post_tag","embeddable":true,"href":"https:\/\/diariodominicano.com\/index.php?rest_route=%2Fwp%2Fv2%2Ftags&post=171827"}],"curies":[{"name":"wp","href":"https:\/\/api.w.org\/{rel}","templated":true}]}}