{"id":171824,"date":"2017-11-23T14:16:25","date_gmt":"2017-11-23T14:16:25","guid":{"rendered":"http:\/\/diariodominicano.ddns.net\/?p=171824"},"modified":"2017-11-23T14:16:25","modified_gmt":"2017-11-23T14:16:25","slug":"partidos-independentistas-catalanes-apuestan-por-dialogo-con-espana","status":"publish","type":"post","link":"https:\/\/diariodominicano.com\/?p=171824","title":{"rendered":"Partidos independentistas catalanes apuestan por di\u00e1logo con Espa\u00f1a"},"content":{"rendered":"<p><body><\/p>\n<p><span class=\"text1noticias\">Madrid, 23 nov (PL) Casi un mes despu\u00e9s de impulsar una declaraci\u00f3n unilateral de independencia, las dos principales fuerzas secesionistas de Catalu\u00f1a apostaron hoy por el di\u00e1logo con el Estado espa\u00f1ol tras las elecciones regionales del 21 de diciembre.<\/span><\/p>\n<\/p>\n<p><span class=\"text1noticias\">La secretaria general de Esquerra Republicana de Catalu\u00f1a (ERC), Marta Rovira, se pronunci\u00f3 porque el programa de su partido impulse una negociaci\u00f3n pol\u00edtica con el gobierno conservador de Mariano Rajoy para entablar &#8216;un di\u00e1logo y una negociaci\u00f3n&#8217;.<\/span><\/p>\n<\/p>\n<p><span class=\"text1noticias\">Nunca hemos hecho proclamas a favor de ninguna unilateralidad, afirm\u00f3 Rovira, quien justific\u00f3 el respaldo de ERC (independentistas de izquierda) a la creaci\u00f3n de una Rep\u00fablica catalana al compromiso asumido con el electorado.<\/span><\/p>\n<\/p>\n<p><span class=\"text1noticias\">Obedecimos los mandatos democr\u00e1ticos emanados de las urnas, enfatiz\u00f3 la dirigente, en clara referencia al triunfo de las formaciones separatistas en los comicios de 2015 y el ulterior proceso que culmin\u00f3 con la proclamaci\u00f3n de un Estado soberano, el pasado 27 de octubre.<\/span><\/p>\n<\/p>\n<p><span class=\"text1noticias\">En respuesta a esa decisi\u00f3n unilateral y al amparo del art\u00edculo 155 de la Constituci\u00f3n espa\u00f1ola, Rajoy ces\u00f3 ese mismo d\u00eda al gobierno catal\u00e1n, disolvi\u00f3 el parlamento de la pr\u00f3spera comunidad aut\u00f3noma y convoc\u00f3 a elecciones anticipadas para el pr\u00f3ximo mes.<\/span><\/p>\n<\/p>\n<p><span class=\"text1noticias\">Desde la coalici\u00f3n de gobierno regional, tanto ERC como el Partido Dem\u00f3crata Catal\u00e1n (Pdecat, nacionalistas conservadores) promovieron el referendo de autodeterminaci\u00f3n del 1 de octubre y la declaraci\u00f3n de independencia, aprobada por la c\u00e1mara auton\u00f3mica el 27 de octubre.<\/span><\/p>\n<\/p>\n<p><span class=\"text1noticias\">En la misma l\u00ednea que Rovira se pronunci\u00f3 este jueves la coordinadora general del Pdecat, Marta Pascal, quien sostuvo que las agrupaciones soberanistas deben encontrar &#8216;nuevas formas de seguir adelante sin renunciar al objetivo&#8217; de la independencia.<\/span><\/p>\n<\/p>\n<p><span class=\"text1noticias\">La &#8216;bilateralidad es necesaria&#8217;, declar\u00f3 a la radioemisora Cadena Ser la dirigente de la formaci\u00f3n liderada por el destituido presidente de Catalu\u00f1a Carles Puigdemont.<\/span><\/p>\n<\/p>\n<p><span class=\"text1noticias\">Para Pascal, la cita con las urnas del 21 de diciembre es el plebiscito que algunos no se atrevieron a acordar, en alusi\u00f3n a la negativa de Rajoy a permitir un referendo sobre la separaci\u00f3n de esa autonom\u00eda, al no estar contemplado en la Constituci\u00f3n espa\u00f1ola.<\/span><\/p>\n<\/p>\n<p><span class=\"text1noticias\">En los comicios de septiembre de 2015, los partidos secesionistas obtuvieron una mayor\u00eda absoluta en la asamblea legislativa catalana (72 diputados de 135), pero solamente un 47,8 por ciento de los votos.<\/span><\/p>\n<\/p>\n<p><span class=\"text1noticias\">Las agrupaciones contrarias a la escisi\u00f3n o a favor de un refer\u00e9ndum pactado con el Estado consiguieron m\u00e1s del 51 por ciento de los sufragios.<\/span><\/p>\n<\/p>\n<p><span class=\"text1noticias\">De cara a las elecciones del 21 de diciembre, los sondeos auguran un resultado muy similar al de hace dos a\u00f1os, con una sociedad dividida casi a partes iguales sobre la secesi\u00f3n y con ERC en primera posici\u00f3n.<\/span><\/p>\n<\/p>\n<h6> 2017-11-23 14:16:25 <\/h6>\n<p><!--\n<link rel=\"stylesheet\" href=\"css\/bootstrap.min.css\">\n\n\n<ul class=\"pagination\">\n\t    \n\t\n\n<li >\n\t<a href='?page_no=7090'>Previous<\/a>\n\t<\/li>\n\n\n       \n    \n\n<li><a href='?page_no=1'>1<\/a><\/li>\n\n\n\n<li><a href='?page_no=2'>2<\/a><\/li>\n\n\n\n<li><a>...<\/a><\/li>\n\n\n\n<li><a href='?page_no=7089'>7089<\/a><\/li>\n\n\n\n<li><a href='?page_no=7090'>7090<\/a><\/li>\n\n\n\n<li class='active'><a>7091<\/a><\/li>\n\n\n\n<li><a href='?page_no=7092'>7092<\/a><\/li>\n\n\n\n<li><a href='?page_no=7093'>7093<\/a><\/li>\n\n\n\n<li><a>...<\/a><\/li>\n\n\n\n<li><a href='?page_no=36999'>36999<\/a><\/li>\n\n\n\n<li><a href='?page_no=37000'>37000<\/a><\/li>\n\n    \n\t\n\n<li >\n\t<a href='?page_no=7092'>Next<\/a>\n\t<\/li>\n\n\n    \n\n<li><a href='?page_no=37000'>Last &rsaquo;&rsaquo;<\/a><\/li>\n\n<\/ul>\n\n\n--><br \/>\n<\/body><\/p>\n","protected":false},"excerpt":{"rendered":"<p>Madrid, 23 nov (PL) Casi un mes despu\u00e9s de impulsar una declaraci\u00f3n unilateral de independencia, las dos principales fuerzas secesionistas de Catalu\u00f1a apostaron hoy por el di\u00e1logo con el Estado espa\u00f1ol tras las elecciones regionales del 21 de diciembre. La secretaria general de Esquerra Republicana de Catalu\u00f1a (ERC), Marta Rovira, se pronunci\u00f3 porque el programa [&hellip;]<\/p>\n","protected":false},"author":3,"featured_media":0,"comment_status":"open","ping_status":"open","sticky":false,"template":"","format":"standard","meta":{"footnotes":""},"categories":[22],"tags":[],"class_list":["post-171824","post","type-post","status-publish","format-standard","hentry","category-politica"],"_links":{"self":[{"href":"https:\/\/diariodominicano.com\/index.php?rest_route=\/wp\/v2\/posts\/171824","targetHints":{"allow":["GET"]}}],"collection":[{"href":"https:\/\/diariodominicano.com\/index.php?rest_route=\/wp\/v2\/posts"}],"about":[{"href":"https:\/\/diariodominicano.com\/index.php?rest_route=\/wp\/v2\/types\/post"}],"author":[{"embeddable":true,"href":"https:\/\/diariodominicano.com\/index.php?rest_route=\/wp\/v2\/users\/3"}],"replies":[{"embeddable":true,"href":"https:\/\/diariodominicano.com\/index.php?rest_route=%2Fwp%2Fv2%2Fcomments&post=171824"}],"version-history":[{"count":0,"href":"https:\/\/diariodominicano.com\/index.php?rest_route=\/wp\/v2\/posts\/171824\/revisions"}],"wp:attachment":[{"href":"https:\/\/diariodominicano.com\/index.php?rest_route=%2Fwp%2Fv2%2Fmedia&parent=171824"}],"wp:term":[{"taxonomy":"category","embeddable":true,"href":"https:\/\/diariodominicano.com\/index.php?rest_route=%2Fwp%2Fv2%2Fcategories&post=171824"},{"taxonomy":"post_tag","embeddable":true,"href":"https:\/\/diariodominicano.com\/index.php?rest_route=%2Fwp%2Fv2%2Ftags&post=171824"}],"curies":[{"name":"wp","href":"https:\/\/api.w.org\/{rel}","templated":true}]}}