{"id":171823,"date":"2017-11-24T08:00:49","date_gmt":"2017-11-24T08:00:49","guid":{"rendered":"http:\/\/diariodominicano.ddns.net\/?p=171823"},"modified":"2017-11-24T08:00:49","modified_gmt":"2017-11-24T08:00:49","slug":"la-comision-bicameral-ve-con-jce-el-tema-del-voto-electronico","status":"publish","type":"post","link":"https:\/\/diariodominicano.com\/?p=171823","title":{"rendered":"La Comisi\u00f3n Bicameral ve con JCE el tema del voto electr\u00f3nico"},"content":{"rendered":"<p><body><\/p>\n<p><img decoding=\"async\" src=\"img3\/votowlectronico.jpg\" \/>  <\/p>\n<p><strong>SANTO DOMINGO, RD, 23 de noviembre de 2017.- <\/strong> La comisi\u00f3n bicameral que estudia los proyectos de leyes de Partidos, Agrupaciones Pol\u00edticas y movimiento pol\u00edticos, y el de R\u00e9gimen Electoral recibi\u00f3 al pleno de la Junta Central Electoral, encabezado por su presidente, Julio C\u00e9sar Casta\u00f1os Guzm\u00e1n en el marco de la discusi\u00f3n del proyecto de Ley Org\u00e1nica del R\u00e9gimen Electoral.<\/p>\n<\/p>\n<p>El presidente de la comisi\u00f3n, senador Ar\u00edstides Victoria Yeb, dijo que escucharon los puntos de vista del presidente del organismo comicial sobre las inquietudes que ten\u00edan del proyecto.<\/p>\n<\/p>\n<p>\u00abHicimos un ejercicio sobre temas puntuales, algunas aclaraciones sobre el contenido de alguno de los art\u00edculos, las inquietudes y las respuestas; llegamos hasta el art\u00edculo 86 y hay otras inquietudes, vamos a escuchar el parecer de la Junta en una pr\u00f3xima reuni\u00f3n\u00bb expreso Victoria Yeb.<\/p>\n<\/p>\n<p>Tambi\u00e9n hablaron sobre los temas abordados en el encuentro, figuran el domicilio y residencia de los electores, el trasiego y cambio de muchos electores de una demarcaci\u00f3n a otra en per\u00edodos electorales.<\/p>\n<\/p>\n<p>Sobre el voto electr\u00f3nico, el representante de Mar\u00eda Trinidad S\u00e1nchez afirm\u00f3 que en la reuni\u00f3n acordaron que el organismo comicial reglamentar\u00e1 en cualquier proceso electoral previo acuerdo con todos los partidos pol\u00edticos y  con un tiempo prudente, la posibilidad del voto electr\u00f3nico, pero de manera parcial.<\/p>\n<\/p>\n<\/p>\n<p>Otros temas tratados en la reuni\u00f3n fueron, el de los suplentes de los miembros del JCE, requerimiento de firmas de los delegados en algunas resoluciones del pleno del organismo comicial, la obligatoriedad de los funcionarios de las mesas electorales y el voto en el exterior.<\/p>\n<\/p>\n<p>Adem\u00e1s, la propuesta de la JCE de cedular a los j\u00f3venes a partir de los 12 a\u00f1os, el cobro de la tasa por expedir duplicados de las cedulas, la publicaci\u00f3n, los locales para que funcionen los colegios electorales, la publicaci\u00f3n de un facs\u00edm\u00edl de la boleta electoral no solo en medio de circulaci\u00f3n nacional sino en medios digitales como la plataforma de la Junta, entre otros.  (Comunicaciones Senado)<\/p>\n<\/p>\n<h6> 2017-11-24 08:00:49 <\/h6>\n<p><!--\n<link rel=\"stylesheet\" href=\"css\/bootstrap.min.css\">\n\n\n<ul class=\"pagination\">\n\t    \n\t\n\n<li >\n\t<a href='?page_no=7089'>Previous<\/a>\n\t<\/li>\n\n\n       \n    \n\n<li><a href='?page_no=1'>1<\/a><\/li>\n\n\n\n<li><a href='?page_no=2'>2<\/a><\/li>\n\n\n\n<li><a>...<\/a><\/li>\n\n\n\n<li><a href='?page_no=7088'>7088<\/a><\/li>\n\n\n\n<li><a href='?page_no=7089'>7089<\/a><\/li>\n\n\n\n<li class='active'><a>7090<\/a><\/li>\n\n\n\n<li><a href='?page_no=7091'>7091<\/a><\/li>\n\n\n\n<li><a href='?page_no=7092'>7092<\/a><\/li>\n\n\n\n<li><a>...<\/a><\/li>\n\n\n\n<li><a href='?page_no=36999'>36999<\/a><\/li>\n\n\n\n<li><a href='?page_no=37000'>37000<\/a><\/li>\n\n    \n\t\n\n<li >\n\t<a href='?page_no=7091'>Next<\/a>\n\t<\/li>\n\n\n    \n\n<li><a href='?page_no=37000'>Last &rsaquo;&rsaquo;<\/a><\/li>\n\n<\/ul>\n\n\n--><br \/>\n<\/body><\/p>\n","protected":false},"excerpt":{"rendered":"<p>SANTO DOMINGO, RD, 23 de noviembre de 2017.- La comisi\u00f3n bicameral que estudia los proyectos de leyes de Partidos, Agrupaciones Pol\u00edticas y movimiento pol\u00edticos, y el de R\u00e9gimen Electoral recibi\u00f3 al pleno de la Junta Central Electoral, encabezado por su presidente, Julio C\u00e9sar Casta\u00f1os Guzm\u00e1n en el marco de la discusi\u00f3n del proyecto de Ley [&hellip;]<\/p>\n","protected":false},"author":3,"featured_media":0,"comment_status":"open","ping_status":"open","sticky":false,"template":"","format":"standard","meta":{"footnotes":""},"categories":[22],"tags":[],"class_list":["post-171823","post","type-post","status-publish","format-standard","hentry","category-politica"],"_links":{"self":[{"href":"https:\/\/diariodominicano.com\/index.php?rest_route=\/wp\/v2\/posts\/171823","targetHints":{"allow":["GET"]}}],"collection":[{"href":"https:\/\/diariodominicano.com\/index.php?rest_route=\/wp\/v2\/posts"}],"about":[{"href":"https:\/\/diariodominicano.com\/index.php?rest_route=\/wp\/v2\/types\/post"}],"author":[{"embeddable":true,"href":"https:\/\/diariodominicano.com\/index.php?rest_route=\/wp\/v2\/users\/3"}],"replies":[{"embeddable":true,"href":"https:\/\/diariodominicano.com\/index.php?rest_route=%2Fwp%2Fv2%2Fcomments&post=171823"}],"version-history":[{"count":0,"href":"https:\/\/diariodominicano.com\/index.php?rest_route=\/wp\/v2\/posts\/171823\/revisions"}],"wp:attachment":[{"href":"https:\/\/diariodominicano.com\/index.php?rest_route=%2Fwp%2Fv2%2Fmedia&parent=171823"}],"wp:term":[{"taxonomy":"category","embeddable":true,"href":"https:\/\/diariodominicano.com\/index.php?rest_route=%2Fwp%2Fv2%2Fcategories&post=171823"},{"taxonomy":"post_tag","embeddable":true,"href":"https:\/\/diariodominicano.com\/index.php?rest_route=%2Fwp%2Fv2%2Ftags&post=171823"}],"curies":[{"name":"wp","href":"https:\/\/api.w.org\/{rel}","templated":true}]}}