{"id":171819,"date":"2017-11-24T09:37:30","date_gmt":"2017-11-24T09:37:30","guid":{"rendered":"http:\/\/diariodominicano.ddns.net\/?p=171819"},"modified":"2017-11-24T09:37:30","modified_gmt":"2017-11-24T09:37:30","slug":"pri-inicia-proceso-para-elegir-candidato-presidencial-en-mexico","status":"publish","type":"post","link":"https:\/\/diariodominicano.com\/?p=171819","title":{"rendered":"PRI inicia proceso para elegir candidato presidencial en M\u00e9xico"},"content":{"rendered":"<p><body><\/p>\n<p><img decoding=\"async\" src=\"img3\/Primexico24.jpg\" \/>  <\/p>\n<p><span class=\"text1noticias\">M\u00e9xico, 24 nov (PL) El Comit\u00e9 Ejecutivo Nacional del Partido Revolucionario Institucional (PRI) convoc\u00f3 a militantes y simpatizantes para elegir a su candidato a la presidencia de la Rep\u00fablica en los comicios de 2018.<\/span><\/p>\n<p><span class=\"text1noticias\"> <\/span><\/p>\n<p><span class=\"text1noticias\">El PRI, que gobern\u00f3 el pa\u00eds durante d\u00e9cadas, inicia as\u00ed un proceso que culmina el 18 de febrero cuando la Convenci\u00f3n Nacional de Delegado elija el abanderado del llamado partido tricolor para la sucesi\u00f3n presidencial.<\/span><\/p>\n<p><span class=\"text1noticias\"> <\/span><\/p>\n<p><span class=\"text1noticias\">La convocatoria ocurre luego que el canciller Luis Videgaray ensalzara al secretario de Hacienda, Jos\u00e9 Antonio Meade para esa designaci\u00f3n, a lo que el presidente Enrique Pe\u00f1a Nieto acot\u00f3 que el &#8216;PRI no elije a sus candidatos por aplausos y elogios&#8217;.<\/span><\/p>\n<p><span class=\"text1noticias\"> <\/span><\/p>\n<p><span class=\"text1noticias\">A partir de hoy los militantes que decidan participar en el proceso interno deber\u00e1n conseguir en los pr\u00f3ximos 10 d\u00edas el respaldo de los sectores y organizaciones que conforman la estructura del partido.<\/span><\/p>\n<p><span class=\"text1noticias\"> <\/span><\/p>\n<p><span class=\"text1noticias\">Dentro del gabinete federal los secretarios de Gobernaci\u00f3n, Educaci\u00f3n y Salud, Miguel \u00c1ngel Osorio, Aurelio Nu\u00f1o y Jos\u00e9 Narro, respectivamente, est\u00e1n se\u00f1alados como militantes interesados en aspirar a la candidatura.<\/span><\/p>\n<p><span class=\"text1noticias\"> <\/span><\/p>\n<p><span class=\"text1noticias\">Meadea, que no milita oficialmente en el partido de gobierno, s\u00f3lo requiere presentar su solicitud a partir de ma\u00f1ana y hasta el 30 de noviembre, ante el presidente de la Comisi\u00f3n Pol\u00edtica, instancia que determinar\u00e1 si procede la solicitud.<\/span><\/p>\n<p><span class=\"text1noticias\"> <\/span><\/p>\n<p><span class=\"text1noticias\">La convocatoria prev\u00e9 que el registro de los aspirantes a la candidatura ser\u00e1 el domingo 3 de diciembre ante la Comisi\u00f3n Nacional de Procesos Internos, en un evento masivo en la explanada de la sede nacional, ubicada en la avenida Insurgentes de esta ca<\/span>pital.<\/p>\n<h6> 2017-11-24 09:37:30 <\/h6>\n<p><!--\n<link rel=\"stylesheet\" href=\"css\/bootstrap.min.css\">\n\n\n<ul class=\"pagination\">\n\t    \n\t\n\n<li >\n\t<a href='?page_no=7086'>Previous<\/a>\n\t<\/li>\n\n\n       \n    \n\n<li><a href='?page_no=1'>1<\/a><\/li>\n\n\n\n<li><a href='?page_no=2'>2<\/a><\/li>\n\n\n\n<li><a>...<\/a><\/li>\n\n\n\n<li><a href='?page_no=7085'>7085<\/a><\/li>\n\n\n\n<li><a href='?page_no=7086'>7086<\/a><\/li>\n\n\n\n<li class='active'><a>7087<\/a><\/li>\n\n\n\n<li><a href='?page_no=7088'>7088<\/a><\/li>\n\n\n\n<li><a href='?page_no=7089'>7089<\/a><\/li>\n\n\n\n<li><a>...<\/a><\/li>\n\n\n\n<li><a href='?page_no=36999'>36999<\/a><\/li>\n\n\n\n<li><a href='?page_no=37000'>37000<\/a><\/li>\n\n    \n\t\n\n<li >\n\t<a href='?page_no=7088'>Next<\/a>\n\t<\/li>\n\n\n    \n\n<li><a href='?page_no=37000'>Last &rsaquo;&rsaquo;<\/a><\/li>\n\n<\/ul>\n\n\n--><br \/>\n<\/body><\/p>\n","protected":false},"excerpt":{"rendered":"<p>M\u00e9xico, 24 nov (PL) El Comit\u00e9 Ejecutivo Nacional del Partido Revolucionario Institucional (PRI) convoc\u00f3 a militantes y simpatizantes para elegir a su candidato a la presidencia de la Rep\u00fablica en los comicios de 2018. El PRI, que gobern\u00f3 el pa\u00eds durante d\u00e9cadas, inicia as\u00ed un proceso que culmina el 18 de febrero cuando la Convenci\u00f3n [&hellip;]<\/p>\n","protected":false},"author":3,"featured_media":0,"comment_status":"open","ping_status":"open","sticky":false,"template":"","format":"standard","meta":{"footnotes":""},"categories":[22],"tags":[],"class_list":["post-171819","post","type-post","status-publish","format-standard","hentry","category-politica"],"_links":{"self":[{"href":"https:\/\/diariodominicano.com\/index.php?rest_route=\/wp\/v2\/posts\/171819","targetHints":{"allow":["GET"]}}],"collection":[{"href":"https:\/\/diariodominicano.com\/index.php?rest_route=\/wp\/v2\/posts"}],"about":[{"href":"https:\/\/diariodominicano.com\/index.php?rest_route=\/wp\/v2\/types\/post"}],"author":[{"embeddable":true,"href":"https:\/\/diariodominicano.com\/index.php?rest_route=\/wp\/v2\/users\/3"}],"replies":[{"embeddable":true,"href":"https:\/\/diariodominicano.com\/index.php?rest_route=%2Fwp%2Fv2%2Fcomments&post=171819"}],"version-history":[{"count":0,"href":"https:\/\/diariodominicano.com\/index.php?rest_route=\/wp\/v2\/posts\/171819\/revisions"}],"wp:attachment":[{"href":"https:\/\/diariodominicano.com\/index.php?rest_route=%2Fwp%2Fv2%2Fmedia&parent=171819"}],"wp:term":[{"taxonomy":"category","embeddable":true,"href":"https:\/\/diariodominicano.com\/index.php?rest_route=%2Fwp%2Fv2%2Fcategories&post=171819"},{"taxonomy":"post_tag","embeddable":true,"href":"https:\/\/diariodominicano.com\/index.php?rest_route=%2Fwp%2Fv2%2Ftags&post=171819"}],"curies":[{"name":"wp","href":"https:\/\/api.w.org\/{rel}","templated":true}]}}