{"id":171818,"date":"2017-11-24T13:00:09","date_gmt":"2017-11-24T13:00:09","guid":{"rendered":"http:\/\/diariodominicano.ddns.net\/?p=171818"},"modified":"2017-11-24T13:00:09","modified_gmt":"2017-11-24T13:00:09","slug":"domingo-jimenez-califica-de-abuso-contra-leonel-fernandez-las-declaraciones-de-euclides-sanchez","status":"publish","type":"post","link":"https:\/\/diariodominicano.com\/?p=171818","title":{"rendered":"Domingo Jim\u00e9nez califica de abuso contra Leonel Fern\u00e1ndez las declaraciones de Euclides S\u00e1nchez"},"content":{"rendered":"<p><body><\/p>\n<p><img decoding=\"async\" src=\"img3\/domingo.jpg\" \/>  <\/p>\n<p>EL miembro del Comit\u00e9 Central del Partido de la Liberaci\u00f3n Dominicana (PLD), Domingo Jim\u00e9nez, calific\u00f3 las declaraciones del senador de La Vega, Euclides S\u00e1nchez, como un abuso contra el presidente de esa organizaci\u00f3n pol\u00edtica, Leonel Fern\u00e1ndez.  <\/p>\n<\/p>\n<p>Se\u00f1al\u00f3 que es lamentable que el senador S\u00e1nchez acusara a Fern\u00e1ndez de encabezar una facci\u00f3n o un grupo conociendo este que el exgobernante siempre ha actuado como presidente de todos los pelede\u00edstas, sin importar quienes lo asuman como l\u00edder o no.<\/p>\n<\/p>\n<p>\u00abEsas declaraciones de S\u00e1nchez, constituyen un abuso en contra de quien \u00e9l sabe que est\u00e1 muy lejos de ser un grupista. En el PLD, a todos nos consta que si hay alguien prudente, comedido y ecu\u00e1nime&#8230; que hasta calla cuando lo agravian, ese es Leonel Fern\u00e1ndez\u00bb, precis\u00f3 Jim\u00e9nez.<\/p>\n<\/p>\n<p>Dijo que es cierto que en el PLD hay quienes han estimulado al presidente Fern\u00e1ndez para que encabece un grupo, a lo que \u00e9l nunca ha accedido, aunque esas pretensiones se dan por la desconsideraciones y humillaciones que reciben de quienes s\u00ed se agrupan y dejan de ver a sus compa\u00f1eros de partido como compa\u00f1eros y empiezan a verlos como enemigos al no pertenecer a su grupo.<\/p>\n<\/p>\n<p>Record\u00f3 que Fern\u00e1ndez desde la Presidencia actu\u00f3 para todos los pelede\u00edstas, a\u00fan para aquellos que lo denostaban y lo enfrentaban y, que llam\u00f3 por el bien del PLD, a dirigentes que quer\u00edan en el 2010 senadur\u00edas de algunas provincias y que no ten\u00edan el posicionamiento de otros compa\u00f1eros que no simpatizaban por el  exmandatario.<\/p>\n<\/p>\n<p>\u00abEl presidente llamaba a esos compa\u00f1eros que asum\u00edan su liderazgo y les dec\u00eda: mire, Charlie Mariotti est\u00e1 mejor posicionado o Tommy Gal\u00e1n est\u00e1 muy bien posicionado por lo que, ellos deben ser los candidatos&#8230; as\u00ed ha actuado Leonel  para todos los peledeistas\u00bb, afirm\u00f3 Jim\u00e9nez en el programa Tomando el Pulso que produce y conduce de lunes a viernes por Rumba 98.5 FM de 9 a 10 de la ma\u00f1ana.<\/p>\n<\/p>\n<p>Finalmente, dijo que ese tipo de declaraciones como las del senador S\u00e1nchez, buscan congraciarse con quienes \u00e9l entiende le pueden reportar beneficios pol\u00edticos en esta coyuntura y \u00abesa manera de actuar en un hombre constituye una verg\u00fcenza\u00bb.<\/p>\n<h6> 2017-11-24 13:00:09 <\/h6>\n<p><!--\n<link rel=\"stylesheet\" href=\"css\/bootstrap.min.css\">\n\n\n<ul class=\"pagination\">\n\t    \n\t\n\n<li >\n\t<a href='?page_no=7085'>Previous<\/a>\n\t<\/li>\n\n\n       \n    \n\n<li><a href='?page_no=1'>1<\/a><\/li>\n\n\n\n<li><a href='?page_no=2'>2<\/a><\/li>\n\n\n\n<li><a>...<\/a><\/li>\n\n\n\n<li><a href='?page_no=7084'>7084<\/a><\/li>\n\n\n\n<li><a href='?page_no=7085'>7085<\/a><\/li>\n\n\n\n<li class='active'><a>7086<\/a><\/li>\n\n\n\n<li><a href='?page_no=7087'>7087<\/a><\/li>\n\n\n\n<li><a href='?page_no=7088'>7088<\/a><\/li>\n\n\n\n<li><a>...<\/a><\/li>\n\n\n\n<li><a href='?page_no=36999'>36999<\/a><\/li>\n\n\n\n<li><a href='?page_no=37000'>37000<\/a><\/li>\n\n    \n\t\n\n<li >\n\t<a href='?page_no=7087'>Next<\/a>\n\t<\/li>\n\n\n    \n\n<li><a href='?page_no=37000'>Last &rsaquo;&rsaquo;<\/a><\/li>\n\n<\/ul>\n\n\n--><br \/>\n<\/body><\/p>\n","protected":false},"excerpt":{"rendered":"<p>EL miembro del Comit\u00e9 Central del Partido de la Liberaci\u00f3n Dominicana (PLD), Domingo Jim\u00e9nez, calific\u00f3 las declaraciones del senador de La Vega, Euclides S\u00e1nchez, como un abuso contra el presidente de esa organizaci\u00f3n pol\u00edtica, Leonel Fern\u00e1ndez. Se\u00f1al\u00f3 que es lamentable que el senador S\u00e1nchez acusara a Fern\u00e1ndez de encabezar una facci\u00f3n o un grupo conociendo [&hellip;]<\/p>\n","protected":false},"author":3,"featured_media":0,"comment_status":"open","ping_status":"open","sticky":false,"template":"","format":"standard","meta":{"footnotes":""},"categories":[22],"tags":[],"class_list":["post-171818","post","type-post","status-publish","format-standard","hentry","category-politica"],"_links":{"self":[{"href":"https:\/\/diariodominicano.com\/index.php?rest_route=\/wp\/v2\/posts\/171818","targetHints":{"allow":["GET"]}}],"collection":[{"href":"https:\/\/diariodominicano.com\/index.php?rest_route=\/wp\/v2\/posts"}],"about":[{"href":"https:\/\/diariodominicano.com\/index.php?rest_route=\/wp\/v2\/types\/post"}],"author":[{"embeddable":true,"href":"https:\/\/diariodominicano.com\/index.php?rest_route=\/wp\/v2\/users\/3"}],"replies":[{"embeddable":true,"href":"https:\/\/diariodominicano.com\/index.php?rest_route=%2Fwp%2Fv2%2Fcomments&post=171818"}],"version-history":[{"count":0,"href":"https:\/\/diariodominicano.com\/index.php?rest_route=\/wp\/v2\/posts\/171818\/revisions"}],"wp:attachment":[{"href":"https:\/\/diariodominicano.com\/index.php?rest_route=%2Fwp%2Fv2%2Fmedia&parent=171818"}],"wp:term":[{"taxonomy":"category","embeddable":true,"href":"https:\/\/diariodominicano.com\/index.php?rest_route=%2Fwp%2Fv2%2Fcategories&post=171818"},{"taxonomy":"post_tag","embeddable":true,"href":"https:\/\/diariodominicano.com\/index.php?rest_route=%2Fwp%2Fv2%2Ftags&post=171818"}],"curies":[{"name":"wp","href":"https:\/\/api.w.org\/{rel}","templated":true}]}}