{"id":171817,"date":"2017-11-24T13:07:27","date_gmt":"2017-11-24T13:07:27","guid":{"rendered":"http:\/\/diariodominicano.ddns.net\/?p=171817"},"modified":"2017-11-24T13:07:27","modified_gmt":"2017-11-24T13:07:27","slug":"primera-dama-llama-eliminar-violencia-y-construir-sociedad-basada-en-los-valores-del-respeto-la-justicia-la-tolerancia-y-la-paz","status":"publish","type":"post","link":"https:\/\/diariodominicano.com\/?p=171817","title":{"rendered":"Primera Dama llama eliminar violencia y construir sociedad basada en los valores del respeto, la justicia, la tolerancia y la paz"},"content":{"rendered":"<p><body><\/p>\n<p><img decoding=\"async\" src=\"img3\/pdama.jpg\" \/>  <\/p>\n<p>C\u00e1ndida Montilla de Medina emiti\u00f3 un mensaje en ocasi\u00f3n del D\u00eda Internacional de la Eliminaci\u00f3n de la Violencia contra la Mujer.<\/p>\n<\/p>\n<p>Santo Domingo.- La Primera Dama de la Rep\u00fablica, C\u00e1ndida Montilla de Medina, hizo un llamado a todos los dominicanos y dominicanas a levantar su voz este 25 de noviembre, para proclamar su rechazo a cualquier forma de violencia de g\u00e9nero.<\/p>\n<\/p>\n<p>Pidi\u00f3 a la ciudadan\u00eda involucrarse activamente en el combate cotidiano y sin tregua contra este flagelo que da\u00f1a la convivencia, impide el desarrollo personal y social y menoscaba el orden democr\u00e1tico.<\/p>\n<\/p>\n<p>En ocasi\u00f3n de la celebraci\u00f3n del D\u00eda Internacional de la Eliminaci\u00f3n de la Violencia contra la Mujer, plante\u00f3 la importancia de dar respuesta a enormes d\u00e9ficits en materia de respeto a la integridad moral, sexual, f\u00edsica y social de las mujeres que reclaman ser solventados.<\/p>\n<\/p>\n<p>Montilla de Medina dijo que la violencia de g\u00e9nero es un mal end\u00e9mico en la sociedad dominicana que debe ser enfrentado con firme decisi\u00f3n por todas las instancias gubernamentales, estatales y sociales empe\u00f1adas en lograr una sociedad basada en los valores del respeto, la justicia, la tolerancia y la paz.<\/p>\n<\/p>\n<p>\u00abAunque la tarea por delante es inconmensurable, en la Rep\u00fablica Dominicana intensificamos nuestros esfuerzos para lograr una sociedad equitativa, justa e igualitaria en la que la violencia de g\u00e9nero no tenga cabida\u00bb, expres\u00f3. <\/p>\n<\/p>\n<p>La Primera Dama manifest\u00f3 que en esa direcci\u00f3n, la Procuradur\u00eda General de la Rep\u00fablica present\u00f3 el pasado d\u00eda 8 el Plan Nacional contra la Violencia de G\u00e9nero, para enfrentar, a trav\u00e9s de medidas concretas, los delitos relacionados con la violencia de g\u00e9nero y reducir los feminicidios.<\/p>\n<\/p>\n<p>El Plan Nacional contra la Violencia de G\u00e9nero, agreg\u00f3, incluye la coordinaci\u00f3n de  acciones educativas con el Ministerio de Educaci\u00f3n para fomentar la equidad de g\u00e9nero.<\/p>\n<\/p>\n<p>Tambi\u00e9n, con el Ministerio de Salud P\u00fablica para la detecci\u00f3n de la violencia en las usuarias del sistema p\u00fablico de salud, con la finalidad de que estas agresiones sean reportadas al Ministerio P\u00fablico.<\/p>\n<\/p>\n<p>\u00abSi bien este Plan enciende una luz de esperanza, es necesario reforzarlo con acciones permanentes de las organizaciones sociales y de mujeres. Solo la participaci\u00f3n de todos los sectores organizados y de la poblaci\u00f3n, junto con sus autoridades, podr\u00e1 poner freno al flagelo de la violencia de g\u00e9nero\u00bb, dijo.<\/p>\n<\/p>\n<p>En su mensaje, destac\u00f3 que este a\u00f1o, ONU Mujeres propone celebrar el D\u00eda Internacional por la Eliminaci\u00f3n de la Violencia contra la Mujer con el lema \u00abQue nadie se quede atr\u00e1s: Pongamos fin a la violencia contra las mujeres y ni\u00f1as\u00bb.<\/p>\n<\/p>\n<p>Agreg\u00f3 que ONU Mujeres invita a todas las personas en el mundo a respaldar la campa\u00f1a \u00daNETE, usando hasta el 10 de diciembre el color naranja, que es el color de la visibilidad de la causa de las mujeres contra la violencia de g\u00e9nero.<\/p>\n<h6> 2017-11-24 13:07:27 <\/h6>\n<p><!--\n<link rel=\"stylesheet\" href=\"css\/bootstrap.min.css\">\n\n\n<ul class=\"pagination\">\n\t    \n\t\n\n<li >\n\t<a href='?page_no=7084'>Previous<\/a>\n\t<\/li>\n\n\n       \n    \n\n<li><a href='?page_no=1'>1<\/a><\/li>\n\n\n\n<li><a href='?page_no=2'>2<\/a><\/li>\n\n\n\n<li><a>...<\/a><\/li>\n\n\n\n<li><a href='?page_no=7083'>7083<\/a><\/li>\n\n\n\n<li><a href='?page_no=7084'>7084<\/a><\/li>\n\n\n\n<li class='active'><a>7085<\/a><\/li>\n\n\n\n<li><a href='?page_no=7086'>7086<\/a><\/li>\n\n\n\n<li><a href='?page_no=7087'>7087<\/a><\/li>\n\n\n\n<li><a>...<\/a><\/li>\n\n\n\n<li><a href='?page_no=36999'>36999<\/a><\/li>\n\n\n\n<li><a href='?page_no=37000'>37000<\/a><\/li>\n\n    \n\t\n\n<li >\n\t<a href='?page_no=7086'>Next<\/a>\n\t<\/li>\n\n\n    \n\n<li><a href='?page_no=37000'>Last &rsaquo;&rsaquo;<\/a><\/li>\n\n<\/ul>\n\n\n--><br \/>\n<\/body><\/p>\n","protected":false},"excerpt":{"rendered":"<p>C\u00e1ndida Montilla de Medina emiti\u00f3 un mensaje en ocasi\u00f3n del D\u00eda Internacional de la Eliminaci\u00f3n de la Violencia contra la Mujer. Santo Domingo.- La Primera Dama de la Rep\u00fablica, C\u00e1ndida Montilla de Medina, hizo un llamado a todos los dominicanos y dominicanas a levantar su voz este 25 de noviembre, para proclamar su rechazo a [&hellip;]<\/p>\n","protected":false},"author":3,"featured_media":0,"comment_status":"open","ping_status":"open","sticky":false,"template":"","format":"standard","meta":{"footnotes":""},"categories":[22],"tags":[],"class_list":["post-171817","post","type-post","status-publish","format-standard","hentry","category-politica"],"_links":{"self":[{"href":"https:\/\/diariodominicano.com\/index.php?rest_route=\/wp\/v2\/posts\/171817","targetHints":{"allow":["GET"]}}],"collection":[{"href":"https:\/\/diariodominicano.com\/index.php?rest_route=\/wp\/v2\/posts"}],"about":[{"href":"https:\/\/diariodominicano.com\/index.php?rest_route=\/wp\/v2\/types\/post"}],"author":[{"embeddable":true,"href":"https:\/\/diariodominicano.com\/index.php?rest_route=\/wp\/v2\/users\/3"}],"replies":[{"embeddable":true,"href":"https:\/\/diariodominicano.com\/index.php?rest_route=%2Fwp%2Fv2%2Fcomments&post=171817"}],"version-history":[{"count":0,"href":"https:\/\/diariodominicano.com\/index.php?rest_route=\/wp\/v2\/posts\/171817\/revisions"}],"wp:attachment":[{"href":"https:\/\/diariodominicano.com\/index.php?rest_route=%2Fwp%2Fv2%2Fmedia&parent=171817"}],"wp:term":[{"taxonomy":"category","embeddable":true,"href":"https:\/\/diariodominicano.com\/index.php?rest_route=%2Fwp%2Fv2%2Fcategories&post=171817"},{"taxonomy":"post_tag","embeddable":true,"href":"https:\/\/diariodominicano.com\/index.php?rest_route=%2Fwp%2Fv2%2Ftags&post=171817"}],"curies":[{"name":"wp","href":"https:\/\/api.w.org\/{rel}","templated":true}]}}