{"id":171814,"date":"2017-11-26T07:57:10","date_gmt":"2017-11-26T07:57:10","guid":{"rendered":"http:\/\/diariodominicano.ddns.net\/?p=171814"},"modified":"2017-11-26T07:57:10","modified_gmt":"2017-11-26T07:57:10","slug":"primer-aniversario-de-la-inmortalidad-de-fidel","status":"publish","type":"post","link":"https:\/\/diariodominicano.com\/?p=171814","title":{"rendered":"PRIMER ANIVERSARIO DE LA INMORTALIDAD DE FIDEL"},"content":{"rendered":"<p><body><\/p>\n<p><img decoding=\"async\" src=\"img3\/12-de-agosto.jpg\" \/>  <\/p>\n<\/p>\n<p>                                  <strong>                             Por Narciso Isa conde<\/strong><\/p>\n<\/p>\n<p>Hoy, precisamente el d\u00eda del cu\u00e1druple asesinato de las inmortales Hnas. Mirabal y de Rufino de la Cruz, conmemoramos el primer a\u00f1o de la inmortalidad de Fidel Castro Ruz, el l\u00edder revolucionario de mayor proyecci\u00f3n e impacto a escala planetaria (junto a Ernesto ?Che- Guevara de la Serna) a lo largo del siglo XX y de lo que va del siglo XXI<\/p>\n<\/p>\n<p>Una de las mediciones que puede hacerse de la grandeza de este singular representante del ideal socialista, es el empe\u00f1o que puso el imperialismo, encabezado por la superpotencia militar estadounidense, en asesinarlo y en erradicar la portentosa obra que dirigi\u00f3: la primera revoluci\u00f3n de orientaci\u00f3n socialista del Hemisferio Occidental, asediada, cerdada, agredida a lo largo de su digna resistencia de m\u00e1s de medio siglo.<\/p>\n<\/p>\n<p>Empe\u00f1o fracasado en m\u00e1s de 600 ocasiones, una de ellas a ra\u00edz de su primera visita a nuestra querida Quisqueya.<\/p>\n<\/p>\n<p>Este momento es propicio para referirme a los enormes riesgos que corri\u00f3 Fidel para cumplir ese anhelo, publicado por primera vez en mi reciente libro SECRETOS Y VIVENCIAS&#8230;<\/p>\n<\/p>\n<p>\u00a1FIDEL EN DOMINICANA!<\/p>\n<\/p>\n<p>Avanzaba el a\u00f1o 1999 cuando se anunci\u00f3 la visita del l\u00edder de la Revoluci\u00f3n Cubana a nuestro pa\u00eds. Pasaron 40 a\u00f1os para que Fidel pudiera pisar tierra dominicana. Algo s\u00faper-emocionante para \u00e9l y para todos\/as los\/as revolucionarios criollos.<\/p>\n<\/p>\n<p>Era una visita delicada en cuanto a la seguridad del l\u00edder cubano. El anuncio de su venida activ\u00f3 todas las fuerzas agresivas del exilio cubano comandadas por la CIA. Omega 7, Alfa 66, Hermanos al Rescate y comparsa.<\/p>\n<\/p>\n<p>Los camaradas cubanos nos solicitaron colaboraci\u00f3n especial, adem\u00e1s de que las izquierdas solidarias con Cuba nos dispusimos a hacerle compa\u00f1\u00eda cercana, en forma de vigilias e  iniciativas abiertas durante su estad\u00eda y desplazamientos.<\/p>\n<\/p>\n<p>Nosotros\/as siempre le dimos seguimiento a la presencia y a los v\u00ednculos del exilio cubano en el pa\u00eds.<\/p>\n<\/p>\n<p>Recordemos que el denominado Grupo P\u00e9rez y P\u00e9rez ten\u00edan intensas relaciones con Omega 7, Orlando Bosch, Jos\u00e9 Guash, Frank Castro y Posada Carriles, todos connotados terroristas de la gusanera cubana, que siempre rondaban por estos lares.<\/p>\n<\/p>\n<p>Frank Castro resid\u00eda en el pa\u00eds y lo ten\u00edamos ubicado.<\/p>\n<\/p>\n<p>Creamos un equipo bajo la direcci\u00f3n de los camaradas Jos\u00e9 Manuel Mel\u00e9ndez (Melendito) y Bartolo Taveras (combatiente en El Salvador), para encargarse de ese cap\u00edtulo y seleccionamos y contactamos a todos\/as los camaradas y amigos\/as \u00fatiles para esos fines, con capacidades para trabajar en relaci\u00f3n directa con los hermanos cubanos.<\/p>\n<\/p>\n<p>Captamos las conexiones del entonces Jefe de la PN Sanz Jimini\u00e1n con los \u00abHermanos al Rescate\u00bb y en su momento la denunciamos.<\/p>\n<\/p>\n<p>Recibimos de muy buena fuente una informaci\u00f3n clave: semanas antes de la llega de Fidel, Jos\u00e9 Guash (veterano terrorista, coordinador de la voladura del avi\u00f3n de Cubana de Aviaci\u00f3n en Barbados) hab\u00eda arribado al pa\u00eds procedente de Nicaragua, piloteando el avi\u00f3n del presidente nica Arnoldo Alem\u00e1n, fan\u00e1tico anticomunista vinculado a la CIA.<\/p>\n<\/p>\n<p>En el avi\u00f3n trajeron un cohete para ser usado contra Fidel y su escolta.<\/p>\n<\/p>\n<p>Alem\u00e1n, muy amigo del empresario Chich\u00ed Selman, entonces due\u00f1o de la Coca Cola dominicana, aprovech\u00f3 la invitaci\u00f3n de \u00e9ste a una boda de su hijo en Casa de Campo y a su espalda le facilit\u00f3 apoyo al grupo terrorista de Posadas Carriles y Orlando Bosch, al que pertenec\u00eda Jos\u00e9 Guash.<\/p>\n<\/p>\n<p>El artefacto fue situado en una factor\u00eda de tabaco en Villa Gonz\u00e1lez, propiedad de un gusano cubano, para ser accionado en ocasi\u00f3n del desplazamiento  de Fidel a Montecristi cuando fuera a rendirles honores a M\u00e1ximo G\u00f3mez y a Jos\u00e9 Mart\u00ed, como estaba previsto.<\/p>\n<\/p>\n<p>Pasamos esas y otras informaciones valiosas a la inteligencia cubana, que tom\u00f3 todas las precauciones de lugar, incluso la suspensi\u00f3n del viaje a Montecristi.<\/p>\n<\/p>\n<p>Seguimos muy de cerca los movimientos de los gusanos y sus conexiones internas.<\/p>\n<\/p>\n<p>Alertamos al pa\u00eds y contribuimos junto a los camaradas cubanos a frustrar la trama.<\/p>\n<\/p>\n<p>Recibimos como Fuerza de la Revoluci\u00f3n (ya junto al PCD se hab\u00eda integrado a otras tres organizaciones marxistas) la invitaci\u00f3n para asistir a la recepci\u00f3n oficial en el Palacio Nacional. La  iniciativa procedi\u00f3 de la parte cubana, que insisti\u00f3 en que nos incluyeran en la lista de invitados.<\/p>\n<\/p>\n<p>Hicimos la cola para saludar a los mandatarios y toc\u00f3 el turno de saludar a Fidel. Al acercarme \u00e9l me abraz\u00f3 con fuerza y me dijo al o\u00eddo: \u00abGracias, much\u00edsimas gracias. Estoy enterado de lo que hicieron. Nos veremos\u00bb.<\/p>\n<\/p>\n<p>Meses despu\u00e9s en Cuba me hicieron un discreto pero efusivo reconocimiento por esa importante contribuci\u00f3n y por el rol que hab\u00edan jugado aqu\u00ed nuestros camaradas, entre los que se destacaron, reitero, Jos\u00e9 Manuel Mel\u00e9ndez (Melendito) y Bartolo Tavera, este \u00faltimo combatiente junto al FMLN en El Salvador y el primero combatiente de la revoluci\u00f3n de 1965.<\/p>\n<\/p>\n<p>xxxxxxxxxxxxxxxxxxxxxxxxxxxxx<\/p>\n<\/p>\n<p>Ellos dos fueron -junto a los abnegados oficiales de la inteligencia cubana- los verdaderos h\u00e9roes de esa trascendente jornada.<\/p>\n<\/p>\n<p>El inmenso liderazgo de Fidel siempre cont\u00f3 con muchos talentos cubanos y de otros pa\u00edses capaces de defenderlo en vida, en ocasi\u00f3n incluso de no pocas de sus intr\u00e9pidas iniciativas.<\/p>\n<\/p>\n<p>Muchos de mis hermanos cubanos, jodedores como los que m\u00e1s, relajan con otras historias en las que Fidel se salvo de \u00abu\u00f1ita\u00bb, atribuy\u00e9ndole protecci\u00f3n de ciertos esp\u00edritus y fuerzas sobrenaturales amigas de la revoluci\u00f3n.<\/p>\n<\/p>\n<p>Sin despreciar esa \u00abayudita\u00bb de quienes hayan decidido apelar a ella ?dado que todos los m\u00e9todos de lucha que ayuden a hacer y defender revoluci\u00f3n podr\u00edan ser v\u00e1lidos- la verdad es que sobrevivir en medio de la hostilidad y los designios de muerte de un poder mundial tan criminal y perverso, no es cuesti\u00f3n de milagros, sino de respaldo de pueblos, m\u00e9todos apropiados, inteligencia pol\u00edtica, capacidad de defensa personal, c\u00e1lculo cient\u00edfico y gran intuici\u00f3n.<\/p>\n<\/p>\n<p>Ahora, lo m\u00e1s formidable de todo esto es como Fidel ha logrado sobrevivir en forma gigantesca a su muerte f\u00edsica.<\/p>\n<\/p>\n<p>Los verdugos de la humanidad no pudieron matarlo en vida y mucho menos desaparecerlo luego de agotada sus energ\u00edas f\u00edsico-biol\u00f3gica.<\/p>\n<\/p>\n<p>Por eso hoy celebramos su inmortalidad en su calidad de compensaci\u00f3n de la humanidad a todos sus sacrificios y aportes.<\/p>\n<\/p>\n<p>Valiosa recompensa a los que pasan por la vida terrenal dejando una estela de rebeld\u00edas frente a las injusticias y atrocidades de un orden capitalista mundial que ahora, m\u00e1s que antes, sigue derramando sangre y pus de la cabeza a los pies en medio de su decadencia.<\/p>\n<\/p>\n<p>Sigamos ese y otros ejemplos similares hasta hacer realidad la insurgencia global anticapitalista para recrear, a partir de toda la experiencia acumulada,  el comunismo anhelado y el gran proyecto de solidaridad humana del siglo XXI.-(25-11-17, Santo Domingo, RD)<\/p>\n<h6> 2017-11-26 07:57:10 <\/h6>\n<p><!--\n<link rel=\"stylesheet\" href=\"css\/bootstrap.min.css\">\n\n\n<ul class=\"pagination\">\n\t    \n\t\n\n<li >\n\t<a href='?page_no=7081'>Previous<\/a>\n\t<\/li>\n\n\n       \n    \n\n<li><a href='?page_no=1'>1<\/a><\/li>\n\n\n\n<li><a href='?page_no=2'>2<\/a><\/li>\n\n\n\n<li><a>...<\/a><\/li>\n\n\n\n<li><a href='?page_no=7080'>7080<\/a><\/li>\n\n\n\n<li><a href='?page_no=7081'>7081<\/a><\/li>\n\n\n\n<li class='active'><a>7082<\/a><\/li>\n\n\n\n<li><a href='?page_no=7083'>7083<\/a><\/li>\n\n\n\n<li><a href='?page_no=7084'>7084<\/a><\/li>\n\n\n\n<li><a>...<\/a><\/li>\n\n\n\n<li><a href='?page_no=36999'>36999<\/a><\/li>\n\n\n\n<li><a href='?page_no=37000'>37000<\/a><\/li>\n\n    \n\t\n\n<li >\n\t<a href='?page_no=7083'>Next<\/a>\n\t<\/li>\n\n\n    \n\n<li><a href='?page_no=37000'>Last &rsaquo;&rsaquo;<\/a><\/li>\n\n<\/ul>\n\n\n--><br \/>\n<\/body><\/p>\n","protected":false},"excerpt":{"rendered":"<p>Por Narciso Isa conde Hoy, precisamente el d\u00eda del cu\u00e1druple asesinato de las inmortales Hnas. Mirabal y de Rufino de la Cruz, conmemoramos el primer a\u00f1o de la inmortalidad de Fidel Castro Ruz, el l\u00edder revolucionario de mayor proyecci\u00f3n e impacto a escala planetaria (junto a Ernesto ?Che- Guevara de la Serna) a lo largo [&hellip;]<\/p>\n","protected":false},"author":3,"featured_media":0,"comment_status":"open","ping_status":"open","sticky":false,"template":"","format":"standard","meta":{"footnotes":""},"categories":[22],"tags":[],"class_list":["post-171814","post","type-post","status-publish","format-standard","hentry","category-politica"],"_links":{"self":[{"href":"https:\/\/diariodominicano.com\/index.php?rest_route=\/wp\/v2\/posts\/171814","targetHints":{"allow":["GET"]}}],"collection":[{"href":"https:\/\/diariodominicano.com\/index.php?rest_route=\/wp\/v2\/posts"}],"about":[{"href":"https:\/\/diariodominicano.com\/index.php?rest_route=\/wp\/v2\/types\/post"}],"author":[{"embeddable":true,"href":"https:\/\/diariodominicano.com\/index.php?rest_route=\/wp\/v2\/users\/3"}],"replies":[{"embeddable":true,"href":"https:\/\/diariodominicano.com\/index.php?rest_route=%2Fwp%2Fv2%2Fcomments&post=171814"}],"version-history":[{"count":0,"href":"https:\/\/diariodominicano.com\/index.php?rest_route=\/wp\/v2\/posts\/171814\/revisions"}],"wp:attachment":[{"href":"https:\/\/diariodominicano.com\/index.php?rest_route=%2Fwp%2Fv2%2Fmedia&parent=171814"}],"wp:term":[{"taxonomy":"category","embeddable":true,"href":"https:\/\/diariodominicano.com\/index.php?rest_route=%2Fwp%2Fv2%2Fcategories&post=171814"},{"taxonomy":"post_tag","embeddable":true,"href":"https:\/\/diariodominicano.com\/index.php?rest_route=%2Fwp%2Fv2%2Ftags&post=171814"}],"curies":[{"name":"wp","href":"https:\/\/api.w.org\/{rel}","templated":true}]}}