{"id":171812,"date":"2017-11-27T00:52:45","date_gmt":"2017-11-27T00:52:45","guid":{"rendered":"http:\/\/diariodominicano.ddns.net\/?p=171812"},"modified":"2017-11-27T00:52:45","modified_gmt":"2017-11-27T00:52:45","slug":"juramentan-directivas-frentes-comunitarios","status":"publish","type":"post","link":"https:\/\/diariodominicano.com\/?p=171812","title":{"rendered":"Juramentan directivas frentes comunitarios"},"content":{"rendered":"<p><body><\/p>\n<p><img decoding=\"async\" src=\"img3\/elpido con expositores.jpg\" \/><br \/><img decoding=\"async\" src=\"img3\/elpidio solo 26.jpg\" \/><br \/><img decoding=\"async\" src=\"img3\/elpidio con grupo.jpg\" \/>  <\/p>\n<p>En encuentro, Diputado Elpidio B\u00e1ez, muestra optimismo sobre unidad PLD, dice esta se convertir\u00e1 en triunfo en el a\u00f1o 2020<\/p>\n<\/p>\n<p><strong>SANTO DOMINGO, RD, 26 de noviembre de 2017.-<\/strong> \u00abAqu\u00ed hay calidad en este sal\u00f3n. Aqu\u00ed est\u00e1 el Partido y el que piense que esta organizaci\u00f3n se va a dividir yo les digo a ustedes que el PLD lo que va es a seguir en el poder despu\u00e9s del 2020\u00bb<\/p>\n<\/p>\n<p>Con esas palabras de Elpidio B\u00e1ez, Secretario de Participaci\u00f3n Comunitaria del PLD, dio apertura al Foro Comunitario: Trabajo Social y Marketing Pol\u00edtico, un acto  donde quedaron juramentadas la directiva de los Frentes Comunitarios y sus respectivos voceros provinciales.<\/p>\n<\/p>\n<p>Elpidio B\u00e1ez sostuvo que la tarea es capacitar a los l\u00edderes comunitarios que har\u00e1n la labor de voceros de las pol\u00edticas del Partido de la Liberaci\u00f3n Dominicana y del gobierno en curso.<\/p>\n<\/p>\n<p>Sobre el encuentro de este domingo, el tambi\u00e9n diputado ante el Congreso Nacional, dijo asimismo tratarse de un foro formativo con las herramientas y t\u00e9cnicas para el trabajo social  pero igualmente con dominio de la comunicaci\u00f3n pol\u00edtica con el objetivo de que estos voceros defiendan la gran labor de gobierno realizada por el PLD durante mucho tiempo.<\/p>\n<\/p>\n<p>En cuanto al actual, que encabeza Danilo Medina, dijo que es uno de los que m\u00e1s ha contribuido a enriquecer y fortalecer al pueblo dominicano y los trabajadores sociales se preparan para defenderlo desde el barrio, municipios, parajes y sesiones.<\/p>\n<\/p>\n<p>\u00abPorque nosotros vivimos en los lugares donde se asfaltan las calles, se construyen escuela, donde el gobierno desarrolla programa para reforestar, en los campos donde el gobierno invierte para el desarrollo de la producci\u00f3n agropecuaria,  es que estamos haciendo esa defensa\u00bb<\/p>\n<\/p>\n<p>Areng\u00f3 B\u00e1ez que  \u00abY aqu\u00ed est\u00e1n los voceros comunitarios capacit\u00e1ndose, form\u00e1ndose, haciendo y consolidando un compromiso desde el barrio con el gobierno\u00bb<\/p>\n<\/p>\n<p>Elpidio B\u00e1ez tambi\u00e9n destaca la intenci\u00f3n de motiva la educaci\u00f3n a lo interno del PLD partido que record\u00f3 naci\u00f3 bajo el esquema de cuadros y el \u00fanico que ha sido una escuela pol\u00edtica.<\/p>\n<\/p>\n<p>Dijo que desde la Secretaria de Participaci\u00f3n Comunitaria y el Foro Comunitario tienen el inter\u00e9s de volver a la educaci\u00f3n pol\u00edtica para que el partido se fortalezca cada vez mas<\/p>\n<\/p>\n<p>\u00abPorque La educaci\u00f3n es lo que mantiene al PLD unificado. Lo que aprendimos. Lo que Juan Bosch escribi\u00f3. Lo que Juan Bosch nos dijo\u00bb, es el pegamento que tiene al PLD unido.<\/p>\n<\/p>\n<p>Los expositores en el foro de este domingo fueron el psic\u00f3logo y acad\u00e9mico Rafael Antonio Quezada P\u00e9rez, el destacado comunicador Dar\u00edo Cuba y el consultor pol\u00edtico y tambi\u00e9n comunicador Wilson Rodr\u00edguez as\u00ed como el consultor Carlos francisco Blanco Fern\u00e1ndez<\/p>\n<\/p>\n<p>Una gran cantidad de vicesecretarios presentes entre estos, Jovanny Melo, , Eleodoro P\u00e9rez, Cristina Rodr\u00edguez, \u00c1ngel D\u00edaz, Juan Gonz\u00e1lez,  Marcia Reyes, Jovany Castillo, Rafael L\u00f3pez, Jos\u00e9 Lu\u00eds Castillo, Presidentes de Comit\u00e9 Intermedios estuvieron presentes, y presidentes de los Frentes Comunitarios de todo el pa\u00eds as\u00ed como un amplio n\u00facleo de destacados dirigentes y amigos del pa\u00eds<\/p>\n<\/p>\n<p>A una pregunta period\u00edstica previo al inicio del Foro y en lo que tiene que ver con la unidad asegur\u00f3 que el Partido de la Liberaci\u00f3n Dominicana est\u00e1 unido, se mantiene fuerte y vigoroso, y no hay situaci\u00f3n interna o externa que socave la hermandad que prevalece.<\/p>\n<\/p>\n<p> En ese sentido, subray\u00f3 que esa unidad es la garante del nuevo triunfo que obtendr\u00eda la entidad partidaria que le permitir\u00e1 seguir dirigiendo los destinos de la naci\u00f3n.<\/p>\n<\/p>\n<p> \u00abEn el PLD ni se avizora una divisi\u00f3n ni el PLD se va a dividir. El PLD lo que va es a seguir en el gobierno en el a\u00f1o 2020. Es la organizaci\u00f3n pol\u00edtica m\u00e1s s\u00f3lida, la m\u00e1s fuerte, m\u00e1s vigorosa, y la organizaci\u00f3n pol\u00edtica que ha dado los mejores gobiernos en democracia, en la Rep\u00fablica Dominicana, y el pueblo dominicano lo sabe y por eso respalda al PLD en las urnas\u00bb, afirm\u00f3 el legislador peledeista.<\/p>\n<\/p>\n<p>Destac\u00f3 que nunca los dominicanos hab\u00edan sido dirigidos por autoridades gubernamentales como en las administraciones presididas \u00abpor los compa\u00f1eros Leonel Fern\u00e1ndez y Danilo Medina\u00bb, gobiernos en los cuales se ha producido un progreso y desarrollo como nunca ante en la historia nacional.   <\/p>\n<\/p>\n<p>Valor\u00f3 que, desde las gestiones presidenciales peledeistas, se ha tenido siempre presente a la ciudadan\u00eda, principalmente, a los m\u00e1s despose\u00eddos, pensando y teniendo vigente el avance del pa\u00eds y de los sectores productivos.<\/p>\n<\/p>\n<p>Asegur\u00f3 que la obra de gobierno del PLD, la preparaci\u00f3n de la dirigencia, alta, media y baja, no permiten divisi\u00f3n alguna \u00aben nuestro partido\u00bb. \u00abEl PLD est\u00e1 en el poder, y seguir\u00e1 en el poder\u00bb, sentenci\u00f3 B\u00e1ez, representante oficialista en la C\u00e1mara de Diputados, por la circunscripci\u00f3n 3, del Distrito Nacional.<\/p>\n<\/p>\n<p>Resalt\u00f3 que la construcci\u00f3n de t\u00faneles, elevados, centros educativos, as\u00ed como el respaldo a los sectores productivos, el clima de confianza para la inversi\u00f3n nacional y extranjera son pruebas m\u00e1s que fehaciente de los trabajos que se han realizado desde los gobiernos peledeistas, encabezado por Leonel Fern\u00e1ndez y Danilo Medina, \u00aby esta obra de gobierno no se detendr\u00e1, prosigue m\u00e1s all\u00e1 del 2020\u00bb.  <\/p>\n<\/p>\n<p>\u00abEn el PLD la unidad nunca ha estado en juego, y ahora m\u00e1s que nunca es evidente la armon\u00eda que prevalece a lo interno de nuestro partido. No hay forma de que haya divisi\u00f3n, fuimos y estamos preparados para mantenernos unidos\u00bb, (Comunicaciones PLD)<\/p>\n<\/p>\n<h6> 2017-11-27 00:52:45 <\/h6>\n<p><!--\n<link rel=\"stylesheet\" href=\"css\/bootstrap.min.css\">\n\n\n<ul class=\"pagination\">\n\t    \n\t\n\n<li >\n\t<a href='?page_no=7079'>Previous<\/a>\n\t<\/li>\n\n\n       \n    \n\n<li><a href='?page_no=1'>1<\/a><\/li>\n\n\n\n<li><a href='?page_no=2'>2<\/a><\/li>\n\n\n\n<li><a>...<\/a><\/li>\n\n\n\n<li><a href='?page_no=7078'>7078<\/a><\/li>\n\n\n\n<li><a href='?page_no=7079'>7079<\/a><\/li>\n\n\n\n<li class='active'><a>7080<\/a><\/li>\n\n\n\n<li><a href='?page_no=7081'>7081<\/a><\/li>\n\n\n\n<li><a href='?page_no=7082'>7082<\/a><\/li>\n\n\n\n<li><a>...<\/a><\/li>\n\n\n\n<li><a href='?page_no=36999'>36999<\/a><\/li>\n\n\n\n<li><a href='?page_no=37000'>37000<\/a><\/li>\n\n    \n\t\n\n<li >\n\t<a href='?page_no=7081'>Next<\/a>\n\t<\/li>\n\n\n    \n\n<li><a href='?page_no=37000'>Last &rsaquo;&rsaquo;<\/a><\/li>\n\n<\/ul>\n\n\n--><br \/>\n<\/body><\/p>\n","protected":false},"excerpt":{"rendered":"<p>En encuentro, Diputado Elpidio B\u00e1ez, muestra optimismo sobre unidad PLD, dice esta se convertir\u00e1 en triunfo en el a\u00f1o 2020 SANTO DOMINGO, RD, 26 de noviembre de 2017.- \u00abAqu\u00ed hay calidad en este sal\u00f3n. Aqu\u00ed est\u00e1 el Partido y el que piense que esta organizaci\u00f3n se va a dividir yo les digo a ustedes que [&hellip;]<\/p>\n","protected":false},"author":3,"featured_media":0,"comment_status":"open","ping_status":"open","sticky":false,"template":"","format":"standard","meta":{"footnotes":""},"categories":[22],"tags":[],"class_list":["post-171812","post","type-post","status-publish","format-standard","hentry","category-politica"],"_links":{"self":[{"href":"https:\/\/diariodominicano.com\/index.php?rest_route=\/wp\/v2\/posts\/171812","targetHints":{"allow":["GET"]}}],"collection":[{"href":"https:\/\/diariodominicano.com\/index.php?rest_route=\/wp\/v2\/posts"}],"about":[{"href":"https:\/\/diariodominicano.com\/index.php?rest_route=\/wp\/v2\/types\/post"}],"author":[{"embeddable":true,"href":"https:\/\/diariodominicano.com\/index.php?rest_route=\/wp\/v2\/users\/3"}],"replies":[{"embeddable":true,"href":"https:\/\/diariodominicano.com\/index.php?rest_route=%2Fwp%2Fv2%2Fcomments&post=171812"}],"version-history":[{"count":0,"href":"https:\/\/diariodominicano.com\/index.php?rest_route=\/wp\/v2\/posts\/171812\/revisions"}],"wp:attachment":[{"href":"https:\/\/diariodominicano.com\/index.php?rest_route=%2Fwp%2Fv2%2Fmedia&parent=171812"}],"wp:term":[{"taxonomy":"category","embeddable":true,"href":"https:\/\/diariodominicano.com\/index.php?rest_route=%2Fwp%2Fv2%2Fcategories&post=171812"},{"taxonomy":"post_tag","embeddable":true,"href":"https:\/\/diariodominicano.com\/index.php?rest_route=%2Fwp%2Fv2%2Ftags&post=171812"}],"curies":[{"name":"wp","href":"https:\/\/api.w.org\/{rel}","templated":true}]}}