{"id":171807,"date":"2017-11-27T13:02:31","date_gmt":"2017-11-27T13:02:31","guid":{"rendered":"http:\/\/diariodominicano.ddns.net\/?p=171807"},"modified":"2017-11-27T13:02:31","modified_gmt":"2017-11-27T13:02:31","slug":"ignacio-ditren-advierte-acciones-grupales-en-el-pld-equivaldria-a-jugar-con-candela","status":"publish","type":"post","link":"https:\/\/diariodominicano.com\/?p=171807","title":{"rendered":"Ignacio Ditren advierte: Acciones grupales en el PLD equivaldr\u00eda a jugar con candela"},"content":{"rendered":"<p><body><\/p>\n<p><img decoding=\"async\" src=\"img3\/cautela.jpg\" \/>  <\/p>\n<p>Ignacio Ditr\u00e9n, miembro del Comit\u00e9 Central del Partido de la Liberaci\u00f3n Dominicana (PLD), titular de la Secretaria de Asuntos Municipales de la organizaci\u00f3n, entiende que se debe evitar cualquier acci\u00f3n an\u00f3mala a lo interno del pelede\u00edsmo que pudieran interpretarse como divisi\u00f3n.<\/p>\n<\/p>\n<p>Insisti\u00f3 que reinvindicar corrientes de simpat\u00edas por uno u otro dirigentes  en la pr\u00e1ctica  equivale  a jugar con candela, en el entendido de que se trata de contar con un  solo cuerpo e indivisible, para que este funcione bien<\/p>\n<\/p>\n<p>\u00abPorque desde el momento en que hay rojo tiene que haber azul, desde el momento en que hay verde tiene que haber amarillo y eso nos hace mucho da\u00f1o y probablemente estaremos cavando,  como dice el refr\u00e1n , nuestra propia tumba con la divisi\u00f3n interna\u00bb, coment\u00f3 Ditr\u00e9n.<\/p>\n<\/p>\n<p>Dijo que no tiene conocimiento alguno de encuentros con congresistas del Partido, como se denunci\u00f3 en la v\u00edspera,  pero que de ser cierta la versi\u00f3n, eso podr\u00eda causar grandes da\u00f1os al partido<\/p>\n<\/p>\n<p>En otro orden ya en el plano municipal, Ditr\u00e9n considera que las autoridades de las alcald\u00edas en sus diversas vertientes deben contribuir en la disminuci\u00f3n de la violencia en el pa\u00eds, espec\u00edficamente con iniciativas puntuales sobre la violencia de g\u00e9nero.<\/p>\n<\/p>\n<p>\u00abVoy a proponer que el 4 por ciento del presupuesto de los ayuntamientos que est\u00e1 destinado a educaci\u00f3n y g\u00e9nero sea aprovechado para eso\u00bb, apunt\u00f3 Ditr\u00e9n en nota divulgada por el PLD a trav\u00e9s de la Secretar\u00eda de Comunicaciones<\/p>\n<\/p>\n<p>Entrevistado en el programa Di\u00e1logo Urgente, el dirigente pelede\u00edsta considera prioritario hablarles a los hombres que las mujeres no son propiedades de uno y que \u00abuno se une a ellas por amor y si no hay amor simplemente hay que dejar eso\u00bb, apunt\u00f3<\/p>\n<\/p>\n<p>Ditr\u00e9n calific\u00f3 de muy buena iniciativa el programa Rep\u00fablica Dominicana Limpia, anunciado por el presidente Danilo Medina porque se muestra la alianza p\u00fablica privada y espera que cada vez m\u00e1s entidades se sumen a programa como ese.<\/p>\n<\/p>\n<p>Dijo que informe del BID dan cuenta de una muy buena recolecci\u00f3n de basura en Rep\u00fablica Dominicana que alcanza el 97 por ciento, sin embargo, el pa\u00eds est\u00e1 en un muy bajo lugar en eficiencia de colocaci\u00f3n de estos desechos s\u00f3lidos.<\/p>\n<\/p>\n<p>Sobre los beneficios de una ciudad limpia y que es de conveniencia para todos, el dirigente entiende que una inversi\u00f3n un poco m\u00e1s alta en los ayuntamientos no vendr\u00eda mal<\/p>\n<\/p>\n<p>\u00abToda vez que cuando tu invierte en limpieza no solamente en \u00e1rea municipal sino tambi\u00e9n en \u00e1rea de salud, de medioambiente y hasta de turismo\u00bb, signific\u00f3.<\/p>\n<h6> 2017-11-27 13:02:31 <\/h6>\n<p><!--\n<link rel=\"stylesheet\" href=\"css\/bootstrap.min.css\">\n\n\n<ul class=\"pagination\">\n\t    \n\t\n\n<li >\n\t<a href='?page_no=7075'>Previous<\/a>\n\t<\/li>\n\n\n       \n    \n\n<li><a href='?page_no=1'>1<\/a><\/li>\n\n\n\n<li><a href='?page_no=2'>2<\/a><\/li>\n\n\n\n<li><a>...<\/a><\/li>\n\n\n\n<li><a href='?page_no=7074'>7074<\/a><\/li>\n\n\n\n<li><a href='?page_no=7075'>7075<\/a><\/li>\n\n\n\n<li class='active'><a>7076<\/a><\/li>\n\n\n\n<li><a href='?page_no=7077'>7077<\/a><\/li>\n\n\n\n<li><a href='?page_no=7078'>7078<\/a><\/li>\n\n\n\n<li><a>...<\/a><\/li>\n\n\n\n<li><a href='?page_no=36999'>36999<\/a><\/li>\n\n\n\n<li><a href='?page_no=37000'>37000<\/a><\/li>\n\n    \n\t\n\n<li >\n\t<a href='?page_no=7077'>Next<\/a>\n\t<\/li>\n\n\n    \n\n<li><a href='?page_no=37000'>Last &rsaquo;&rsaquo;<\/a><\/li>\n\n<\/ul>\n\n\n--><br \/>\n<\/body><\/p>\n","protected":false},"excerpt":{"rendered":"<p>Ignacio Ditr\u00e9n, miembro del Comit\u00e9 Central del Partido de la Liberaci\u00f3n Dominicana (PLD), titular de la Secretaria de Asuntos Municipales de la organizaci\u00f3n, entiende que se debe evitar cualquier acci\u00f3n an\u00f3mala a lo interno del pelede\u00edsmo que pudieran interpretarse como divisi\u00f3n. Insisti\u00f3 que reinvindicar corrientes de simpat\u00edas por uno u otro dirigentes en la pr\u00e1ctica [&hellip;]<\/p>\n","protected":false},"author":3,"featured_media":0,"comment_status":"open","ping_status":"open","sticky":false,"template":"","format":"standard","meta":{"footnotes":""},"categories":[22],"tags":[],"class_list":["post-171807","post","type-post","status-publish","format-standard","hentry","category-politica"],"_links":{"self":[{"href":"https:\/\/diariodominicano.com\/index.php?rest_route=\/wp\/v2\/posts\/171807","targetHints":{"allow":["GET"]}}],"collection":[{"href":"https:\/\/diariodominicano.com\/index.php?rest_route=\/wp\/v2\/posts"}],"about":[{"href":"https:\/\/diariodominicano.com\/index.php?rest_route=\/wp\/v2\/types\/post"}],"author":[{"embeddable":true,"href":"https:\/\/diariodominicano.com\/index.php?rest_route=\/wp\/v2\/users\/3"}],"replies":[{"embeddable":true,"href":"https:\/\/diariodominicano.com\/index.php?rest_route=%2Fwp%2Fv2%2Fcomments&post=171807"}],"version-history":[{"count":0,"href":"https:\/\/diariodominicano.com\/index.php?rest_route=\/wp\/v2\/posts\/171807\/revisions"}],"wp:attachment":[{"href":"https:\/\/diariodominicano.com\/index.php?rest_route=%2Fwp%2Fv2%2Fmedia&parent=171807"}],"wp:term":[{"taxonomy":"category","embeddable":true,"href":"https:\/\/diariodominicano.com\/index.php?rest_route=%2Fwp%2Fv2%2Fcategories&post=171807"},{"taxonomy":"post_tag","embeddable":true,"href":"https:\/\/diariodominicano.com\/index.php?rest_route=%2Fwp%2Fv2%2Ftags&post=171807"}],"curies":[{"name":"wp","href":"https:\/\/api.w.org\/{rel}","templated":true}]}}