{"id":171806,"date":"2017-11-27T14:09:26","date_gmt":"2017-11-27T14:09:26","guid":{"rendered":"http:\/\/diariodominicano.ddns.net\/?p=171806"},"modified":"2017-11-27T14:09:26","modified_gmt":"2017-11-27T14:09:26","slug":"atribuyen-plan-a-miguel-vargas-para-impedir-convencion","status":"publish","type":"post","link":"https:\/\/diariodominicano.com\/?p=171806","title":{"rendered":"Atribuyen plan a Miguel Vargas para impedir convenci\u00f3n"},"content":{"rendered":"<p><body><\/p>\n<p><img decoding=\"async\" src=\"img3\/FUERA DE RECORD ENTREVISTA.jpeg\" \/>  <\/p>\n<\/p>\n<p><strong> <\/strong><\/p>\n<p><strong><span class=\"text1noticias\">Santo Domingo, RD, 27 de noviembre, &#8211;<\/span><\/strong><span class=\"text1noticias\"> El vicepresidente del Partido Revolucionario Dominicano (PRD) An\u00edbal Garc\u00eda Duverg\u00e9, denunci\u00f3 la existencia, seg\u00fan sostuvo,  de un  plan por parte de Miguel Vargas Maldonado para boicotear la convenci\u00f3n de esa organizaci\u00f3n prevista para el mes de marzo del pr\u00f3ximo a\u00f1o.<\/span><\/p>\n<\/p>\n<p><span class=\"text1noticias\">De acuerdo a su versi\u00f3n, Miguel Vargas busca poner delegados que responda a sus intereses para mediante una asamblea proclamarlo como Presidente por tiempo ilimitado, y as\u00ed impedir la convenci\u00f3n.<\/span><\/p>\n<p><span class=\"text1noticias\">A\u00f1adi\u00f3 que el Presidente del partido no le conviene la realizaci\u00f3n de la convenci\u00f3n, porque tiene un alto rechazo a lo interno de su organizaci\u00f3n pol\u00edtica. Explica que la inclinaci\u00f3n de muchos perredeistas es que en marzo haya un relevo de la direcci\u00f3n.<\/span><\/p>\n<\/p>\n<p><span class=\"text1noticias\">\u00abHay que  decir la mec\u00e1nica del Presidente del partido, durante el \u00faltimo proceso no han sido democr\u00e1tico\u00bb, asegur\u00f3 Garc\u00eda Duverg\u00e9 durante una entrevista realizada por Elvis Lima en el Programa Fuera de Record que se transmite en el Canal 45.<\/span><\/p>\n<\/p>\n<p><span class=\"text1noticias\">Insiste en que se debe definir la esencia democr\u00e1tica de estatutos del partido, para asumirla de manera democr\u00e1tica, rechazando la  manera dictatorial de Vargas Maldonado.<\/span><\/p>\n<\/p>\n<p><strong><span class=\"text1noticias\">Califica de torpeza pedido de sustituci\u00f3n de C\u00e9sar Mella<\/span><\/strong><\/p>\n<\/p>\n<p><span class=\"text1noticias\">Garc\u00eda Duverg\u00e9 atribuy\u00f3 a torpeza pol\u00edtica, el pedido de sustituci\u00f3n del pasado director del Instituto Dominicano de Seguros Sociales, Cesar Mella, porque entiende que un Presidente del partido no tiene el poder de comunicar ni quitar a ning\u00fan miembro de su cargo. Agreg\u00f3 que solo el poder ejecutivo tiene poder\u00edo de destituir por medio de decreto a un funcionario.<\/span><\/p>\n<p><span class=\"text1noticias\">\u00abEsta situaci\u00f3n fue manejada torpemente, porque el Presidente de un partido no tiene derecho a enviar comunicaciones para quitar a funcionarios de su labor p\u00fablica\u00bb<\/span><\/p>\n<p><span class=\"text1noticias\">Indic\u00f3 que Vargas Maldonado no tuvo de tacto pol\u00edtico, con relaci\u00f3n a la destituci\u00f3n de Cesar Mella, ni tampoco tuvo tacto manejando situaciones a lo interno del partido.  <\/span><\/p>\n<h6> 2017-11-27 14:09:26 <\/h6>\n<p><!--\n<link rel=\"stylesheet\" href=\"css\/bootstrap.min.css\">\n\n\n<ul class=\"pagination\">\n\t    \n\t\n\n<li >\n\t<a href='?page_no=7074'>Previous<\/a>\n\t<\/li>\n\n\n       \n    \n\n<li><a href='?page_no=1'>1<\/a><\/li>\n\n\n\n<li><a href='?page_no=2'>2<\/a><\/li>\n\n\n\n<li><a>...<\/a><\/li>\n\n\n\n<li><a href='?page_no=7073'>7073<\/a><\/li>\n\n\n\n<li><a href='?page_no=7074'>7074<\/a><\/li>\n\n\n\n<li class='active'><a>7075<\/a><\/li>\n\n\n\n<li><a href='?page_no=7076'>7076<\/a><\/li>\n\n\n\n<li><a href='?page_no=7077'>7077<\/a><\/li>\n\n\n\n<li><a>...<\/a><\/li>\n\n\n\n<li><a href='?page_no=36999'>36999<\/a><\/li>\n\n\n\n<li><a href='?page_no=37000'>37000<\/a><\/li>\n\n    \n\t\n\n<li >\n\t<a href='?page_no=7076'>Next<\/a>\n\t<\/li>\n\n\n    \n\n<li><a href='?page_no=37000'>Last &rsaquo;&rsaquo;<\/a><\/li>\n\n<\/ul>\n\n\n--><br \/>\n<\/body><\/p>\n","protected":false},"excerpt":{"rendered":"<p>Santo Domingo, RD, 27 de noviembre, &#8211; El vicepresidente del Partido Revolucionario Dominicano (PRD) An\u00edbal Garc\u00eda Duverg\u00e9, denunci\u00f3 la existencia, seg\u00fan sostuvo, de un plan por parte de Miguel Vargas Maldonado para boicotear la convenci\u00f3n de esa organizaci\u00f3n prevista para el mes de marzo del pr\u00f3ximo a\u00f1o. De acuerdo a su versi\u00f3n, Miguel Vargas busca [&hellip;]<\/p>\n","protected":false},"author":3,"featured_media":0,"comment_status":"open","ping_status":"open","sticky":false,"template":"","format":"standard","meta":{"footnotes":""},"categories":[22],"tags":[],"class_list":["post-171806","post","type-post","status-publish","format-standard","hentry","category-politica"],"_links":{"self":[{"href":"https:\/\/diariodominicano.com\/index.php?rest_route=\/wp\/v2\/posts\/171806","targetHints":{"allow":["GET"]}}],"collection":[{"href":"https:\/\/diariodominicano.com\/index.php?rest_route=\/wp\/v2\/posts"}],"about":[{"href":"https:\/\/diariodominicano.com\/index.php?rest_route=\/wp\/v2\/types\/post"}],"author":[{"embeddable":true,"href":"https:\/\/diariodominicano.com\/index.php?rest_route=\/wp\/v2\/users\/3"}],"replies":[{"embeddable":true,"href":"https:\/\/diariodominicano.com\/index.php?rest_route=%2Fwp%2Fv2%2Fcomments&post=171806"}],"version-history":[{"count":0,"href":"https:\/\/diariodominicano.com\/index.php?rest_route=\/wp\/v2\/posts\/171806\/revisions"}],"wp:attachment":[{"href":"https:\/\/diariodominicano.com\/index.php?rest_route=%2Fwp%2Fv2%2Fmedia&parent=171806"}],"wp:term":[{"taxonomy":"category","embeddable":true,"href":"https:\/\/diariodominicano.com\/index.php?rest_route=%2Fwp%2Fv2%2Fcategories&post=171806"},{"taxonomy":"post_tag","embeddable":true,"href":"https:\/\/diariodominicano.com\/index.php?rest_route=%2Fwp%2Fv2%2Ftags&post=171806"}],"curies":[{"name":"wp","href":"https:\/\/api.w.org\/{rel}","templated":true}]}}