{"id":171804,"date":"2017-11-27T23:54:37","date_gmt":"2017-11-27T23:54:37","guid":{"rendered":"http:\/\/diariodominicano.ddns.net\/?p=171804"},"modified":"2017-11-27T23:54:37","modified_gmt":"2017-11-27T23:54:37","slug":"comision-bicameral-acuerda-presidente-jce-sea-abogado","status":"publish","type":"post","link":"https:\/\/diariodominicano.com\/?p=171804","title":{"rendered":"Comisi\u00f3n Bicameral acuerda presidente JCE sea  abogado"},"content":{"rendered":"<p><body><\/p>\n<p><img decoding=\"async\" src=\"img3\/DSC_8770.JPG\" \/>  <\/p>\n<p><strong>SANTO DOMINGO, 27 de noviembre de 2017.- <\/strong>La Comisi\u00f3n Bicameral que estudia el proyecto de Ley Org\u00e1nica del R\u00e9gimen Electoral acord\u00f3 este lunes que el presidente de la Junta Central Electoral deber\u00e1 ser obligatoriamente un abogado, mientras que los cuatro restantes ser\u00e1n de profesiones afines al derecho, a la administraci\u00f3n y a la tecnolog\u00eda o inform\u00e1tica.<\/p>\n<\/p>\n<p>El presidente de la comisi\u00f3n, senador Ar\u00edstides Victoria Yeb manifest\u00f3 que \u00abmuchos sectores creen que la Junta Central Electoral tiene aspectos administrativos, t\u00e9cnicos e inform\u00e1ticos y no tienen por qu\u00e9 ser todos sus miembros abogados\u00bb.<\/p>\n<\/p>\n<p>En otro orden, el legislador revel\u00f3 que a\u00fan est\u00e1 pendiente de confirmaci\u00f3n la participaci\u00f3n del presidente del Tribunal Superior Electoral (TSE), Rom\u00e1n J\u00e1quez en la pr\u00f3xima reuni\u00f3n de la comisi\u00f3n a quien invitaron para exponer sus puntos de vista sobre algunos temas del proyecto.<\/p>\n<\/p>\n<p>\u00abEn la Constituci\u00f3n del 2010 las funciones electorales tienen dos fases: la Junta Central Electoral se encarga del \u00e1rea administrativa y el Tribunal Superior Electoral de la contenciosa. Esta Ley establece un r\u00e9gimen sobre lo contencioso y es de nuestro inter\u00e9s conocer la opini\u00f3n de los que van a impartir justicia en materia electoral; y esa es la inquietud nuestra, y por eso vamos a interactuar con el presidente del Tribunal Superior Electoral\u00bb, dijo el senador Ar\u00edstides Victoria Yeb.<\/p>\n<\/p>\n<p>El proyecto de Ley Org\u00e1nica del R\u00e9gimen Electoral est\u00e1 en la fase de revisi\u00f3n de los art\u00edculos que fueron consensuados y este lunes se avanz\u00f3 hasta el art\u00edculo 64.<\/p>\n<\/p>\n<p>El consenso alrededor del proyecto alcanza el 90% y el representante de la provincia Mar\u00eda Trinidad S\u00e1nchez  record\u00f3 que a\u00fan falta determinar si se aplicar\u00e1 o no el M\u00e9todo de Hondt y lo relacionado con el voto preferencial de los diputados y los regidores para las elecciones del 2020.<\/p>\n<\/p>\n<p>La pr\u00f3xima reuni\u00f3n de la Comisi\u00f3n ser\u00e1 el jueves a las 10 de la ma\u00f1ana en el Sal\u00f3n Polivalente del Senado de la Rep\u00fablica, para continuar con el estudio de la Pieza Legislativa.<\/p>\n<\/p>\n<p>Con el presidente de la JCE<\/p>\n<\/p>\n<p>El senador Ar\u00edstides Victoria Yeb dijo tambi\u00e9n que tienen pendiente una segunda fase de trabajo con el presidente de la Junta Central Electoral y los dem\u00e1s miembros del Pleno para continuar con el an\u00e1lisis del proyecto.<\/p>\n<\/p>\n<p>Record\u00f3 que en el \u00faltimo encuentro analizaron hasta el art\u00edculo 84 \u00aby quedaron muchas inquietudes de los dem\u00e1s comisionados raz\u00f3n por la cual el presidente de la JCE solicit\u00f3 un plazo prudente para dar respuesta sobre la iniciativa\u00bb, manifest\u00f3 el senador Ar\u00edstides Victoria Yeb.<\/p>\n<h6> 2017-11-27 23:54:37 <\/h6>\n<p><!--\n<link rel=\"stylesheet\" href=\"css\/bootstrap.min.css\">\n\n\n<ul class=\"pagination\">\n\t    \n\t\n\n<li >\n\t<a href='?page_no=7072'>Previous<\/a>\n\t<\/li>\n\n\n       \n    \n\n<li><a href='?page_no=1'>1<\/a><\/li>\n\n\n\n<li><a href='?page_no=2'>2<\/a><\/li>\n\n\n\n<li><a>...<\/a><\/li>\n\n\n\n<li><a href='?page_no=7071'>7071<\/a><\/li>\n\n\n\n<li><a href='?page_no=7072'>7072<\/a><\/li>\n\n\n\n<li class='active'><a>7073<\/a><\/li>\n\n\n\n<li><a href='?page_no=7074'>7074<\/a><\/li>\n\n\n\n<li><a href='?page_no=7075'>7075<\/a><\/li>\n\n\n\n<li><a>...<\/a><\/li>\n\n\n\n<li><a href='?page_no=36999'>36999<\/a><\/li>\n\n\n\n<li><a href='?page_no=37000'>37000<\/a><\/li>\n\n    \n\t\n\n<li >\n\t<a href='?page_no=7074'>Next<\/a>\n\t<\/li>\n\n\n    \n\n<li><a href='?page_no=37000'>Last &rsaquo;&rsaquo;<\/a><\/li>\n\n<\/ul>\n\n\n--><br \/>\n<\/body><\/p>\n","protected":false},"excerpt":{"rendered":"<p>SANTO DOMINGO, 27 de noviembre de 2017.- La Comisi\u00f3n Bicameral que estudia el proyecto de Ley Org\u00e1nica del R\u00e9gimen Electoral acord\u00f3 este lunes que el presidente de la Junta Central Electoral deber\u00e1 ser obligatoriamente un abogado, mientras que los cuatro restantes ser\u00e1n de profesiones afines al derecho, a la administraci\u00f3n y a la tecnolog\u00eda o [&hellip;]<\/p>\n","protected":false},"author":3,"featured_media":0,"comment_status":"open","ping_status":"open","sticky":false,"template":"","format":"standard","meta":{"footnotes":""},"categories":[22],"tags":[],"class_list":["post-171804","post","type-post","status-publish","format-standard","hentry","category-politica"],"_links":{"self":[{"href":"https:\/\/diariodominicano.com\/index.php?rest_route=\/wp\/v2\/posts\/171804","targetHints":{"allow":["GET"]}}],"collection":[{"href":"https:\/\/diariodominicano.com\/index.php?rest_route=\/wp\/v2\/posts"}],"about":[{"href":"https:\/\/diariodominicano.com\/index.php?rest_route=\/wp\/v2\/types\/post"}],"author":[{"embeddable":true,"href":"https:\/\/diariodominicano.com\/index.php?rest_route=\/wp\/v2\/users\/3"}],"replies":[{"embeddable":true,"href":"https:\/\/diariodominicano.com\/index.php?rest_route=%2Fwp%2Fv2%2Fcomments&post=171804"}],"version-history":[{"count":0,"href":"https:\/\/diariodominicano.com\/index.php?rest_route=\/wp\/v2\/posts\/171804\/revisions"}],"wp:attachment":[{"href":"https:\/\/diariodominicano.com\/index.php?rest_route=%2Fwp%2Fv2%2Fmedia&parent=171804"}],"wp:term":[{"taxonomy":"category","embeddable":true,"href":"https:\/\/diariodominicano.com\/index.php?rest_route=%2Fwp%2Fv2%2Fcategories&post=171804"},{"taxonomy":"post_tag","embeddable":true,"href":"https:\/\/diariodominicano.com\/index.php?rest_route=%2Fwp%2Fv2%2Ftags&post=171804"}],"curies":[{"name":"wp","href":"https:\/\/api.w.org\/{rel}","templated":true}]}}