{"id":171803,"date":"2017-11-28T00:16:27","date_gmt":"2017-11-28T00:16:27","guid":{"rendered":"http:\/\/diariodominicano.ddns.net\/?p=171803"},"modified":"2017-11-28T00:16:27","modified_gmt":"2017-11-28T00:16:27","slug":"frente-amplio-genera-recomposicion-de-fuerzas-politicas-en-chile","status":"publish","type":"post","link":"https:\/\/diariodominicano.com\/?p=171803","title":{"rendered":"Frente Amplio genera recomposici\u00f3n de fuerzas pol\u00edticas en Chile"},"content":{"rendered":"<p><body><\/p>\n<p><img decoding=\"async\" src=\"img3\/136780004_15117045948541n.jpg\" \/>  <\/p>\n<\/p>\n<p><strong> <\/strong><\/p>\n<p><strong>   Por Omar Mendoza<\/strong><\/p>\n<p><strong>   SANTIAGO, 27 nov (Xinhua) &#8211;<\/strong>&#8211; Chile experiment\u00f3 una recomposici\u00f3n de sus fuerzas pol\u00edticas, luego de la primera vuelta electoral presidencial y la elecci\u00f3n de legisladores del pasado 19 de noviembre.<\/p>\n<\/p>\n<p>   La coalici\u00f3n del Frente Amplio, un movimiento de izquierda que logr\u00f3 el 20 por ciento de los sufragios con su candidata presidencial, Beatriz S\u00e1nchez, super\u00f3 todos los pron\u00f3sticos para consolidarse como la tercera fuerza en el Congreso de Chile.<\/p>\n<\/p>\n<p>   Este resultado permiti\u00f3 que su presencia en la C\u00e1mara de Diputados se sextuplicara al pasar de 3 a 20 diputados electos, adem\u00e1s de elegir a un senador, para convertirse en una fuerza significativa en el Congreso.<\/p>\n<\/p>\n<p>   Ante este escenario, el diputado Gabriel Boric pidi\u00f3 hoy a la alianza oficialista Nueva Mayor\u00eda y a su candidato presidencial, Alejandro Guillier, \u00abponerse las pilas\u00bb para vencer en la segunda vuelta al candidato de Chile Vamos, Sebasti\u00e1n Pi\u00f1era, el pr\u00f3ximo 17 de diciembre.<\/p>\n<\/p>\n<p>   En opini\u00f3n de Boric, el Frente Amplio \u00abes una fuerza pol\u00edtica que se encuentra en una situaci\u00f3n de equivalencia con la Nueva Mayor\u00eda\u00bb.<\/p>\n<\/p>\n<p>   \u00abLo que pase de aqu\u00ed a las pr\u00f3ximas semanas no nos deja indiferente\u00bb, indic\u00f3, al llamar a Guillier a cambiar el discurso. <\/p>\n<\/p>\n<p>   \u00abAc\u00e1 hay un pueblo que quiere transformaciones. Por lo tanto, debe decidir si quiere dejar tranquilo al presidente de la empresarial Sociedad de Fomento Fabril (Sofofa), Bernardo Larra\u00edn Matte, o si va a avanzar a empujar transformaciones sensibles, como las pensiones, la salud, vivienda y educaci\u00f3n\u00bb, dijo.<\/p>\n<\/p>\n<p>   Agreg\u00f3 que \u00abse requiere de voluntad pol\u00edtica. Sabemos la amenaza que significa la derecha y el retroceso que significar\u00eda para Chile y, por lo tanto, la responsabilidad en la segunda vuelta la tiene Alejandro Guillier\u00bb. <\/p>\n<\/p>\n<p>   \u00abO deja contento y tranquilo a los empresarios perdiendo, o gana convocando al pueblo que quiere transformaciones en nuestro pa\u00eds\u00bb, precis\u00f3.<\/p>\n<\/p>\n<p>   Por su parte, Jorge Sharp, alcalde de Valpara\u00edso, recalc\u00f3 que \u00abestamos viviendo el inicio de una nueva \u00e9poca pol\u00edtica en Chile y, efectivamente, el discurso propio de la transici\u00f3n en Chile debiese quedar atr\u00e1s y (que) aparezca un discurso con mayores claridades\u00bb.<\/p>\n<\/p>\n<p>   \u00abLa derecha significa un serio retroceso para el pa\u00eds, los chilenos no van a vivir mejor con un gobierno de derecha. El problema es que no hemos podido conocer lo que quiere hacer la Nueva Mayor\u00eda y su candidato. Y eso es preocupante porque la responsabilidad de que la derecha vuelva a La Moneda no va a ser de nosotros\u00bb, alert\u00f3. <\/p>\n<\/p>\n<p>   \u00abEl llamado que nosotros hacemos es a &#8216;ponerse las pilas&#8217;, a entender que el Frente Amplio es una fuerza pol\u00edtica, social ciudadana que se encuentra en una situaci\u00f3n de equivalencia con la Nueva Mayor\u00eda, por tanto, esta forma casi despectiva, con una l\u00f3gica paternalista del candidato (&#8230;) no es el camino correcto\u00bb, agreg\u00f3.<\/p>\n<\/p>\n<p>   En Chile hay cuatro bloques pol\u00edticos: La Nueva Mayor\u00eda, de centroizquierda, que preside la mandataria Michelle Bachelet; Chile Vamos, opositora de derecha, encabezada por Pi\u00f1era; Fuerza de la Mayor\u00eda, presidida por Guillier; y el Frente Amplio, de izquierda, que rompi\u00f3 el duopolio de la pol\u00edtica chilena desde 1990.<\/p>\n<\/p>\n<p>   El candidato presidencial de la derecha, quien obtuvo el 36,6 por ciento de los votos en primera vuelta, y el representante de la oficialista Fuerza de la  Mayor\u00eda, quien logr\u00f3 el 22,7 por ciento, se enfrentar\u00e1n el pr\u00f3ximo 17 de diciembre en la segunda vuelta electoral, cuyo ganador sustituir\u00e1 a la presidenta Bachelet el pr\u00f3ximo 31 de marzo.  <\/p>\n<\/p>\n<p>   La sorpresa ha sido la irrupci\u00f3n del Frente Amplio, de izquierda, que con el 20,27 por ciento obtenido por Beatriz S\u00e1nchez se perfila como actor insoslayable de cambio en la pol\u00edtica nacional. <\/p>\n<\/p>\n<p>   Pi\u00f1era declar\u00f3 este lunes que el Frente Amplio representa el \u00abcamino de extremismo\u00bb de izquierda, mientras que Guillier ha dado se\u00f1ales para atraer la votaci\u00f3n de esa nueva fuerza pol\u00edtica.<\/p>\n<\/p>\n<p>   El senador Guillier pidi\u00f3 al Frente Amplio que \u00abno repase la historia. Ha costado mucho llegar a donde estamos. S\u00f3lo recuperar la gratuidad en la educaci\u00f3n va a cambiar Chile\u00bb, al instar a ese movimiento a votar el 17 de diciembre para hacer avanzar al pa\u00eds.<\/p>\n<\/p>\n<p>   Seg\u00fan Guillier, la Fuerza de la Mayor\u00eda \u00abtiene el desaf\u00edo de mantener en el tiempo las reformas y logros alcanzados por el gobierno de Michelle Bachelet y generar condiciones que permitan la profundizaci\u00f3n de tales reformas\u00bb.<\/p>\n<\/p>\n<p>   Coment\u00f3 que existe la \u00abposibilidad de que el Frente Amplio se consolide como una coalici\u00f3n alternativa, asegurando de ese modo su proyecci\u00f3n en el tiempo. No es primera vez que surge una alternativa o fuerza pol\u00edtica, diversa en su composici\u00f3n, que tiene un buen desempe\u00f1o pero que se desvanece con el pasar de los a\u00f1os\u00bb. Fin<\/p>\n<\/p>\n<h6> 2017-11-28 00:16:27 <\/h6>\n<p><!--\n<link rel=\"stylesheet\" href=\"css\/bootstrap.min.css\">\n\n\n<ul class=\"pagination\">\n\t    \n\t\n\n<li >\n\t<a href='?page_no=7071'>Previous<\/a>\n\t<\/li>\n\n\n       \n    \n\n<li><a href='?page_no=1'>1<\/a><\/li>\n\n\n\n<li><a href='?page_no=2'>2<\/a><\/li>\n\n\n\n<li><a>...<\/a><\/li>\n\n\n\n<li><a href='?page_no=7070'>7070<\/a><\/li>\n\n\n\n<li><a href='?page_no=7071'>7071<\/a><\/li>\n\n\n\n<li class='active'><a>7072<\/a><\/li>\n\n\n\n<li><a href='?page_no=7073'>7073<\/a><\/li>\n\n\n\n<li><a href='?page_no=7074'>7074<\/a><\/li>\n\n\n\n<li><a>...<\/a><\/li>\n\n\n\n<li><a href='?page_no=36999'>36999<\/a><\/li>\n\n\n\n<li><a href='?page_no=37000'>37000<\/a><\/li>\n\n    \n\t\n\n<li >\n\t<a href='?page_no=7073'>Next<\/a>\n\t<\/li>\n\n\n    \n\n<li><a href='?page_no=37000'>Last &rsaquo;&rsaquo;<\/a><\/li>\n\n<\/ul>\n\n\n--><br \/>\n<\/body><\/p>\n","protected":false},"excerpt":{"rendered":"<p>Por Omar Mendoza SANTIAGO, 27 nov (Xinhua) &#8211;&#8211; Chile experiment\u00f3 una recomposici\u00f3n de sus fuerzas pol\u00edticas, luego de la primera vuelta electoral presidencial y la elecci\u00f3n de legisladores del pasado 19 de noviembre. La coalici\u00f3n del Frente Amplio, un movimiento de izquierda que logr\u00f3 el 20 por ciento de los sufragios con su candidata presidencial, [&hellip;]<\/p>\n","protected":false},"author":3,"featured_media":0,"comment_status":"open","ping_status":"open","sticky":false,"template":"","format":"standard","meta":{"footnotes":""},"categories":[22],"tags":[],"class_list":["post-171803","post","type-post","status-publish","format-standard","hentry","category-politica"],"_links":{"self":[{"href":"https:\/\/diariodominicano.com\/index.php?rest_route=\/wp\/v2\/posts\/171803","targetHints":{"allow":["GET"]}}],"collection":[{"href":"https:\/\/diariodominicano.com\/index.php?rest_route=\/wp\/v2\/posts"}],"about":[{"href":"https:\/\/diariodominicano.com\/index.php?rest_route=\/wp\/v2\/types\/post"}],"author":[{"embeddable":true,"href":"https:\/\/diariodominicano.com\/index.php?rest_route=\/wp\/v2\/users\/3"}],"replies":[{"embeddable":true,"href":"https:\/\/diariodominicano.com\/index.php?rest_route=%2Fwp%2Fv2%2Fcomments&post=171803"}],"version-history":[{"count":0,"href":"https:\/\/diariodominicano.com\/index.php?rest_route=\/wp\/v2\/posts\/171803\/revisions"}],"wp:attachment":[{"href":"https:\/\/diariodominicano.com\/index.php?rest_route=%2Fwp%2Fv2%2Fmedia&parent=171803"}],"wp:term":[{"taxonomy":"category","embeddable":true,"href":"https:\/\/diariodominicano.com\/index.php?rest_route=%2Fwp%2Fv2%2Fcategories&post=171803"},{"taxonomy":"post_tag","embeddable":true,"href":"https:\/\/diariodominicano.com\/index.php?rest_route=%2Fwp%2Fv2%2Ftags&post=171803"}],"curies":[{"name":"wp","href":"https:\/\/api.w.org\/{rel}","templated":true}]}}