{"id":171799,"date":"2017-11-28T12:13:46","date_gmt":"2017-11-28T12:13:46","guid":{"rendered":"http:\/\/diariodominicano.ddns.net\/?p=171799"},"modified":"2017-11-28T12:13:46","modified_gmt":"2017-11-28T12:13:46","slug":"presidente-parlacen-se-reune-con-embajadores-de-israel-y-honduras","status":"publish","type":"post","link":"https:\/\/diariodominicano.com\/?p=171799","title":{"rendered":"Presidente Parlacen se re\u00fane con embajadores de Israel y Honduras"},"content":{"rendered":"<p><body><\/p>\n<p><img decoding=\"async\" src=\"img3\/parlacens.jpg\" \/>  <\/p>\n<p><strong>GUATEMALA, 28 de noviembre de 2017.- <\/strong> El presidente del Parlamento Centroamericano (Parlacen), diputado Tony Raful, se reuni\u00f3 por separado con los embajadores de Israel y Honduras acreditados en Guatemala, con los cuales trat\u00f3 temas relacionados con intercambio culturales y de cooperaci\u00f3n.<\/p>\n<\/p>\n<p>El licenciado Raful recibi\u00f3 la visita de cortes\u00eda de ambos diplom\u00e1ticos en la sede de organismo regional, donde estuvo acompa\u00f1ado por el Secretario de la Junta Directiva del Parlacen, diputado Manuel Adames.<\/p>\n<\/p>\n<p>Durante el encuentro con el embajador de Israel, Mattanya Cohen, abordaron temas dirigidos a fortalecer el intercambio cultural entre ambas partes.<\/p>\n<\/p>\n<p>Tambi\u00e9n acordaron designar un enlace para desarrollar planes de intercambio cultural e hist\u00f3rico que comprender\u00e1 disertaciones, testimonios gr\u00e1ficos y visuales sobre el \u00abHolocausto\u00bb, as\u00ed como asesoramiento en planes t\u00e9cnicos y productivos de los Estados Centroamericanos y Rep\u00fablica Dominicana.<\/p>\n<\/p>\n<p>Se design\u00f3 al diputado Manuel Adames como la persona que ser\u00e1 el enlace entre el Parlacen y la embajada de Israel en Guatemala, a los fines de darle continuidad a lo acordado en la reuni\u00f3n.<\/p>\n<\/p>\n<p>Visita Embajadora de Honduras<\/p>\n<p>Durante la visita de cortes\u00eda de la embajadora de la Rep\u00fablica de Honduras,  Estado miembro del Parlacen, Vivian Panting, intercambiaron  ideas y propuestas  comunes relacionadas  a los temas de integraci\u00f3n.<\/p>\n<\/p>\n<p>La reuni\u00f3n fue propicia para robustecer v\u00ednculos  de cooperaci\u00f3n y trabajo entre ambas representaciones del Parlacen y la Embajada de Honduras.<\/p>\n<\/p>\n<p>La diplom\u00e1tica hondure\u00f1a resalt\u00f3 la abogac\u00eda del Parlamento Centroamericano en favor de los migrantes luego del anuncio de suspensi\u00f3n del Programa de Estatus de Protecci\u00f3n Temporal (TPS) por parte del Gobierno de los Estados Unidos, a tiempo que dese\u00f3 \u00e9xitos en la gesti\u00f3n a la nueva Junta Directiva de la entidad regional para el per\u00edodo 2017-2018.<\/p>\n<\/p>\n<p>Por su parte, el presidente del Parlacen, Tony Raful, agradeci\u00f3 la visita de la embajadora Vivian Panting y se comprometi\u00f3 a reforzar las gestiones en defensa de los Derechos de los Migrantes de la regi\u00f3n.<\/p>\n<\/p>\n<p>En este encuentro con la embajadora de Honduras, el licenciado Raful tambi\u00e9n se hizo acompa\u00f1ar del Secretario de la Junta Directiva, diputado Manuel Adames.<\/p>\n<h6> 2017-11-28 12:13:46 <\/h6>\n<p><!--\n<link rel=\"stylesheet\" href=\"css\/bootstrap.min.css\">\n\n\n<ul class=\"pagination\">\n\t    \n\t\n\n<li >\n\t<a href='?page_no=7068'>Previous<\/a>\n\t<\/li>\n\n\n       \n    \n\n<li><a href='?page_no=1'>1<\/a><\/li>\n\n\n\n<li><a href='?page_no=2'>2<\/a><\/li>\n\n\n\n<li><a>...<\/a><\/li>\n\n\n\n<li><a href='?page_no=7067'>7067<\/a><\/li>\n\n\n\n<li><a href='?page_no=7068'>7068<\/a><\/li>\n\n\n\n<li class='active'><a>7069<\/a><\/li>\n\n\n\n<li><a href='?page_no=7070'>7070<\/a><\/li>\n\n\n\n<li><a href='?page_no=7071'>7071<\/a><\/li>\n\n\n\n<li><a>...<\/a><\/li>\n\n\n\n<li><a href='?page_no=36999'>36999<\/a><\/li>\n\n\n\n<li><a href='?page_no=37000'>37000<\/a><\/li>\n\n    \n\t\n\n<li >\n\t<a href='?page_no=7070'>Next<\/a>\n\t<\/li>\n\n\n    \n\n<li><a href='?page_no=37000'>Last &rsaquo;&rsaquo;<\/a><\/li>\n\n<\/ul>\n\n\n--><br \/>\n<\/body><\/p>\n","protected":false},"excerpt":{"rendered":"<p>GUATEMALA, 28 de noviembre de 2017.- El presidente del Parlamento Centroamericano (Parlacen), diputado Tony Raful, se reuni\u00f3 por separado con los embajadores de Israel y Honduras acreditados en Guatemala, con los cuales trat\u00f3 temas relacionados con intercambio culturales y de cooperaci\u00f3n. El licenciado Raful recibi\u00f3 la visita de cortes\u00eda de ambos diplom\u00e1ticos en la sede [&hellip;]<\/p>\n","protected":false},"author":3,"featured_media":0,"comment_status":"open","ping_status":"open","sticky":false,"template":"","format":"standard","meta":{"footnotes":""},"categories":[22],"tags":[],"class_list":["post-171799","post","type-post","status-publish","format-standard","hentry","category-politica"],"_links":{"self":[{"href":"https:\/\/diariodominicano.com\/index.php?rest_route=\/wp\/v2\/posts\/171799","targetHints":{"allow":["GET"]}}],"collection":[{"href":"https:\/\/diariodominicano.com\/index.php?rest_route=\/wp\/v2\/posts"}],"about":[{"href":"https:\/\/diariodominicano.com\/index.php?rest_route=\/wp\/v2\/types\/post"}],"author":[{"embeddable":true,"href":"https:\/\/diariodominicano.com\/index.php?rest_route=\/wp\/v2\/users\/3"}],"replies":[{"embeddable":true,"href":"https:\/\/diariodominicano.com\/index.php?rest_route=%2Fwp%2Fv2%2Fcomments&post=171799"}],"version-history":[{"count":0,"href":"https:\/\/diariodominicano.com\/index.php?rest_route=\/wp\/v2\/posts\/171799\/revisions"}],"wp:attachment":[{"href":"https:\/\/diariodominicano.com\/index.php?rest_route=%2Fwp%2Fv2%2Fmedia&parent=171799"}],"wp:term":[{"taxonomy":"category","embeddable":true,"href":"https:\/\/diariodominicano.com\/index.php?rest_route=%2Fwp%2Fv2%2Fcategories&post=171799"},{"taxonomy":"post_tag","embeddable":true,"href":"https:\/\/diariodominicano.com\/index.php?rest_route=%2Fwp%2Fv2%2Ftags&post=171799"}],"curies":[{"name":"wp","href":"https:\/\/api.w.org\/{rel}","templated":true}]}}