{"id":171797,"date":"2017-11-28T12:52:07","date_gmt":"2017-11-28T12:52:07","guid":{"rendered":"http:\/\/diariodominicano.ddns.net\/?p=171797"},"modified":"2017-11-28T12:52:07","modified_gmt":"2017-11-28T12:52:07","slug":"enrique-garcia-candidato-a-la-presidencia-del-card-llama-a-colegas-a-rescatar-al-gremio-del-descalabro-etico-institucional-y-administrativo","status":"publish","type":"post","link":"https:\/\/diariodominicano.com\/?p=171797","title":{"rendered":"Enrique Garc\u00eda, candidato a la presidencia del CARD, llama a colegas a rescatar al gremio del descalabro \u00e9tico, institucional y administrativo"},"content":{"rendered":"<p><body><\/p>\n<p><img decoding=\"async\" src=\"img3\/enrique0.jpg\" \/>  <\/p>\n<p>El licenciado Enrique Garc\u00eda, candidato a la presidencia del Colegio Dominicano de Abogados denunci\u00f3 hoy que la presente administraci\u00f3n del gremio ha manejado m\u00e1s de 200 millones de pesos sin que pueda mostrar qu\u00e9 ha hecho en favor de los profesionales del Derecho.<\/p>\n<\/p>\n<p>Citando un informe financiero del propio colegio, correspondiente  al semestre 1 de enero al 30 de junio, denunci\u00f3 que  la presente gesti\u00f3n destin\u00f3  6 millones, un mill\u00f3n de pesos por mes, a gastos de representaci\u00f3n.<\/p>\n<\/p>\n<p>El informe financiero tambi\u00e9n establece que fueron gastados 12 millones de pesos en asesor\u00edas y cursos en esos 6 meses, dos millones por mes, que lucen excesivos pues no se trata de cursos que pudieran contribuir a elevar el nivel acad\u00e9mico de los abogados.  Se\u00f1ala que figuran gastos por 150 y 200 mil pesos en cursos, que no se compadecen con la realidad.<\/p>\n<\/p>\n<p>Expuso Garc\u00eda que a consecuencia de la situaci\u00f3n de falta de transparencia en los gastos del Colegio,  han sido elevados actos de alguacil demandando que se ofrezcan detalles correspondientes a las partidas gastadas. <\/p>\n<\/p>\n<p>Deplor\u00f3 que pese a las altas sumas de dinero que recauda el colegio, sus miembros no tienen seguridad social ni seguro m\u00e9dico, pese a que desde las 35 seccionales de la entidad, se solicita de manera sistem\u00e1tica un seguro que contribuya a solventar los gastos m\u00e9dicos de sus afiliados.  El seguro m\u00e9dico se perdi\u00f3 debido a deudas por unos 60 millones de pesos.<\/p>\n<\/p>\n<p>Garc\u00eda hizo un vehemente llamado  a los abogados a rescatar su colegio de lo que llam\u00f3 un serio descalabro \u00e9tico, administrativo e institucional. Garc\u00eda es candidato de la plancha 2 a las elecciones a celebrarse el pr\u00f3ximo s\u00e1bado.  Insisti\u00f3 en que el Colegio debe ser rescatado de la falta de credibilidad y de prestigio profesional.    <\/p>\n<\/p>\n<p>Sostuvo que en la actualidad el Colegio no representa a los abogados ni a sus intereses, y fue enf\u00e1tico al precisar  que los profesionales del derecho deben constituirse en un factor de recuperaci\u00f3n de su gremio y contribuir a la correcci\u00f3n que debe producirse en la sociedad dominicana para detener el desorden y el irrespeto que campean en diversos campos de  la vida nacional.<\/p>\n<\/p>\n<p>Dijo que su candidatura representa el cambio a la actual gesti\u00f3n, que es protegida por el Partido de la Liberaci\u00f3n Dominicana, pese a lo cual, y en virtud de su conciencia profesional, muchos abogados que pertenecen al partido de gobierno, lo est\u00e1n apoyando.<\/p>\n<\/p>\n<p>Sostuvo que el caos institucional de la presente directiva se evidencia en que conforme sus estatutos la directiva debe reunirse cada 15 d\u00edas, pese a lo cual en m\u00e1s de un a\u00f1o no se ha reunido m\u00e1s que unas tres veces.<\/p>\n<\/p>\n<p>Garc\u00eda hizo los se\u00f1alamientos al ser entrevistado esta ma\u00f1ana en AN7 Amanecer,  por el canal 7.<\/p>\n<h6> 2017-11-28 12:52:07 <\/h6>\n<p><!--\n<link rel=\"stylesheet\" href=\"css\/bootstrap.min.css\">\n\n\n<ul class=\"pagination\">\n\t    \n\t\n\n<li >\n\t<a href='?page_no=7066'>Previous<\/a>\n\t<\/li>\n\n\n       \n    \n\n<li><a href='?page_no=1'>1<\/a><\/li>\n\n\n\n<li><a href='?page_no=2'>2<\/a><\/li>\n\n\n\n<li><a>...<\/a><\/li>\n\n\n\n<li><a href='?page_no=7065'>7065<\/a><\/li>\n\n\n\n<li><a href='?page_no=7066'>7066<\/a><\/li>\n\n\n\n<li class='active'><a>7067<\/a><\/li>\n\n\n\n<li><a href='?page_no=7068'>7068<\/a><\/li>\n\n\n\n<li><a href='?page_no=7069'>7069<\/a><\/li>\n\n\n\n<li><a>...<\/a><\/li>\n\n\n\n<li><a href='?page_no=36999'>36999<\/a><\/li>\n\n\n\n<li><a href='?page_no=37000'>37000<\/a><\/li>\n\n    \n\t\n\n<li >\n\t<a href='?page_no=7068'>Next<\/a>\n\t<\/li>\n\n\n    \n\n<li><a href='?page_no=37000'>Last &rsaquo;&rsaquo;<\/a><\/li>\n\n<\/ul>\n\n\n--><br \/>\n<\/body><\/p>\n","protected":false},"excerpt":{"rendered":"<p>El licenciado Enrique Garc\u00eda, candidato a la presidencia del Colegio Dominicano de Abogados denunci\u00f3 hoy que la presente administraci\u00f3n del gremio ha manejado m\u00e1s de 200 millones de pesos sin que pueda mostrar qu\u00e9 ha hecho en favor de los profesionales del Derecho. Citando un informe financiero del propio colegio, correspondiente al semestre 1 de [&hellip;]<\/p>\n","protected":false},"author":3,"featured_media":0,"comment_status":"open","ping_status":"open","sticky":false,"template":"","format":"standard","meta":{"footnotes":""},"categories":[22],"tags":[],"class_list":["post-171797","post","type-post","status-publish","format-standard","hentry","category-politica"],"_links":{"self":[{"href":"https:\/\/diariodominicano.com\/index.php?rest_route=\/wp\/v2\/posts\/171797","targetHints":{"allow":["GET"]}}],"collection":[{"href":"https:\/\/diariodominicano.com\/index.php?rest_route=\/wp\/v2\/posts"}],"about":[{"href":"https:\/\/diariodominicano.com\/index.php?rest_route=\/wp\/v2\/types\/post"}],"author":[{"embeddable":true,"href":"https:\/\/diariodominicano.com\/index.php?rest_route=\/wp\/v2\/users\/3"}],"replies":[{"embeddable":true,"href":"https:\/\/diariodominicano.com\/index.php?rest_route=%2Fwp%2Fv2%2Fcomments&post=171797"}],"version-history":[{"count":0,"href":"https:\/\/diariodominicano.com\/index.php?rest_route=\/wp\/v2\/posts\/171797\/revisions"}],"wp:attachment":[{"href":"https:\/\/diariodominicano.com\/index.php?rest_route=%2Fwp%2Fv2%2Fmedia&parent=171797"}],"wp:term":[{"taxonomy":"category","embeddable":true,"href":"https:\/\/diariodominicano.com\/index.php?rest_route=%2Fwp%2Fv2%2Fcategories&post=171797"},{"taxonomy":"post_tag","embeddable":true,"href":"https:\/\/diariodominicano.com\/index.php?rest_route=%2Fwp%2Fv2%2Ftags&post=171797"}],"curies":[{"name":"wp","href":"https:\/\/api.w.org\/{rel}","templated":true}]}}