{"id":171796,"date":"2017-11-28T12:56:48","date_gmt":"2017-11-28T12:56:48","guid":{"rendered":"http:\/\/diariodominicano.ddns.net\/?p=171796"},"modified":"2017-11-28T12:56:48","modified_gmt":"2017-11-28T12:56:48","slug":"ctu-exige-alternativa-salarial","status":"publish","type":"post","link":"https:\/\/diariodominicano.com\/?p=171796","title":{"rendered":"CTU exige alternativa salarial"},"content":{"rendered":"<p><body><\/p>\n<p><img decoding=\"async\" src=\"img3\/ctu.jpg\" \/>  <\/p>\n<p>Santo Domingo: Con el objetivo de mejorar las condiciones de vida, la Confederaci\u00f3n de Trabajadores Unitaria (CTU), exigi\u00f3 nuevamente del gobierno y su equipo econ\u00f3mico un reajuste salarial a los fines de cambiar la situaci\u00f3n salarial de los trabajadores y pensionados.<\/p>\n<\/p>\n<p>El Licenciado Francisco Ram\u00edrez, Secretario General de la CTU expres\u00f3 que los servidores p\u00fablicos tienen m\u00e1s de once a\u00f1os esperando un reajuste salarial y no ha habido voluntad del presidente.<\/p>\n<\/p>\n<p>\u00abSon once a\u00f1os que los empleados de los ministerio de Agricultura, Interior y Polic\u00eda, Obras Publicas, Deporte, Salud P\u00fablica, Instituto Agrario Dominicano (IAD), los ayuntamientos y otras dependencias del Estado, tiene esperando un justo aumento en sus salarios, ya que en el 2007 fue el \u00faltimo reajuste de salarios\u00bb.<\/p>\n<\/p>\n<p>El dirigente de la CTU, tambi\u00e9n exhorto al primer mandatario promulgar el reglamento de la Ley 105-13 de regulaci\u00f3n salarial del Estado, en su \u00faltima versi\u00f3n formulada por el Ministerio de Administraci\u00f3n P\u00fablica (MAP) el 6 de Agosto del 2012.<\/p>\n<\/p>\n<p>\u00abDe igual forma, vamos a solicitar su apoyo para que motive una Ley que pare la pr\u00e1ctica de aptar las multas al salario m\u00ednimo, porque en estos momentos un reajuste del salario del sector p\u00fablico puede ir en perjuicio de varios sectores de la sociedad\u00bb.<\/p>\n<\/p>\n<p>Dijo que ha identificado varias leyes que las multas son en base al salario m\u00ednimo, entre las que figuran, la Ley 87-01 que crea el Sistema Dominicano de Seguridad Social, la Ley No. 63-17 de Movilidad, Transporte Terrestre, la Ley 64-00 de Medio Ambiente, entre otras.<\/p>\n<h6> 2017-11-28 12:56:48 <\/h6>\n<p><!--\n<link rel=\"stylesheet\" href=\"css\/bootstrap.min.css\">\n\n\n<ul class=\"pagination\">\n\t    \n\t\n\n<li >\n\t<a href='?page_no=7065'>Previous<\/a>\n\t<\/li>\n\n\n       \n    \n\n<li><a href='?page_no=1'>1<\/a><\/li>\n\n\n\n<li><a href='?page_no=2'>2<\/a><\/li>\n\n\n\n<li><a>...<\/a><\/li>\n\n\n\n<li><a href='?page_no=7064'>7064<\/a><\/li>\n\n\n\n<li><a href='?page_no=7065'>7065<\/a><\/li>\n\n\n\n<li class='active'><a>7066<\/a><\/li>\n\n\n\n<li><a href='?page_no=7067'>7067<\/a><\/li>\n\n\n\n<li><a href='?page_no=7068'>7068<\/a><\/li>\n\n\n\n<li><a>...<\/a><\/li>\n\n\n\n<li><a href='?page_no=36999'>36999<\/a><\/li>\n\n\n\n<li><a href='?page_no=37000'>37000<\/a><\/li>\n\n    \n\t\n\n<li >\n\t<a href='?page_no=7067'>Next<\/a>\n\t<\/li>\n\n\n    \n\n<li><a href='?page_no=37000'>Last &rsaquo;&rsaquo;<\/a><\/li>\n\n<\/ul>\n\n\n--><br \/>\n<\/body><\/p>\n","protected":false},"excerpt":{"rendered":"<p>Santo Domingo: Con el objetivo de mejorar las condiciones de vida, la Confederaci\u00f3n de Trabajadores Unitaria (CTU), exigi\u00f3 nuevamente del gobierno y su equipo econ\u00f3mico un reajuste salarial a los fines de cambiar la situaci\u00f3n salarial de los trabajadores y pensionados. El Licenciado Francisco Ram\u00edrez, Secretario General de la CTU expres\u00f3 que los servidores p\u00fablicos [&hellip;]<\/p>\n","protected":false},"author":3,"featured_media":0,"comment_status":"open","ping_status":"open","sticky":false,"template":"","format":"standard","meta":{"footnotes":""},"categories":[22],"tags":[],"class_list":["post-171796","post","type-post","status-publish","format-standard","hentry","category-politica"],"_links":{"self":[{"href":"https:\/\/diariodominicano.com\/index.php?rest_route=\/wp\/v2\/posts\/171796","targetHints":{"allow":["GET"]}}],"collection":[{"href":"https:\/\/diariodominicano.com\/index.php?rest_route=\/wp\/v2\/posts"}],"about":[{"href":"https:\/\/diariodominicano.com\/index.php?rest_route=\/wp\/v2\/types\/post"}],"author":[{"embeddable":true,"href":"https:\/\/diariodominicano.com\/index.php?rest_route=\/wp\/v2\/users\/3"}],"replies":[{"embeddable":true,"href":"https:\/\/diariodominicano.com\/index.php?rest_route=%2Fwp%2Fv2%2Fcomments&post=171796"}],"version-history":[{"count":0,"href":"https:\/\/diariodominicano.com\/index.php?rest_route=\/wp\/v2\/posts\/171796\/revisions"}],"wp:attachment":[{"href":"https:\/\/diariodominicano.com\/index.php?rest_route=%2Fwp%2Fv2%2Fmedia&parent=171796"}],"wp:term":[{"taxonomy":"category","embeddable":true,"href":"https:\/\/diariodominicano.com\/index.php?rest_route=%2Fwp%2Fv2%2Fcategories&post=171796"},{"taxonomy":"post_tag","embeddable":true,"href":"https:\/\/diariodominicano.com\/index.php?rest_route=%2Fwp%2Fv2%2Ftags&post=171796"}],"curies":[{"name":"wp","href":"https:\/\/api.w.org\/{rel}","templated":true}]}}