{"id":171795,"date":"2017-11-28T12:58:39","date_gmt":"2017-11-28T12:58:39","guid":{"rendered":"http:\/\/diariodominicano.ddns.net\/?p=171795"},"modified":"2017-11-28T12:58:39","modified_gmt":"2017-11-28T12:58:39","slug":"jovenes-contra-la-violencia-solicita-pago-sueldo-13-a-empacadores-de-supermercados","status":"publish","type":"post","link":"https:\/\/diariodominicano.com\/?p=171795","title":{"rendered":"J\u00f3venes Contra la Violencia solicita pago sueldo 13 a  empacadores de Supermercados"},"content":{"rendered":"<p><body><\/p>\n<p><img decoding=\"async\" src=\"img3\/jovenes.jpg\" \/>  <\/p>\n<p><strong>SANTO DOMINGO, RD, 28 de noviembre de 2017.-  <\/strong>El dirigente juvenil  y presidente de J\u00f3venes contra la violencia, Tony Guevara pidi\u00f3 hoy a los due\u00f1os de supermercados entregar a los j\u00f3venes empacadores el salario 13 estipulado en el art\u00edculo 219 de la ley 16-92, del C\u00f3digo de Trabajo, a la vez que exigi\u00f3 respetar sus derechos, como la jornada laboral de ocho horas.<\/p>\n<\/p>\n<p>\u00abUn punto a tomar en cuenta es que la regal\u00eda pascual se paga a todos los trabajadores, ya sea que est\u00e9n ligados a la empresa por un contrato de tiempo indefinido, contratados para la ejecuci\u00f3n de una obra o servicio, o la prestaci\u00f3n de un servicio determinado. Esto se debe a que la Ley no se hace exclusi\u00f3n de ning\u00fan tipo de empleado, sino que se hace alusi\u00f3n al trabajador\u00bb apunt\u00f3 el dirugente juvenil.<\/p>\n<\/p>\n<p>Guevara se\u00f1al\u00f3? que el C\u00f3digo de Trabajo crea limitaciones para la contrataci\u00f3n de menores y basta ver los rostros de los empacadores para comprobar que algunos incluso son adolescentes de menos de 15 a\u00f1os de edad.<\/p>\n<\/p>\n<p>\u00abSiempre que voy al supermercado observo a decenas de j\u00f3venes que se desviven por colocar nuestra compra en fundas, depositarla en un carrito y llevarla hasta nuestro veh\u00edculo, todo a cambio de una propina. Me asombraba que en estos negocios hab\u00eda un cambio constante en el personal que empacaba. De un d\u00eda a otro los rostros eran diferentes\u00bb  sostuvo Tony Guevara.<\/p>\n<\/p>\n<p>Para mi sorpresa, todos me respond\u00edan casi lo mismo, que puedo resumir as\u00ed: \u00abSe\u00f1or, en la empresa nos contratan y nos despiden antes de los tres meses para no tener que darnos los chelitos, nos lo dicen antes y debemos aceptarlo porque necesitamos un empleo aunque sea en esas condiciones; para colmo tampoco nos pagan salario, horas extras, d\u00edas feriados, y ni estamos en la seguridad social, nos mantenemos de lo que ustedes nos dan, nos dicen que eso es legal\u00bb. ?  dijo.<\/p>\n<\/p>\n<p>Guevara record\u00f3 que el art\u00edculo 88 del C\u00f3digo de Trabajo se\u00f1ala las causas por las cuales el empleador puede dar por terminado el contrato de trabajo.<\/p>\n<\/p>\n<p>Este art\u00edculo, en su numeral 2, indica que puede producirse el despedido por \u00abejecutar el trabajo en forma que demuestre su incapacidad e ineficiencia. Esta causa deja de tener efecto a partir de los tres meses de prestar servicios el trabajador\u00bb. Transcurrido ese tiempo, el contrato de trabajo ser\u00e1 por tiempo indefinido.<\/p>\n<\/p>\n<p>Guevara indic\u00f3 que  estos supermercados han desvirtuado la sana y noble esencia del per\u00edodo de prueba. \u00abLos usan como un condenable mecanismo para cercenar los derechos laborales de los ciudadanos contratados, no para establecer si los mismos tienen o no facultades y habilidades para empacar bien\u00bb a\u00f1adi\u00f3.<\/p>\n<h6> 2017-11-28 12:58:39 <\/h6>\n<p><!--\n<link rel=\"stylesheet\" href=\"css\/bootstrap.min.css\">\n\n\n<ul class=\"pagination\">\n\t    \n\t\n\n<li >\n\t<a href='?page_no=7064'>Previous<\/a>\n\t<\/li>\n\n\n       \n    \n\n<li><a href='?page_no=1'>1<\/a><\/li>\n\n\n\n<li><a href='?page_no=2'>2<\/a><\/li>\n\n\n\n<li><a>...<\/a><\/li>\n\n\n\n<li><a href='?page_no=7063'>7063<\/a><\/li>\n\n\n\n<li><a href='?page_no=7064'>7064<\/a><\/li>\n\n\n\n<li class='active'><a>7065<\/a><\/li>\n\n\n\n<li><a href='?page_no=7066'>7066<\/a><\/li>\n\n\n\n<li><a href='?page_no=7067'>7067<\/a><\/li>\n\n\n\n<li><a>...<\/a><\/li>\n\n\n\n<li><a href='?page_no=36999'>36999<\/a><\/li>\n\n\n\n<li><a href='?page_no=37000'>37000<\/a><\/li>\n\n    \n\t\n\n<li >\n\t<a href='?page_no=7066'>Next<\/a>\n\t<\/li>\n\n\n    \n\n<li><a href='?page_no=37000'>Last &rsaquo;&rsaquo;<\/a><\/li>\n\n<\/ul>\n\n\n--><br \/>\n<\/body><\/p>\n","protected":false},"excerpt":{"rendered":"<p>SANTO DOMINGO, RD, 28 de noviembre de 2017.- El dirigente juvenil y presidente de J\u00f3venes contra la violencia, Tony Guevara pidi\u00f3 hoy a los due\u00f1os de supermercados entregar a los j\u00f3venes empacadores el salario 13 estipulado en el art\u00edculo 219 de la ley 16-92, del C\u00f3digo de Trabajo, a la vez que exigi\u00f3 respetar sus [&hellip;]<\/p>\n","protected":false},"author":3,"featured_media":0,"comment_status":"open","ping_status":"open","sticky":false,"template":"","format":"standard","meta":{"footnotes":""},"categories":[22],"tags":[],"class_list":["post-171795","post","type-post","status-publish","format-standard","hentry","category-politica"],"_links":{"self":[{"href":"https:\/\/diariodominicano.com\/index.php?rest_route=\/wp\/v2\/posts\/171795","targetHints":{"allow":["GET"]}}],"collection":[{"href":"https:\/\/diariodominicano.com\/index.php?rest_route=\/wp\/v2\/posts"}],"about":[{"href":"https:\/\/diariodominicano.com\/index.php?rest_route=\/wp\/v2\/types\/post"}],"author":[{"embeddable":true,"href":"https:\/\/diariodominicano.com\/index.php?rest_route=\/wp\/v2\/users\/3"}],"replies":[{"embeddable":true,"href":"https:\/\/diariodominicano.com\/index.php?rest_route=%2Fwp%2Fv2%2Fcomments&post=171795"}],"version-history":[{"count":0,"href":"https:\/\/diariodominicano.com\/index.php?rest_route=\/wp\/v2\/posts\/171795\/revisions"}],"wp:attachment":[{"href":"https:\/\/diariodominicano.com\/index.php?rest_route=%2Fwp%2Fv2%2Fmedia&parent=171795"}],"wp:term":[{"taxonomy":"category","embeddable":true,"href":"https:\/\/diariodominicano.com\/index.php?rest_route=%2Fwp%2Fv2%2Fcategories&post=171795"},{"taxonomy":"post_tag","embeddable":true,"href":"https:\/\/diariodominicano.com\/index.php?rest_route=%2Fwp%2Fv2%2Ftags&post=171795"}],"curies":[{"name":"wp","href":"https:\/\/api.w.org\/{rel}","templated":true}]}}