{"id":171793,"date":"2017-11-28T15:10:39","date_gmt":"2017-11-28T15:10:39","guid":{"rendered":"http:\/\/diariodominicano.ddns.net\/?p=171793"},"modified":"2017-11-28T15:10:39","modified_gmt":"2017-11-28T15:10:39","slug":"bauta-rojas-estoy-convencido-de-que-la-mejor-opcion-es-leonel-fernandez","status":"publish","type":"post","link":"https:\/\/diariodominicano.com\/?p=171793","title":{"rendered":"Bauta Rojas: \u00abEstoy convencido de que la mejor opci\u00f3n es Leonel Fern\u00e1ndez\u00bb"},"content":{"rendered":"<p><body><\/p>\n<p><img decoding=\"async\" src=\"img3\/bauta.jpg\" \/>  <\/p>\n<p><strong> <\/strong><\/p>\n<p><strong><span class=\"text1noticias\"> <\/span><\/strong><\/p>\n<p><strong><span class=\"text1noticias\">Santo Domingo, RD, 28 de noviembre, &#8211;<\/span><\/strong><span class=\"text1noticias\">\u00abEse es un tema que no est\u00e1 en discusi\u00f3n, la reelecci\u00f3n est\u00e1 prohibida\u00bb, es la afirmaci\u00f3n del miembro del Comit\u00e9 Pol\u00edtico del Partido de la Liberaci\u00f3n Dominicana, Bautista (Bauta) Rojas G\u00f3mez, quien se\u00f1al\u00f3 que el presidente de esa organizaci\u00f3n pol\u00edtica, Leonel Fern\u00e1ndez ser\u00e1 el seguro candidato y que es el camino m\u00e1s corto para ganar las elecciones de 2020.<\/span><\/p>\n<p><span class=\"text1noticias\"> <\/span><\/p>\n<p><span class=\"text1noticias\">\u00abSoy un convencido de que el PLD debe seguir gobernando la Rep\u00fablica Dominicana y estoy convencido de que la mejor opci\u00f3n es Leonel Fern\u00e1ndez\u00bb, expres\u00f3 este martes el dirigente pelede\u00edsta, quien agreg\u00f3 que a quien se escoja en el PLD, sea hombre o mujer, ser\u00e1 el candidato del partido.<\/span><\/p>\n<p><span class=\"text1noticias\"> <\/span><\/p>\n<p><span class=\"text1noticias\">Volvi\u00f3 a reiterar que \u00abla reelecci\u00f3n est\u00e1 prohibida\u00bb, cuando le preguntaron si Danilo Medina estaba entre esos candidatos precisando que no est\u00e1 prohibido en la Constituci\u00f3n y que ese es otro tema y que no se puede \u00abponer la carreta delante de los caballos\u00bb.<\/span><\/p>\n<p><span class=\"text1noticias\"> <\/span><\/p>\n<p><span class=\"text1noticias\">Asegur\u00f3 que el expresidente y presidente del partido, Fern\u00e1ndez, ser\u00e1 el candidato para las elecciones de 2020 y que est\u00e1n trabajando por la candidatura del exmandatario.<\/span><\/p>\n<p><span class=\"text1noticias\"> <\/span><\/p>\n<p><span class=\"text1noticias\">\u00abLeonel va a ser el candidato del PLD para el 2020\u00bb, afirm\u00f3 Bauta, se\u00f1alando que tiene la certeza de la simpat\u00eda con la que goza el liderazgo del expresidente dentro y fuera del partido.<\/span><\/p>\n<p><span class=\"text1noticias\"> <\/span><\/p>\n<p><span class=\"text1noticias\">Rojas G\u00f3mez manifest\u00f3 que cree en la alternabilidad y que hay compa\u00f1eros con condiciones en el PLD, pero que tienen que coger la ropa, meterla en el r\u00edo, lavarla y planchar como han hecho Fern\u00e1ndez y  Medina.<\/span><\/p>\n<p><span class=\"text1noticias\"> <\/span><\/p>\n<p><span class=\"text1noticias\">Destac\u00f3 que cree que para ser candidato y presidente adem\u00e1s de las condiciones, es necesario e imprescindible  ser aspirado por el pueblo dominicano.<\/span><\/p>\n<p><span class=\"text1noticias\"> <\/span><\/p>\n<p><span class=\"text1noticias\">Estas declaraciones las ofreci\u00f3 el exministro de Salud P\u00fablica dirante una entrevista en El Zol de la Ma\u00f1ana.<\/span><\/p>\n<\/p>\n<h6> 2017-11-28 15:10:39 <\/h6>\n<p><!--\n<link rel=\"stylesheet\" href=\"css\/bootstrap.min.css\">\n\n\n<ul class=\"pagination\">\n\t    \n\t\n\n<li >\n\t<a href='?page_no=7062'>Previous<\/a>\n\t<\/li>\n\n\n       \n    \n\n<li><a href='?page_no=1'>1<\/a><\/li>\n\n\n\n<li><a href='?page_no=2'>2<\/a><\/li>\n\n\n\n<li><a>...<\/a><\/li>\n\n\n\n<li><a href='?page_no=7061'>7061<\/a><\/li>\n\n\n\n<li><a href='?page_no=7062'>7062<\/a><\/li>\n\n\n\n<li class='active'><a>7063<\/a><\/li>\n\n\n\n<li><a href='?page_no=7064'>7064<\/a><\/li>\n\n\n\n<li><a href='?page_no=7065'>7065<\/a><\/li>\n\n\n\n<li><a>...<\/a><\/li>\n\n\n\n<li><a href='?page_no=36999'>36999<\/a><\/li>\n\n\n\n<li><a href='?page_no=37000'>37000<\/a><\/li>\n\n    \n\t\n\n<li >\n\t<a href='?page_no=7064'>Next<\/a>\n\t<\/li>\n\n\n    \n\n<li><a href='?page_no=37000'>Last &rsaquo;&rsaquo;<\/a><\/li>\n\n<\/ul>\n\n\n--><br \/>\n<\/body><\/p>\n","protected":false},"excerpt":{"rendered":"<p>Santo Domingo, RD, 28 de noviembre, &#8211;\u00abEse es un tema que no est\u00e1 en discusi\u00f3n, la reelecci\u00f3n est\u00e1 prohibida\u00bb, es la afirmaci\u00f3n del miembro del Comit\u00e9 Pol\u00edtico del Partido de la Liberaci\u00f3n Dominicana, Bautista (Bauta) Rojas G\u00f3mez, quien se\u00f1al\u00f3 que el presidente de esa organizaci\u00f3n pol\u00edtica, Leonel Fern\u00e1ndez ser\u00e1 el seguro candidato y que es [&hellip;]<\/p>\n","protected":false},"author":3,"featured_media":0,"comment_status":"open","ping_status":"open","sticky":false,"template":"","format":"standard","meta":{"footnotes":""},"categories":[22],"tags":[],"class_list":["post-171793","post","type-post","status-publish","format-standard","hentry","category-politica"],"_links":{"self":[{"href":"https:\/\/diariodominicano.com\/index.php?rest_route=\/wp\/v2\/posts\/171793","targetHints":{"allow":["GET"]}}],"collection":[{"href":"https:\/\/diariodominicano.com\/index.php?rest_route=\/wp\/v2\/posts"}],"about":[{"href":"https:\/\/diariodominicano.com\/index.php?rest_route=\/wp\/v2\/types\/post"}],"author":[{"embeddable":true,"href":"https:\/\/diariodominicano.com\/index.php?rest_route=\/wp\/v2\/users\/3"}],"replies":[{"embeddable":true,"href":"https:\/\/diariodominicano.com\/index.php?rest_route=%2Fwp%2Fv2%2Fcomments&post=171793"}],"version-history":[{"count":0,"href":"https:\/\/diariodominicano.com\/index.php?rest_route=\/wp\/v2\/posts\/171793\/revisions"}],"wp:attachment":[{"href":"https:\/\/diariodominicano.com\/index.php?rest_route=%2Fwp%2Fv2%2Fmedia&parent=171793"}],"wp:term":[{"taxonomy":"category","embeddable":true,"href":"https:\/\/diariodominicano.com\/index.php?rest_route=%2Fwp%2Fv2%2Fcategories&post=171793"},{"taxonomy":"post_tag","embeddable":true,"href":"https:\/\/diariodominicano.com\/index.php?rest_route=%2Fwp%2Fv2%2Ftags&post=171793"}],"curies":[{"name":"wp","href":"https:\/\/api.w.org\/{rel}","templated":true}]}}