{"id":171790,"date":"2017-11-29T11:09:51","date_gmt":"2017-11-29T11:09:51","guid":{"rendered":"http:\/\/diariodominicano.ddns.net\/?p=171790"},"modified":"2017-11-29T11:09:51","modified_gmt":"2017-11-29T11:09:51","slug":"municipalidad-se-compromete-con-los-objetivos-de-desarrollo-sostenible-y-la-reforma-municipal","status":"publish","type":"post","link":"https:\/\/diariodominicano.com\/?p=171790","title":{"rendered":"Municipalidad se compromete con los Objetivos de Desarrollo Sostenible y la Reforma Municipal"},"content":{"rendered":"<p><body><\/p>\n<p><img decoding=\"async\" src=\"img3\/municipis.jpg\" \/>  <\/p>\n<p>La Liga Municipal Dominicana (LMD) y la Federaci\u00f3n Dominicana de Municipios (FEDOMU) dieron apertura a la Asamblea General de Municipios 2017 en la que se dan cita todos los alcaldes y alcaldesas del pa\u00eds para intercambiar y aprobar las grandes l\u00edneas de trabajo que impulsar\u00e1 la municipalidad en el pr\u00f3ximo a\u00f1o, destacando entre ellas el compromiso con la contribuci\u00f3n a la implementaci\u00f3n de los Objetivos de Desarrollo Sostenible (ODS) as\u00ed como con los resultados esperados del proceso de reforma municipal que impulsa la Comisi\u00f3n presidencia de Reforma Municipal (COPREM) creada por el decreto 85-15.<\/p>\n<\/p>\n<p>El acto de apertura cont\u00f3 con la participaci\u00f3n del Ministro de Interior y Polic\u00eda, Carlos Amarante Baret; el ministro de Econom\u00eda, Planificaci\u00f3n y Desarrollo, Isidoro Santana; el ministro de Educaci\u00f3n Andr\u00e9s Navarro; el presidente de la C\u00e1mara de Cuentas, Hugo \u00c1lvarez P\u00e9rez; el director general de Programas Especiales de la Presidencia, Domingo Contreras; el enlace del Poder Ejecutivo con los ayuntamientos y secretario ejecutivo de la COPREM, Odalis Araujo; as\u00ed como Gianluca Grippa, Embajador de la Uni\u00f3n Europea en la Rep\u00fablica Dominicana, organismo internacional que apoya este evento junto a la International City\/County Management Association (ICMA) y la Agencia de los Estados Unidos para el Desarrollo Internacional (USAID).<\/p>\n<\/p>\n<p>El Presidente de FEDOMU y alcalde de Azua, expres\u00f3 su satisfacci\u00f3n por la organizaci\u00f3n de esta actividad que re\u00fane a las autoridades locales del pa\u00eds y destac\u00f3 los avances de la municipalidad agradeciendo a funcionarios del gobierno y legisladores as\u00ed como entidades internacionales presentes por su apoyo: \u00abAnte las diversas dificultades que atravesamos los gobiernos locales, encontrar aliados como ustedes resulta de vital importancia puesto que s\u00f3lo desde el di\u00e1logo franco y sincero as\u00ed como desde la colaboraci\u00f3n podemos alcanzar soluciones que impulsen un mejor desarrollo local\u00bb.<\/p>\n<\/p>\n<p>El Secretario General de la Liga Municipal Dominicana, Johnny Jones dijo que \u00abhemos ido   avanzando en la reforma a trav\u00e9s del decreto 85-15, donde contamos con un observatorio de pol\u00edticas municipales y servicios donde el SISMAP-MUNICIPAL se ha consolidado como instrumento de competencia y referencia para el avance municipal. Y en estos avances tenemos que agradecer el acompa\u00f1amiento de la presidencia a trav\u00e9s de DIGEPEP, del MAP y del Ministerio de la presidencia\u00bb.<\/p>\n<\/p>\n<p>Luciana Mermet, representante adjunta del Programa de Naciones Unidas para el Desarrollo (PNUD) en el pa\u00eds tuvo a cargo la primera conferencia de apertura dedicada a \u00abEl rol de los gobiernos locales en la implementaci\u00f3n de los Objetivos de Desarrollo Sostenible\u00bb destacando en ella como la Agenda 2030 cuenta con la participaci\u00f3n de todos los sectores de la sociedad para su cumplimiento, con \u00e9nfasis en los gobiernos locales como entidad de gobierno de m\u00e1s cercan\u00eda a la ciudadan\u00eda.<\/p>\n<\/p>\n<p>Junto a ella, Domingo Contreras, director general de Programas Especiales de la Presidencia (DIGEPEP) expuso sobre los avances del Plan Nacional Dominicana Limpia, lanzado por el Presidente de la Rep\u00fablica con el apoyo de la Cervecer\u00eda Nacional Dominicana, el pasado mes de junio, y que busca implementar la pol\u00edtica nacional de manejo integral de los residuos s\u00f3lidos en los municipios en cuanto a la recolecci\u00f3n, manejo y disposici\u00f3n final de los mismo a trav\u00e9s de la articulaci\u00f3n de todos los sectores involucrados, p\u00fablicos y privados.<\/p>\n<\/p>\n<p>Al cierre del acto se produjo la firma de un acuerdo de colaboraci\u00f3n entre el Ministerio de Educaci\u00f3n y FEDOMU sobre la Gesti\u00f3n Integral de Residuos S\u00f3lidos en el sector educativo.<\/p>\n<\/p>\n<p>La Asamblea tendr\u00e1 continuidad los dos d\u00edas siguientes en los que se desarrollar\u00e1 la sesi\u00f3n t\u00e9cnica as\u00ed como la celebraci\u00f3n de la Asamblea Anual de la Liga Municipal Dominicana y la XVI Asamblea Ordinaria de FEDOMU. <\/p>\n<\/p>\n<p>Entre los temas a tratar durante la sesi\u00f3n t\u00e9cnica se encuentran: la mejora del tr\u00e1nsito y la movilidad urbana en el marco de la aprobaci\u00f3n de la nueva Ley de tr\u00e1nsito y transporte que crea el INTRANT; la consolidaci\u00f3n de los procesos de planificaci\u00f3n del territorio para que los municipios fortalezcan sus capacidades para estar m\u00e1s preparados ante los efectos del cambio clim\u00e1tico y los fen\u00f3menos naturales as\u00ed como la continuidad en la mejora de la rendici\u00f3n de cuentas y fiscalizaci\u00f3n municipal junto a la consideraci\u00f3n de la necesidad de actualizar el marco legal municipal con la aprobaci\u00f3n de la Ley Org\u00e1nica de la Administraci\u00f3n Local.<\/p>\n<h6> 2017-11-29 11:09:51 <\/h6>\n<p><!--\n<link rel=\"stylesheet\" href=\"css\/bootstrap.min.css\">\n\n\n<ul class=\"pagination\">\n\t    \n\t\n\n<li >\n\t<a href='?page_no=7059'>Previous<\/a>\n\t<\/li>\n\n\n       \n    \n\n<li><a href='?page_no=1'>1<\/a><\/li>\n\n\n\n<li><a href='?page_no=2'>2<\/a><\/li>\n\n\n\n<li><a>...<\/a><\/li>\n\n\n\n<li><a href='?page_no=7058'>7058<\/a><\/li>\n\n\n\n<li><a href='?page_no=7059'>7059<\/a><\/li>\n\n\n\n<li class='active'><a>7060<\/a><\/li>\n\n\n\n<li><a href='?page_no=7061'>7061<\/a><\/li>\n\n\n\n<li><a href='?page_no=7062'>7062<\/a><\/li>\n\n\n\n<li><a>...<\/a><\/li>\n\n\n\n<li><a href='?page_no=36999'>36999<\/a><\/li>\n\n\n\n<li><a href='?page_no=37000'>37000<\/a><\/li>\n\n    \n\t\n\n<li >\n\t<a href='?page_no=7061'>Next<\/a>\n\t<\/li>\n\n\n    \n\n<li><a href='?page_no=37000'>Last &rsaquo;&rsaquo;<\/a><\/li>\n\n<\/ul>\n\n\n--><br \/>\n<\/body><\/p>\n","protected":false},"excerpt":{"rendered":"<p>La Liga Municipal Dominicana (LMD) y la Federaci\u00f3n Dominicana de Municipios (FEDOMU) dieron apertura a la Asamblea General de Municipios 2017 en la que se dan cita todos los alcaldes y alcaldesas del pa\u00eds para intercambiar y aprobar las grandes l\u00edneas de trabajo que impulsar\u00e1 la municipalidad en el pr\u00f3ximo a\u00f1o, destacando entre ellas el [&hellip;]<\/p>\n","protected":false},"author":3,"featured_media":0,"comment_status":"open","ping_status":"open","sticky":false,"template":"","format":"standard","meta":{"footnotes":""},"categories":[22],"tags":[],"class_list":["post-171790","post","type-post","status-publish","format-standard","hentry","category-politica"],"_links":{"self":[{"href":"https:\/\/diariodominicano.com\/index.php?rest_route=\/wp\/v2\/posts\/171790","targetHints":{"allow":["GET"]}}],"collection":[{"href":"https:\/\/diariodominicano.com\/index.php?rest_route=\/wp\/v2\/posts"}],"about":[{"href":"https:\/\/diariodominicano.com\/index.php?rest_route=\/wp\/v2\/types\/post"}],"author":[{"embeddable":true,"href":"https:\/\/diariodominicano.com\/index.php?rest_route=\/wp\/v2\/users\/3"}],"replies":[{"embeddable":true,"href":"https:\/\/diariodominicano.com\/index.php?rest_route=%2Fwp%2Fv2%2Fcomments&post=171790"}],"version-history":[{"count":0,"href":"https:\/\/diariodominicano.com\/index.php?rest_route=\/wp\/v2\/posts\/171790\/revisions"}],"wp:attachment":[{"href":"https:\/\/diariodominicano.com\/index.php?rest_route=%2Fwp%2Fv2%2Fmedia&parent=171790"}],"wp:term":[{"taxonomy":"category","embeddable":true,"href":"https:\/\/diariodominicano.com\/index.php?rest_route=%2Fwp%2Fv2%2Fcategories&post=171790"},{"taxonomy":"post_tag","embeddable":true,"href":"https:\/\/diariodominicano.com\/index.php?rest_route=%2Fwp%2Fv2%2Ftags&post=171790"}],"curies":[{"name":"wp","href":"https:\/\/api.w.org\/{rel}","templated":true}]}}