{"id":171788,"date":"2017-11-29T11:43:45","date_gmt":"2017-11-29T11:43:45","guid":{"rendered":"http:\/\/diariodominicano.ddns.net\/?p=171788"},"modified":"2017-11-29T11:43:45","modified_gmt":"2017-11-29T11:43:45","slug":"senador-eddy-mateo-saluda-decision-presidente-medina-de-incluir-monte-grande-en-presupuesto-2018","status":"publish","type":"post","link":"https:\/\/diariodominicano.com\/?p=171788","title":{"rendered":"Senador Eddy Mateo saluda decisi\u00f3n Presidente Medina de incluir Monte Grande en Presupuesto 2018"},"content":{"rendered":"<p><body><\/p>\n<p><img decoding=\"async\" src=\"img3\/eddym.jpg\" \/>  <\/p>\n<p>BARAHONA: El senador Eddy Mateo V\u00e1squez, saludo la decisi\u00f3n del presidente Danilo Medina, de incluir los recursos necesarios para la<\/p>\n<p>construcci\u00f3n de la presa de Monte Grande en el Presupuesto General del Estado del 2018.<\/p>\n<\/p>\n<p>Mateo V\u00e1squez, se\u00f1al\u00f3 que con  la ejecuci\u00f3n  de la presa de Monte Grande, ser\u00edan incorporadas m\u00e1s de 400 mil tareas a la producci\u00f3n<\/p>\n<p>agr\u00edcola, las cuales generar\u00edan m\u00e1s 31 millones de d\u00f3lares anuales.<\/p>\n<\/p>\n<p>Adem\u00e1s aportar\u00eda 20 megavatios, al sistema energ\u00e9tico que podr\u00edan ser distribuidos en esta zona para contrarrestar los largos y tediosos<\/p>\n<p>apagones.<\/p>\n<\/p>\n<p>El congresista se\u00f1al\u00f3 que la edificaci\u00f3n de la  presa, generar\u00eda miles de empleos directos e indirectos y reducir\u00eda el nivel de pobreza de<\/p>\n<p>los m\u00e1s de 350 mil habitantes de la regi\u00f3n Enriquillo.<\/p>\n<\/p>\n<p>\u00abfelicitamos al presidente Medina, por la inclusi\u00f3n de los recursos necesarios para la construcci\u00f3n de la Presa de Monte Grande en el presupuesto del a\u00f1o 2018\u00bb se\u00f1al\u00f3 el legislador sure\u00f1o.<\/p>\n<\/p>\n<p>Indic\u00f3, que la construcci\u00f3n de la presa ayudar\u00e1 a reducir las inundaciones del r\u00edo Yaque del Sur, a las comunidades de Fundaci\u00f3n, Jaquimeyes, Vicente Noble, Palo Alto, Mena, Tamayo, Uvilla, El Pe\u00f1\u00f3n, Cabral, Canoa, Habanero, La Hoya, Pescader\u00eda, El Jobo, entre otras.<\/p>\n<h6> 2017-11-29 11:43:45 <\/h6>\n<p><!--\n<link rel=\"stylesheet\" href=\"css\/bootstrap.min.css\">\n\n\n<ul class=\"pagination\">\n\t    \n\t\n\n<li >\n\t<a href='?page_no=7058'>Previous<\/a>\n\t<\/li>\n\n\n       \n    \n\n<li><a href='?page_no=1'>1<\/a><\/li>\n\n\n\n<li><a href='?page_no=2'>2<\/a><\/li>\n\n\n\n<li><a>...<\/a><\/li>\n\n\n\n<li><a href='?page_no=7057'>7057<\/a><\/li>\n\n\n\n<li><a href='?page_no=7058'>7058<\/a><\/li>\n\n\n\n<li class='active'><a>7059<\/a><\/li>\n\n\n\n<li><a href='?page_no=7060'>7060<\/a><\/li>\n\n\n\n<li><a href='?page_no=7061'>7061<\/a><\/li>\n\n\n\n<li><a>...<\/a><\/li>\n\n\n\n<li><a href='?page_no=36999'>36999<\/a><\/li>\n\n\n\n<li><a href='?page_no=37000'>37000<\/a><\/li>\n\n    \n\t\n\n<li >\n\t<a href='?page_no=7060'>Next<\/a>\n\t<\/li>\n\n\n    \n\n<li><a href='?page_no=37000'>Last &rsaquo;&rsaquo;<\/a><\/li>\n\n<\/ul>\n\n\n--><br \/>\n<\/body><\/p>\n","protected":false},"excerpt":{"rendered":"<p>BARAHONA: El senador Eddy Mateo V\u00e1squez, saludo la decisi\u00f3n del presidente Danilo Medina, de incluir los recursos necesarios para la construcci\u00f3n de la presa de Monte Grande en el Presupuesto General del Estado del 2018. Mateo V\u00e1squez, se\u00f1al\u00f3 que con la ejecuci\u00f3n de la presa de Monte Grande, ser\u00edan incorporadas m\u00e1s de 400 mil tareas [&hellip;]<\/p>\n","protected":false},"author":3,"featured_media":0,"comment_status":"open","ping_status":"open","sticky":false,"template":"","format":"standard","meta":{"footnotes":""},"categories":[22],"tags":[],"class_list":["post-171788","post","type-post","status-publish","format-standard","hentry","category-politica"],"_links":{"self":[{"href":"https:\/\/diariodominicano.com\/index.php?rest_route=\/wp\/v2\/posts\/171788","targetHints":{"allow":["GET"]}}],"collection":[{"href":"https:\/\/diariodominicano.com\/index.php?rest_route=\/wp\/v2\/posts"}],"about":[{"href":"https:\/\/diariodominicano.com\/index.php?rest_route=\/wp\/v2\/types\/post"}],"author":[{"embeddable":true,"href":"https:\/\/diariodominicano.com\/index.php?rest_route=\/wp\/v2\/users\/3"}],"replies":[{"embeddable":true,"href":"https:\/\/diariodominicano.com\/index.php?rest_route=%2Fwp%2Fv2%2Fcomments&post=171788"}],"version-history":[{"count":0,"href":"https:\/\/diariodominicano.com\/index.php?rest_route=\/wp\/v2\/posts\/171788\/revisions"}],"wp:attachment":[{"href":"https:\/\/diariodominicano.com\/index.php?rest_route=%2Fwp%2Fv2%2Fmedia&parent=171788"}],"wp:term":[{"taxonomy":"category","embeddable":true,"href":"https:\/\/diariodominicano.com\/index.php?rest_route=%2Fwp%2Fv2%2Fcategories&post=171788"},{"taxonomy":"post_tag","embeddable":true,"href":"https:\/\/diariodominicano.com\/index.php?rest_route=%2Fwp%2Fv2%2Ftags&post=171788"}],"curies":[{"name":"wp","href":"https:\/\/api.w.org\/{rel}","templated":true}]}}