{"id":171786,"date":"2017-11-29T12:22:13","date_gmt":"2017-11-29T12:22:13","guid":{"rendered":"http:\/\/diariodominicano.ddns.net\/?p=171786"},"modified":"2017-11-29T12:22:13","modified_gmt":"2017-11-29T12:22:13","slug":"trajano-santana-se-reune-en-colombia-con-directores-de-oficinas-de-derecho-de-autor-de-america-latina","status":"publish","type":"post","link":"https:\/\/diariodominicano.com\/?p=171786","title":{"rendered":"Trajano Santana se re\u00fane en Colombia con directores de oficinas de derecho de autor de Am\u00e9rica Latina"},"content":{"rendered":"<p><body><\/p>\n<p><img decoding=\"async\" src=\"img3\/trajanos.jpg\" \/>  <\/p>\n<p>SANTO DOMINGO.- El director de la Oficina Nacional de Derecho de Autor (ONDA), doctor Trajano Santana, viaj\u00f3 a Colombia para participar en la Reuni\u00f3n de Jefes de Oficinas de Propiedad Intelectual de Am\u00e9rica Latina, convocada por la Confederaci\u00f3n Internacional de Sociedades de Autores y Compositores (CISAC), una entidad que posee 239 pa\u00edses miembros.<\/p>\n<\/p>\n<p>Santana participa,  adem\u00e1s, en Segunda Conferencia Internacional Derecho y Empresas Creactivas y de la Innovaci\u00f3n, organizada por la facultad de Derecho de la Universidad de Los Andes, los d\u00edas 29 y 30 de este mes y primero de diciembre.<\/p>\n<\/p>\n<p>En ambos c\u00f3nclaves se destaca la participaci\u00f3n del doctor Santiago Schuster, director para Am\u00e9rica Latina y el Caribe de la CISAC  y el abogado Rafael Fari\u00f1as, especialista en derecho de autor y derechos conexos de la misma instituci\u00f3n. <\/p>\n<\/p>\n<p>Ambos especialistas valoraron el trabajo que desarrolla la ONDA para fortalecer y desarrollar el sistema de gesti\u00f3n y la industria creativa en Rep\u00fablica Dominicana.<\/p>\n<\/p>\n<p>El c\u00f3nclave de la CISAC  est\u00e1 tratando temas tan importantes como la difusi\u00f3n del papel de las sociedades de gesti\u00f3n colectiva en la facilitaci\u00f3n de la labor judicial para magistrados y jueces.<\/p>\n<\/p>\n<p>Tambi\u00e9n, los participantes analizar\u00e1n la situaci\u00f3n general y particular de las sociedades de gesti\u00f3n colectiva en Am\u00e9rica Latina, entre otros temas.<\/p>\n<\/p>\n<p>La conferencia de la Universidad de los Andes incluye un panel sobre las nuevas tendencias en los contratos de editores musicales online y offline, a cargo de la brasile\u00f1a Sydney S\u00e1nchez.<\/p>\n<\/p>\n<p>Otro panel abordar\u00e1 el tema de las licencias para el uso de materiales protegidos en el \u00e1mbito educativo, particularmente la educaci\u00f3n a distancia, a cargo del profesor de la Universidad Castilla de la Mancha, Espa\u00f1a, Juan Jos\u00e9 Mar\u00edn. <\/p>\n<\/p>\n<p>Tambi\u00e9n, abordar\u00e1 el tema \u00abAspectos Cr\u00edticos de los Contratos de Desarrollo de Software a Medida\u00bb a cargo del profesor Rafael Gamboa, profesor de la Universidad de los Andes.<\/p>\n<\/p>\n<p>Asimismo, el panel sobre licencias para contenidos de propiedad intelectual en el desarrollo y distribuci\u00f3n de videos juegos, entre otros aspectos.<\/p>\n<\/p>\n<p>Santana dijo que su participaci\u00f3n esa actividad se enmarca en el prop\u00f3sito de fortalecer la ONDA como ente aut\u00f3nomo, especializado en la promoci\u00f3n, difusi\u00f3n, ense\u00f1anza, protecci\u00f3n  y cumplimiento del derecho de autor.<\/p>\n<\/p>\n<p>Dijo que el derecho de autor es un aspecto esencial en la econom\u00eda de hoy, la innovaci\u00f3n y la competitividad,  porque genera entre un 5 y un 8 por ciento del Producto Interno Bruto (PIB) de las econom\u00edas de Am\u00e9rica Latina, seg\u00fan un estudio de la Organizaci\u00f3n Mundial de Propiedad Intelectual realizado en 40 pa\u00edses, entre ellos, Rep\u00fablica Dominicana.<\/p>\n<h6> 2017-11-29 12:22:13 <\/h6>\n<p><!--\n<link rel=\"stylesheet\" href=\"css\/bootstrap.min.css\">\n\n\n<ul class=\"pagination\">\n\t    \n\t\n\n<li >\n\t<a href='?page_no=7056'>Previous<\/a>\n\t<\/li>\n\n\n       \n    \n\n<li><a href='?page_no=1'>1<\/a><\/li>\n\n\n\n<li><a href='?page_no=2'>2<\/a><\/li>\n\n\n\n<li><a>...<\/a><\/li>\n\n\n\n<li><a href='?page_no=7055'>7055<\/a><\/li>\n\n\n\n<li><a href='?page_no=7056'>7056<\/a><\/li>\n\n\n\n<li class='active'><a>7057<\/a><\/li>\n\n\n\n<li><a href='?page_no=7058'>7058<\/a><\/li>\n\n\n\n<li><a href='?page_no=7059'>7059<\/a><\/li>\n\n\n\n<li><a>...<\/a><\/li>\n\n\n\n<li><a href='?page_no=36999'>36999<\/a><\/li>\n\n\n\n<li><a href='?page_no=37000'>37000<\/a><\/li>\n\n    \n\t\n\n<li >\n\t<a href='?page_no=7058'>Next<\/a>\n\t<\/li>\n\n\n    \n\n<li><a href='?page_no=37000'>Last &rsaquo;&rsaquo;<\/a><\/li>\n\n<\/ul>\n\n\n--><br \/>\n<\/body><\/p>\n","protected":false},"excerpt":{"rendered":"<p>SANTO DOMINGO.- El director de la Oficina Nacional de Derecho de Autor (ONDA), doctor Trajano Santana, viaj\u00f3 a Colombia para participar en la Reuni\u00f3n de Jefes de Oficinas de Propiedad Intelectual de Am\u00e9rica Latina, convocada por la Confederaci\u00f3n Internacional de Sociedades de Autores y Compositores (CISAC), una entidad que posee 239 pa\u00edses miembros. Santana participa, [&hellip;]<\/p>\n","protected":false},"author":3,"featured_media":0,"comment_status":"open","ping_status":"open","sticky":false,"template":"","format":"standard","meta":{"footnotes":""},"categories":[22],"tags":[],"class_list":["post-171786","post","type-post","status-publish","format-standard","hentry","category-politica"],"_links":{"self":[{"href":"https:\/\/diariodominicano.com\/index.php?rest_route=\/wp\/v2\/posts\/171786","targetHints":{"allow":["GET"]}}],"collection":[{"href":"https:\/\/diariodominicano.com\/index.php?rest_route=\/wp\/v2\/posts"}],"about":[{"href":"https:\/\/diariodominicano.com\/index.php?rest_route=\/wp\/v2\/types\/post"}],"author":[{"embeddable":true,"href":"https:\/\/diariodominicano.com\/index.php?rest_route=\/wp\/v2\/users\/3"}],"replies":[{"embeddable":true,"href":"https:\/\/diariodominicano.com\/index.php?rest_route=%2Fwp%2Fv2%2Fcomments&post=171786"}],"version-history":[{"count":0,"href":"https:\/\/diariodominicano.com\/index.php?rest_route=\/wp\/v2\/posts\/171786\/revisions"}],"wp:attachment":[{"href":"https:\/\/diariodominicano.com\/index.php?rest_route=%2Fwp%2Fv2%2Fmedia&parent=171786"}],"wp:term":[{"taxonomy":"category","embeddable":true,"href":"https:\/\/diariodominicano.com\/index.php?rest_route=%2Fwp%2Fv2%2Fcategories&post=171786"},{"taxonomy":"post_tag","embeddable":true,"href":"https:\/\/diariodominicano.com\/index.php?rest_route=%2Fwp%2Fv2%2Ftags&post=171786"}],"curies":[{"name":"wp","href":"https:\/\/api.w.org\/{rel}","templated":true}]}}