{"id":171783,"date":"2017-11-29T23:32:03","date_gmt":"2017-11-29T23:32:03","guid":{"rendered":"http:\/\/diariodominicano.ddns.net\/?p=171783"},"modified":"2017-11-29T23:32:03","modified_gmt":"2017-11-29T23:32:03","slug":"presidente-de-ecuador-convoca-a-consulta-popular","status":"publish","type":"post","link":"https:\/\/diariodominicano.com\/?p=171783","title":{"rendered":"Presidente de Ecuador convoca a consulta popular&#13;"},"content":{"rendered":"<p><body><\/p>\n<\/p>\n<p><strong>   QUITO, 29 nov (Xinhua) <\/strong>&#8212; El presidente de Ecuador, Len\u00edn Moreno, firm\u00f3 hoy dos decretos ejecutivos, mediante los cuales convoc\u00f3 de manera directa a una consulta popular propuesta por su gobierno para reforzar la democracia, inform\u00f3 la Secretar\u00eda Nacional de Comunicaci\u00f3n.<\/p>\n<\/p>\n<p>   \u00abPorque es el derecho del pueblo, y porque me ampara el Art.105 de la Ley Org\u00e1nica de Garant\u00edas Jurisdiccionales y Control Constitucional, he enviado al CNE (Consejo Nacional Electoral) los Decretos Ejecutivos 229 y 230 convocando a la consulta popular\u00bb, anunci\u00f3 Moreno en su cuenta de Twitter.<\/p>\n<\/p>\n<p>   \u00ab\u00a1Vamos por un s\u00ed rotundo!\u00bb en la consulta popular, agreg\u00f3 el mandatario en la red social.<\/p>\n<\/p>\n<p>   La entrega de los decretos al CNE la realiz\u00f3 la secretaria jur\u00eddica de la Presidencia, Johana Pes\u00e1ntez, en compa\u00f1\u00eda de varios ministros de Estado, seg\u00fan la prensa local.<\/p>\n<\/p>\n<p>   La decisi\u00f3n del mandatario se produce una vez que la Corte Constitucional no se pronunci\u00f3 sobre la calificaci\u00f3n y aprobaci\u00f3n de las siete preguntas de la consulta propuestas por Moreno, dentro del plazo de 20 d\u00edas establecido en la Ley Org\u00e1nica de Garant\u00edas Jurisdiccionales y Control Constitucional.<\/p>\n<\/p>\n<p>    La Corte Constitucional recibi\u00f3 las preguntas el pasado 2 de octubre, al tiempo que el jefe de Estado ha pedido en los \u00faltimos d\u00edas a la entidad que act\u00fae con celeridad y transparencia en el proceso de revisi\u00f3n de las siete preguntas de una consulta.<\/p>\n<\/p>\n<p>   El pasado lunes, Moreno conf\u00edo en el espacio \u00abEl gobierno informa\u00bb, transmitido en cadena nacional, que \u00abno existir\u00e1 ning\u00fan impedimento\u00bb para que los ecuatorianos ejerzan su derecho a expresarse en las urnas.<\/p>\n<\/p>\n<p>   \u00abNinguna presi\u00f3n pol\u00edtica, debe, ni puede, impedir que el pueblo, como el \u00fanico soberano de la democracia, decida sobre su presente y su futuro\u00bb, se\u00f1al\u00f3.<\/p>\n<\/p>\n<p>   Las preguntas de la consulta popular incluyen reformas dirigidas a profundizar el sistema democr\u00e1tico, la participaci\u00f3n ciudadana, la transparencia en la elecci\u00f3n de las autoridades de control y el equilibrio entre las funciones del Estado.<\/p>\n<\/p>\n<p>   Uno de los temas m\u00e1s pol\u00e9micos propuestos por Moreno, es dejar sin efecto una enmienda en la actual Constituci\u00f3n, vigente desde 2008, que permite la reelecci\u00f3n indefinida, tema que es rechazado por una facci\u00f3n del movimiento oficialista Alianza PAIS, que atraviesa por una ruptura interna por diferencias pol\u00edticas.<\/p>\n<\/p>\n<p>   Una vez que el Ejecutivo ha notificado al CNE, este organismo tiene 15 d\u00edas para convocar a la consulta popular, cuya fecha de realizaci\u00f3n no rebasar\u00e1 los siguientes 60 d\u00edas, seg\u00fan constitucionalistas.<\/p>\n<\/p>\n<p>   Moreno ha dicho que la consulta popular propuesta ha recibido multitudinarias muestras de apoyo en todo el pa\u00eds.<\/p>\n<\/p>\n<p>   \u00abNo son apoyos s\u00f3lo por respaldo al gobierno y a su presidente, se trata de un apoyo absolutamente consciente de lo que est\u00e1 en juego\u00bb, ha dicho el gobernante. Fin<\/p>\n<\/p>\n<h6> 2017-11-29 23:32:03 <\/h6>\n<p><!--\n<link rel=\"stylesheet\" href=\"css\/bootstrap.min.css\">\n\n\n<ul class=\"pagination\">\n\t    \n\t\n\n<li >\n\t<a href='?page_no=7053'>Previous<\/a>\n\t<\/li>\n\n\n       \n    \n\n<li><a href='?page_no=1'>1<\/a><\/li>\n\n\n\n<li><a href='?page_no=2'>2<\/a><\/li>\n\n\n\n<li><a>...<\/a><\/li>\n\n\n\n<li><a href='?page_no=7052'>7052<\/a><\/li>\n\n\n\n<li><a href='?page_no=7053'>7053<\/a><\/li>\n\n\n\n<li class='active'><a>7054<\/a><\/li>\n\n\n\n<li><a href='?page_no=7055'>7055<\/a><\/li>\n\n\n\n<li><a href='?page_no=7056'>7056<\/a><\/li>\n\n\n\n<li><a>...<\/a><\/li>\n\n\n\n<li><a href='?page_no=36999'>36999<\/a><\/li>\n\n\n\n<li><a href='?page_no=37000'>37000<\/a><\/li>\n\n    \n\t\n\n<li >\n\t<a href='?page_no=7055'>Next<\/a>\n\t<\/li>\n\n\n    \n\n<li><a href='?page_no=37000'>Last &rsaquo;&rsaquo;<\/a><\/li>\n\n<\/ul>\n\n\n--><br \/>\n<\/body><\/p>\n","protected":false},"excerpt":{"rendered":"<p>QUITO, 29 nov (Xinhua) &#8212; El presidente de Ecuador, Len\u00edn Moreno, firm\u00f3 hoy dos decretos ejecutivos, mediante los cuales convoc\u00f3 de manera directa a una consulta popular propuesta por su gobierno para reforzar la democracia, inform\u00f3 la Secretar\u00eda Nacional de Comunicaci\u00f3n. \u00abPorque es el derecho del pueblo, y porque me ampara el Art.105 de la [&hellip;]<\/p>\n","protected":false},"author":3,"featured_media":0,"comment_status":"open","ping_status":"open","sticky":false,"template":"","format":"standard","meta":{"footnotes":""},"categories":[22],"tags":[],"class_list":["post-171783","post","type-post","status-publish","format-standard","hentry","category-politica"],"_links":{"self":[{"href":"https:\/\/diariodominicano.com\/index.php?rest_route=\/wp\/v2\/posts\/171783","targetHints":{"allow":["GET"]}}],"collection":[{"href":"https:\/\/diariodominicano.com\/index.php?rest_route=\/wp\/v2\/posts"}],"about":[{"href":"https:\/\/diariodominicano.com\/index.php?rest_route=\/wp\/v2\/types\/post"}],"author":[{"embeddable":true,"href":"https:\/\/diariodominicano.com\/index.php?rest_route=\/wp\/v2\/users\/3"}],"replies":[{"embeddable":true,"href":"https:\/\/diariodominicano.com\/index.php?rest_route=%2Fwp%2Fv2%2Fcomments&post=171783"}],"version-history":[{"count":0,"href":"https:\/\/diariodominicano.com\/index.php?rest_route=\/wp\/v2\/posts\/171783\/revisions"}],"wp:attachment":[{"href":"https:\/\/diariodominicano.com\/index.php?rest_route=%2Fwp%2Fv2%2Fmedia&parent=171783"}],"wp:term":[{"taxonomy":"category","embeddable":true,"href":"https:\/\/diariodominicano.com\/index.php?rest_route=%2Fwp%2Fv2%2Fcategories&post=171783"},{"taxonomy":"post_tag","embeddable":true,"href":"https:\/\/diariodominicano.com\/index.php?rest_route=%2Fwp%2Fv2%2Ftags&post=171783"}],"curies":[{"name":"wp","href":"https:\/\/api.w.org\/{rel}","templated":true}]}}