{"id":171777,"date":"2017-11-30T13:37:23","date_gmt":"2017-11-30T13:37:23","guid":{"rendered":"http:\/\/diariodominicano.ddns.net\/?p=171777"},"modified":"2017-11-30T13:37:23","modified_gmt":"2017-11-30T13:37:23","slug":"tony-raful-juramenta-comisiones-trabajo-del-parlacen-dos-seran-presididas-por-diputados-de-rd","status":"publish","type":"post","link":"https:\/\/diariodominicano.com\/?p=171777","title":{"rendered":"Tony Raful juramenta comisiones trabajo del Parlacen; Dos ser\u00e1n presididas por diputados de RD"},"content":{"rendered":"<p><body><\/p>\n<p><img decoding=\"async\" src=\"img3\/juram1.jpg\" \/>  <\/p>\n<p>GUATEMALA.- El presidente del Parlamento Centroamericano (Paracen), licenciado Tony Raful, jurament\u00f3 a los titulares de las diferentes comisiones parlamentarias del organismo regional para el per\u00edodo 2017-2018 en una ceremonia celebrada en la sede de la entidad, en la capital guatemalteca.<\/p>\n<\/p>\n<p>Entre los juramentados, conforme al Reglamento Interno del Parlacen, se encuentran dos diputados de la Rep\u00fablica Dominicana, Juan Cohen Sander y Miguel Oviedo.<\/p>\n<\/p>\n<p>El diputado Cohen Sander asumi\u00f3 la presidencia de la Comisi\u00f3n de Educaci\u00f3n, Cultura, Deporte y Ciencia y Tecnolog\u00eda de la entidad, mientras que el parlamentario Miguel Oviedo, la presidencia de Asuntos Jur\u00eddicos, Derecho Comunitario e Institucionalidad Regional.<\/p>\n<\/p>\n<p>En la misma ceremonia fueron juramentados los titulares de las comisiones de Seguridad Ciudadana, Paz y Derechos Humanos, Arz\u00fa Garc\u00eda-Granados, de Guatemala;  de Macroeconom\u00eda y Finanzas, Ana Julia Balladares, de Nicaragua; de Integraci\u00f3n, Comercio y Desarrollo Econ\u00f3mico, Adorinda Ortega de Portugal, de Panam\u00e1; de Asuntos Agropecuarios, Pesca, Medio Ambiente y Recursos Naturales, Aurelio Ernesto Alonso Ovalle, de Panam\u00e1; de la Mujer, Ni\u00f1ez, Juventud y Familia, Heidy Carolina Mira Saravia, de El Salvador.<\/p>\n<\/p>\n<p>Tambi\u00e9n se juramentaron los presidentes de las comisiones de Desarrollo Municipal y Participaci\u00f3n Ciudadana, Adolfo Jos\u00e9 Mart\u00ednez Cole, de Nicaragua; de Relaciones Internacionales y Asuntos Migratorios, Anselmo Otoniel Navarro Gonz\u00e1lez, de Guatemala; de Salud, Seguridad Social, Poblaci\u00f3n y Asuntos Laborales y Gremiales, Nelson Guardado, de El Salvador; de Turismo, Julio Ernesto Alvarado, de Honduras; de Pueblos Ind\u00edgenas y Afro Descendientes, Elizandro L\u00e1zaro Hern\u00e1ndez, de Panam\u00e1.<\/p>\n<h6> 2017-11-30 13:37:23 <\/h6>\n<p><!--\n<link rel=\"stylesheet\" href=\"css\/bootstrap.min.css\">\n\n\n<ul class=\"pagination\">\n\t    \n\t\n\n<li >\n\t<a href='?page_no=7048'>Previous<\/a>\n\t<\/li>\n\n\n       \n    \n\n<li><a href='?page_no=1'>1<\/a><\/li>\n\n\n\n<li><a href='?page_no=2'>2<\/a><\/li>\n\n\n\n<li><a>...<\/a><\/li>\n\n\n\n<li><a href='?page_no=7047'>7047<\/a><\/li>\n\n\n\n<li><a href='?page_no=7048'>7048<\/a><\/li>\n\n\n\n<li class='active'><a>7049<\/a><\/li>\n\n\n\n<li><a href='?page_no=7050'>7050<\/a><\/li>\n\n\n\n<li><a href='?page_no=7051'>7051<\/a><\/li>\n\n\n\n<li><a>...<\/a><\/li>\n\n\n\n<li><a href='?page_no=36999'>36999<\/a><\/li>\n\n\n\n<li><a href='?page_no=37000'>37000<\/a><\/li>\n\n    \n\t\n\n<li >\n\t<a href='?page_no=7050'>Next<\/a>\n\t<\/li>\n\n\n    \n\n<li><a href='?page_no=37000'>Last &rsaquo;&rsaquo;<\/a><\/li>\n\n<\/ul>\n\n\n--><br \/>\n<\/body><\/p>\n","protected":false},"excerpt":{"rendered":"<p>GUATEMALA.- El presidente del Parlamento Centroamericano (Paracen), licenciado Tony Raful, jurament\u00f3 a los titulares de las diferentes comisiones parlamentarias del organismo regional para el per\u00edodo 2017-2018 en una ceremonia celebrada en la sede de la entidad, en la capital guatemalteca. Entre los juramentados, conforme al Reglamento Interno del Parlacen, se encuentran dos diputados de la [&hellip;]<\/p>\n","protected":false},"author":3,"featured_media":0,"comment_status":"open","ping_status":"open","sticky":false,"template":"","format":"standard","meta":{"footnotes":""},"categories":[22],"tags":[],"class_list":["post-171777","post","type-post","status-publish","format-standard","hentry","category-politica"],"_links":{"self":[{"href":"https:\/\/diariodominicano.com\/index.php?rest_route=\/wp\/v2\/posts\/171777","targetHints":{"allow":["GET"]}}],"collection":[{"href":"https:\/\/diariodominicano.com\/index.php?rest_route=\/wp\/v2\/posts"}],"about":[{"href":"https:\/\/diariodominicano.com\/index.php?rest_route=\/wp\/v2\/types\/post"}],"author":[{"embeddable":true,"href":"https:\/\/diariodominicano.com\/index.php?rest_route=\/wp\/v2\/users\/3"}],"replies":[{"embeddable":true,"href":"https:\/\/diariodominicano.com\/index.php?rest_route=%2Fwp%2Fv2%2Fcomments&post=171777"}],"version-history":[{"count":0,"href":"https:\/\/diariodominicano.com\/index.php?rest_route=\/wp\/v2\/posts\/171777\/revisions"}],"wp:attachment":[{"href":"https:\/\/diariodominicano.com\/index.php?rest_route=%2Fwp%2Fv2%2Fmedia&parent=171777"}],"wp:term":[{"taxonomy":"category","embeddable":true,"href":"https:\/\/diariodominicano.com\/index.php?rest_route=%2Fwp%2Fv2%2Fcategories&post=171777"},{"taxonomy":"post_tag","embeddable":true,"href":"https:\/\/diariodominicano.com\/index.php?rest_route=%2Fwp%2Fv2%2Ftags&post=171777"}],"curies":[{"name":"wp","href":"https:\/\/api.w.org\/{rel}","templated":true}]}}