{"id":171773,"date":"2017-11-30T14:25:34","date_gmt":"2017-11-30T14:25:34","guid":{"rendered":"http:\/\/diariodominicano.ddns.net\/?p=171773"},"modified":"2017-11-30T14:25:34","modified_gmt":"2017-11-30T14:25:34","slug":"morepd-anuncia-respaldo-a-candidatura-de-miguel-surun-hernandez","status":"publish","type":"post","link":"https:\/\/diariodominicano.com\/?p=171773","title":{"rendered":"MOREPD anuncia respaldo a candidatura de Miguel Surun Hern\u00e1ndez"},"content":{"rendered":"<p><body><\/p>\n<p><img decoding=\"async\" src=\"img3\/surum.jpg\" \/>  <\/p>\n<p>El Movimiento Renovaci\u00f3n Partidaria Dominicana (MOREPD), anunci\u00f3 su apoyo a la candidatura del Dr. Miguel Surun Hern\u00e1ndez, para continuar presidiendo el Colegio de Abogados de la Rep\u00fablica Dominicana (CARD).<\/p>\n<\/p>\n<p>La informaci\u00f3n fue dada a conocer por el presidente del MOREPD, licenciado Ulises D\u00edaz, quien explic\u00f3, que el ala de abogados del movimiento trabaja arduamente para asegurar el triunfo del doctor Surun al frente del Colegio de Abogados.<\/p>\n<\/p>\n<p>\u00abCreemos que la defensa tit\u00e1nica, en favor de los abogados que ejercen en la defensor\u00eda p\u00fablica, merece ser reconocida, as\u00ed como tambi\u00e9n el adecentamiento del Colegio Dominicano de Abogados el cual ha sido muy notable, al igual que la incorporaci\u00f3n del CARD con instituciones de la misma caracter\u00edstica a nivel internacional\u00bb, afirm\u00f3 Ulises D\u00edaz.<\/p>\n<\/p>\n<p>Diaz destac\u00f3 tambi\u00e9n el apoyo y atenci\u00f3n especial al tema de la educaci\u00f3n y preparaci\u00f3n de los abogados de todo el pa\u00eds, con talleres, diplomados, maestr\u00edas y la habilitaci\u00f3n docente para incorporar al abogado a la clase profesoral, acciones que indic\u00f3 merecen su decidida disposici\u00f3n de apoyar al doctor Surun Hern\u00e1ndez\u00bb.<\/p>\n<\/p>\n<p>La decisi\u00f3n fue anunciada en un encuentro de la directiva en la cual fueron socializados los temas que motivan el apoyo a Surun.<\/p>\n<\/p>\n<p>Adem\u00e1s del presidente estuvieron los tambi\u00e9n abogados Jos\u00e9 Miguel Florentino, secretario general de movimiento, Gloria \u00c1lvarez, Elizabeth P\u00e9rez, Dagoberto Florentino, Magda Astacio, Mirtha S\u00e1nchez, Ernestina Arias Polanco, Iblian Lucia Pirela, Alejandrina Alc\u00e1ntara, Joaqu\u00edn Lebr\u00f3n, Miguel Figueroa, entre otros.<\/p>\n<h6> 2017-11-30 14:25:34 <\/h6>\n<p><!--\n<link rel=\"stylesheet\" href=\"css\/bootstrap.min.css\">\n\n\n<ul class=\"pagination\">\n\t    \n\t\n\n<li >\n\t<a href='?page_no=7044'>Previous<\/a>\n\t<\/li>\n\n\n       \n    \n\n<li><a href='?page_no=1'>1<\/a><\/li>\n\n\n\n<li><a href='?page_no=2'>2<\/a><\/li>\n\n\n\n<li><a>...<\/a><\/li>\n\n\n\n<li><a href='?page_no=7043'>7043<\/a><\/li>\n\n\n\n<li><a href='?page_no=7044'>7044<\/a><\/li>\n\n\n\n<li class='active'><a>7045<\/a><\/li>\n\n\n\n<li><a href='?page_no=7046'>7046<\/a><\/li>\n\n\n\n<li><a href='?page_no=7047'>7047<\/a><\/li>\n\n\n\n<li><a>...<\/a><\/li>\n\n\n\n<li><a href='?page_no=36999'>36999<\/a><\/li>\n\n\n\n<li><a href='?page_no=37000'>37000<\/a><\/li>\n\n    \n\t\n\n<li >\n\t<a href='?page_no=7046'>Next<\/a>\n\t<\/li>\n\n\n    \n\n<li><a href='?page_no=37000'>Last &rsaquo;&rsaquo;<\/a><\/li>\n\n<\/ul>\n\n\n--><br \/>\n<\/body><\/p>\n","protected":false},"excerpt":{"rendered":"<p>El Movimiento Renovaci\u00f3n Partidaria Dominicana (MOREPD), anunci\u00f3 su apoyo a la candidatura del Dr. Miguel Surun Hern\u00e1ndez, para continuar presidiendo el Colegio de Abogados de la Rep\u00fablica Dominicana (CARD). La informaci\u00f3n fue dada a conocer por el presidente del MOREPD, licenciado Ulises D\u00edaz, quien explic\u00f3, que el ala de abogados del movimiento trabaja arduamente para [&hellip;]<\/p>\n","protected":false},"author":3,"featured_media":0,"comment_status":"open","ping_status":"open","sticky":false,"template":"","format":"standard","meta":{"footnotes":""},"categories":[22],"tags":[],"class_list":["post-171773","post","type-post","status-publish","format-standard","hentry","category-politica"],"_links":{"self":[{"href":"https:\/\/diariodominicano.com\/index.php?rest_route=\/wp\/v2\/posts\/171773","targetHints":{"allow":["GET"]}}],"collection":[{"href":"https:\/\/diariodominicano.com\/index.php?rest_route=\/wp\/v2\/posts"}],"about":[{"href":"https:\/\/diariodominicano.com\/index.php?rest_route=\/wp\/v2\/types\/post"}],"author":[{"embeddable":true,"href":"https:\/\/diariodominicano.com\/index.php?rest_route=\/wp\/v2\/users\/3"}],"replies":[{"embeddable":true,"href":"https:\/\/diariodominicano.com\/index.php?rest_route=%2Fwp%2Fv2%2Fcomments&post=171773"}],"version-history":[{"count":0,"href":"https:\/\/diariodominicano.com\/index.php?rest_route=\/wp\/v2\/posts\/171773\/revisions"}],"wp:attachment":[{"href":"https:\/\/diariodominicano.com\/index.php?rest_route=%2Fwp%2Fv2%2Fmedia&parent=171773"}],"wp:term":[{"taxonomy":"category","embeddable":true,"href":"https:\/\/diariodominicano.com\/index.php?rest_route=%2Fwp%2Fv2%2Fcategories&post=171773"},{"taxonomy":"post_tag","embeddable":true,"href":"https:\/\/diariodominicano.com\/index.php?rest_route=%2Fwp%2Fv2%2Ftags&post=171773"}],"curies":[{"name":"wp","href":"https:\/\/api.w.org\/{rel}","templated":true}]}}