{"id":171772,"date":"2017-12-01T10:35:11","date_gmt":"2017-12-01T10:35:11","guid":{"rendered":"http:\/\/diariodominicano.ddns.net\/?p=171772"},"modified":"2017-12-01T10:35:11","modified_gmt":"2017-12-01T10:35:11","slug":"jornada-de-conversaciones-entre-gobierno-venezolano-y-oposicion","status":"publish","type":"post","link":"https:\/\/diariodominicano.com\/?p=171772","title":{"rendered":"Jornada de conversaciones entre gobierno venezolano y oposici\u00f3n"},"content":{"rendered":"<p><body><\/p>\n<p><img decoding=\"async\" src=\"img3\/venezueladialogo1.jpeg\" \/>  <\/p>\n<p><span class=\"text1noticias\">     CARACAS, 1 dic (Xinhua) &#8212; El di\u00e1logo entre el gobierno de Venezuela y la oposici\u00f3n est\u00e1 previsto este viernes en su primer d\u00eda de conversaciones dentro de territorio de Rep\u00fablica Dominicana, el cual se extender\u00e1n hasta el 2 de diciembre.<\/span><\/p>\n<p><span class=\"text1noticias\"> <\/span><\/p>\n<p><span class=\"text1noticias\">     La coyuntura econ\u00f3mica y los m\u00e1rgenes de tolerancia pol\u00edtica enmarcan la esperada jornada de conversaciones, que hab\u00edan quedado suspendidas en diciembre de 2016.<\/span><\/p>\n<p><span class=\"text1noticias\"> <\/span><\/p>\n<p><span class=\"text1noticias\">     La delegaci\u00f3n del gobierno del presidente Nicol\u00e1s Maduro est\u00e1 encabezada por el actual ministro de Comunicaci\u00f3n, Jorge Rodr\u00edguez, quien en otras jornadas ha sido acompa\u00f1ado por la presidenta de la Asamblea Nacional Constituyente (ANC), Delcy Rodr\u00edguez.<\/span><\/p>\n<p><span class=\"text1noticias\"> <\/span><\/p>\n<p><span class=\"text1noticias\">     Forman tambi\u00e9n parte de la comitiva, El\u00edas Jaua, ministro de Educaci\u00f3n, as\u00ed como el ex embajador ante la Organizaci\u00f3n de  los Estados Americanos (OEA), Roy Chaderton.<\/span><\/p>\n<p><span class=\"text1noticias\"> <\/span><\/p>\n<p><span class=\"text1noticias\">     En tanto, la delegaci\u00f3n opositora est\u00e1 constituida por representantes de algunos partidos pol\u00edticos nucleados en la Mesa de la Unidad Democr\u00e1tica (MUD), entre quienes se encuentra el actual presidente de la Asamblea Nacional (Congreso), Julio Borges.<\/span><\/p>\n<p><span class=\"text1noticias\"> <\/span><\/p>\n<p><span class=\"text1noticias\">     Precisamente, el diputado opositor anunci\u00f3 que concurrir\u00e1 a Rep\u00fablica Dominicana junto con voceros de diferentes sectores sociales venezolanos.<\/span><\/p>\n<p><span class=\"text1noticias\"> <\/span><\/p>\n<p><span class=\"text1noticias\">     Las partes venezolanas sostendr\u00e1n este encuentro a pocos d\u00edas de realizarse la tercera jornada comicial del a\u00f1o para elegir 335 alcaldes y repetir la de gobernaci\u00f3n en el estado de Zulia (oeste).<\/span><\/p>\n<p><span class=\"text1noticias\"> <\/span><\/p>\n<p><span class=\"text1noticias\">     Anteriormente, ocurrieron los sufragios del 30 de julio, que permitieron instalar la Asamblea Nacional Constituyente (ANC), mientras que el 15 de octubre, la poblaci\u00f3n eligi\u00f3 a sus nuevos gobernadores, en que el oficialismo se llev\u00f3 18 de 23 cargos.<\/span><\/p>\n<p><span class=\"text1noticias\"> <\/span><\/p>\n<p><span class=\"text1noticias\">     A efectos de acompa\u00f1ar la agenda de ambos d\u00edas, se aguarda la presencia de los cancilleres de Bolivia, Chile, M\u00e9xico, Nicaragua, y San Vicente y Las Granadinas, en tanto que Paraguay inform\u00f3 de su ausencia por motivos vinculados a elecciones locales.<\/span><\/p>\n<p><span class=\"text1noticias\"> <\/span><\/p>\n<p><span class=\"text1noticias\">     El gobierno dominicano se ha mostrado optimista en su calidad de anfitri\u00f3n, que en pasadas ocasiones, junto al ex presidente del gobierno espa\u00f1ol, Jos\u00e9 Luis Rodr\u00edguez Zapatero (2004-2011), logr\u00f3 sentar a las partes a fin de trazar un calendario de conversaciones, truncas desde diciemb<\/span>re 2016. <\/p>\n<h6> 2017-12-01 10:35:11 <\/h6>\n<p><!--\n<link rel=\"stylesheet\" href=\"css\/bootstrap.min.css\">\n\n\n<ul class=\"pagination\">\n\t    \n\t\n\n<li >\n\t<a href='?page_no=7043'>Previous<\/a>\n\t<\/li>\n\n\n       \n    \n\n<li><a href='?page_no=1'>1<\/a><\/li>\n\n\n\n<li><a href='?page_no=2'>2<\/a><\/li>\n\n\n\n<li><a>...<\/a><\/li>\n\n\n\n<li><a href='?page_no=7042'>7042<\/a><\/li>\n\n\n\n<li><a href='?page_no=7043'>7043<\/a><\/li>\n\n\n\n<li class='active'><a>7044<\/a><\/li>\n\n\n\n<li><a href='?page_no=7045'>7045<\/a><\/li>\n\n\n\n<li><a href='?page_no=7046'>7046<\/a><\/li>\n\n\n\n<li><a>...<\/a><\/li>\n\n\n\n<li><a href='?page_no=36999'>36999<\/a><\/li>\n\n\n\n<li><a href='?page_no=37000'>37000<\/a><\/li>\n\n    \n\t\n\n<li >\n\t<a href='?page_no=7045'>Next<\/a>\n\t<\/li>\n\n\n    \n\n<li><a href='?page_no=37000'>Last &rsaquo;&rsaquo;<\/a><\/li>\n\n<\/ul>\n\n\n--><br \/>\n<\/body><\/p>\n","protected":false},"excerpt":{"rendered":"<p>CARACAS, 1 dic (Xinhua) &#8212; El di\u00e1logo entre el gobierno de Venezuela y la oposici\u00f3n est\u00e1 previsto este viernes en su primer d\u00eda de conversaciones dentro de territorio de Rep\u00fablica Dominicana, el cual se extender\u00e1n hasta el 2 de diciembre. La coyuntura econ\u00f3mica y los m\u00e1rgenes de tolerancia pol\u00edtica enmarcan la esperada jornada de conversaciones, [&hellip;]<\/p>\n","protected":false},"author":3,"featured_media":0,"comment_status":"open","ping_status":"open","sticky":false,"template":"","format":"standard","meta":{"footnotes":""},"categories":[22],"tags":[],"class_list":["post-171772","post","type-post","status-publish","format-standard","hentry","category-politica"],"_links":{"self":[{"href":"https:\/\/diariodominicano.com\/index.php?rest_route=\/wp\/v2\/posts\/171772","targetHints":{"allow":["GET"]}}],"collection":[{"href":"https:\/\/diariodominicano.com\/index.php?rest_route=\/wp\/v2\/posts"}],"about":[{"href":"https:\/\/diariodominicano.com\/index.php?rest_route=\/wp\/v2\/types\/post"}],"author":[{"embeddable":true,"href":"https:\/\/diariodominicano.com\/index.php?rest_route=\/wp\/v2\/users\/3"}],"replies":[{"embeddable":true,"href":"https:\/\/diariodominicano.com\/index.php?rest_route=%2Fwp%2Fv2%2Fcomments&post=171772"}],"version-history":[{"count":0,"href":"https:\/\/diariodominicano.com\/index.php?rest_route=\/wp\/v2\/posts\/171772\/revisions"}],"wp:attachment":[{"href":"https:\/\/diariodominicano.com\/index.php?rest_route=%2Fwp%2Fv2%2Fmedia&parent=171772"}],"wp:term":[{"taxonomy":"category","embeddable":true,"href":"https:\/\/diariodominicano.com\/index.php?rest_route=%2Fwp%2Fv2%2Fcategories&post=171772"},{"taxonomy":"post_tag","embeddable":true,"href":"https:\/\/diariodominicano.com\/index.php?rest_route=%2Fwp%2Fv2%2Ftags&post=171772"}],"curies":[{"name":"wp","href":"https:\/\/api.w.org\/{rel}","templated":true}]}}