{"id":171770,"date":"2017-12-01T18:30:45","date_gmt":"2017-12-01T18:30:45","guid":{"rendered":"http:\/\/diariodominicano.ddns.net\/?p=171770"},"modified":"2017-12-01T18:30:45","modified_gmt":"2017-12-01T18:30:45","slug":"presidente-tc-es-tiempo-de-auscultar-la-ruta-del-futuro-que-permita-a-dominicanos-vivir-en-constitucion","status":"publish","type":"post","link":"https:\/\/diariodominicano.com\/?p=171770","title":{"rendered":"&#13;Presidente TC: es tiempo de auscultar la ruta del futuro que permita a dominicanos vivir en Constituci\u00f3n"},"content":{"rendered":"<p><body><\/p>\n<p><img decoding=\"async\" src=\"img3\/Foto 1. PRESIDENTE RAY GUEVARA.JPG\" \/><br \/><img decoding=\"async\" src=\"img3\/Foto 2. DSC_5338 (1).JPG\" \/>  <\/p>\n<p><span class=\"text1noticias\"> <\/span><\/p>\n<p><span class=\"text1noticias\"><strong>El magistrado Milton Ray Guevara dijo que el futuro de la generaci\u00f3n constitucional tendr\u00e1 que sustentarse en el desarrollo de la educaci\u00f3n, el combate contra el crimen organizado, el narcotr\u00e1fico y la corrupci\u00f3n<\/strong><\/span><\/p>\n<\/p>\n<p><strong><span class=\"text1noticias\">SANTO DOMINGO, RD, 1 de diciembre de 2017.-<\/span><\/strong><span class=\"text1noticias\">  El presidente del Tribunal Constitucional (TC), magistrado Milton Ray Guevara, afirm\u00f3 que, a siete a\u00f1os de habernos dotado de la Constituci\u00f3n m\u00e1s avanzada de Iberoam\u00e9rica, es tiempo de auscultar la ruta del futuro que permita a dominicanas y dominicanos vivir en Constituci\u00f3n.<\/span><\/p>\n<\/p>\n<p><span class=\"text1noticias\"> Se expres\u00f3 en estos t\u00e9rminos al dictar la conferencia titulada: \u00abGeneraci\u00f3n Constitucional y el Futuro Dominicano\u00bb, en el marco de la celebraci\u00f3n de la V Jornada de Justicia y Derecho Constitucional, que cont\u00f3 con la asistencia de juristas nacionales y extranjeros.<\/span><\/p>\n<\/p>\n<p><span class=\"text1noticias\"> El magistrado Ray Guevara dijo que el futuro de la generaci\u00f3n constitucional tendr\u00e1 que sustentarse en el desarrollo de la educaci\u00f3n, el combate contra el crimen organizado, el narcotr\u00e1fico y la corrupci\u00f3n. La lucha contra la pobreza, la exclusi\u00f3n social, la defensa intransigente de la identidad nacional dominicana y que, por tanto, se trata de un compromiso de todas y todos.<\/span><\/p>\n<\/p>\n<p><span class=\"text1noticias\">Del mismo modo, hizo un breve esbozo del concepto generaci\u00f3n constitucional y abord\u00f3 tres etapas: la Generaci\u00f3n independentista de 1844, la Generaci\u00f3n constitucionalista de 1963 y la Generaci\u00f3n constitucional de 2010. Ponder\u00f3 aspectos constitucionales relevantes que marcan cada uno de estos ciclos.<\/span><\/p>\n<\/p>\n<p><span class=\"text1noticias\">De la Generaci\u00f3n independentista, que alumbr\u00f3 a los Padres de la Patria, destac\u00f3 que est\u00e1 sustentada e impulsada por el constitucionalismo liberal que se refleja en el proyecto de ley fundamental o Constituci\u00f3n de Duarte.<\/span><\/p>\n<\/p>\n<p><span class=\"text1noticias\">Se refiri\u00f3 a disposiciones contenidas en esa Constituci\u00f3n que se asocian a tres principios democr\u00e1tico claves: el Estado de Derecho, la consagraci\u00f3n y protecci\u00f3n de la libertad, la propiedad y dem\u00e1s derechos individuales y la separaci\u00f3n de los poderes. <\/span><\/p>\n<\/p>\n<p><span class=\"text1noticias\">En lo que respecta a la Generaci\u00f3n Constitucionalista de 1963 expres\u00f3 que, pese a que tuvo una vigencia de aproximadamente cinco meses debido al golpe de Estado militar, se convirti\u00f3 en el s\u00edmbolo de las m\u00e1s hermosas revoluciones de Am\u00e9rica.<\/span><\/p>\n<\/p>\n<p><span class=\"text1noticias\">De la Generaci\u00f3n Constitucional de 2010, resalt\u00f3 que se produjo un salto cualitativo en el contenido de nuestra Carta Marga, que tiene como rasgos estructurales una nueva dimensi\u00f3n y ampliaci\u00f3n de los derechos fundamentales, la consagraci\u00f3n de las garant\u00edas para asegurar el ejercicio de tales derechos, una organizaci\u00f3n de los poderes p\u00fablicos m\u00e1s equilibrada y un mecanismo de reforma constitucional que en determinados presupuestos requiere un referendo aprobatorio.<\/span><\/p>\n<\/p>\n<p><span class=\"text1noticias\">\u00abLa Constituci\u00f3n de 2010 tuvo su g\u00e9nesis en una consulta popular, que se convirti\u00f3 en un ejemplo mod\u00e9lico de la democracia deliberativa; el sentido de responsabilidad, la capacidad de discernimiento; el sentimiento institucionalista y las ansias de una Carta Sustantiva apropiada a los nuevos tiempos, paut\u00f3 la entusiasta participaci\u00f3n de los consultados\u00bb.<\/span><\/p>\n<\/p>\n<p><span class=\"text1noticias\">El presidente del TC, afirm\u00f3 que la emergencia de una Generaci\u00f3n Constitucional ser\u00eda irrealizable sin un compromiso social y pol\u00edtico que respete los l\u00edmites de las posibilidades de realizaci\u00f3n constitucional.<\/span><\/p>\n<p><span class=\"text1noticias\"> <\/span><\/p>\n<p><span class=\"text1noticias\">Con la conferencia Generaci\u00f3n Constitucional y el Futuro Dominicano, a cargo del presidente del Tribunal Constitucional, magistrado Milton Ray Guevara, fue clausurada la V Jornada de Justicia y Derecho Constitucional.<\/span><\/p>\n<\/p>\n<p><span class=\"text1noticias\">El conclave internacional cont\u00f3 con la participaci\u00f3n de los juristas Manuel Arag\u00f3n Reyes, magistrado em\u00e9rito del TC de Espa\u00f1a y catedr\u00e1tico de Derecho constitucional; Ernesto Jinesta Lobo, juez presidente de la Sala Constitucional de Costa Rica; Julio C\u00e9sar Casta\u00f1os Guzm\u00e1n, presidente de la Junta Central Electoral; Pascual Salas, Francisco P\u00e9rez de los Cobos y Mar\u00eda Emilia Casas, ex presidentes del Tribunal Constitucional de Espa\u00f1a.<\/span><\/p>\n<\/p>\n<p><span class=\"text1noticias\">Asimismo, estuvieron el alcalde de Santo Domingo, David Collado; Flavio Dario Espinal, Consultor Jur\u00eddico del Poder Ejecutivo; Iraima Capriles, directora ejecutiva del Consejo Econ\u00f3mico y Social; as\u00ed como todos los miembros del Pleno del Tribunal Constitucional.<\/span><\/p>\n<\/p>\n<\/p>\n<\/p>\n<h6> 2017-12-01 18:30:45 <\/h6>\n<p><!--\n<link rel=\"stylesheet\" href=\"css\/bootstrap.min.css\">\n\n\n<ul class=\"pagination\">\n\t    \n\t\n\n<li >\n\t<a href='?page_no=7041'>Previous<\/a>\n\t<\/li>\n\n\n       \n    \n\n<li><a href='?page_no=1'>1<\/a><\/li>\n\n\n\n<li><a href='?page_no=2'>2<\/a><\/li>\n\n\n\n<li><a>...<\/a><\/li>\n\n\n\n<li><a href='?page_no=7040'>7040<\/a><\/li>\n\n\n\n<li><a href='?page_no=7041'>7041<\/a><\/li>\n\n\n\n<li class='active'><a>7042<\/a><\/li>\n\n\n\n<li><a href='?page_no=7043'>7043<\/a><\/li>\n\n\n\n<li><a href='?page_no=7044'>7044<\/a><\/li>\n\n\n\n<li><a>...<\/a><\/li>\n\n\n\n<li><a href='?page_no=36999'>36999<\/a><\/li>\n\n\n\n<li><a href='?page_no=37000'>37000<\/a><\/li>\n\n    \n\t\n\n<li >\n\t<a href='?page_no=7043'>Next<\/a>\n\t<\/li>\n\n\n    \n\n<li><a href='?page_no=37000'>Last &rsaquo;&rsaquo;<\/a><\/li>\n\n<\/ul>\n\n\n--><br \/>\n<\/body><\/p>\n","protected":false},"excerpt":{"rendered":"<p>El magistrado Milton Ray Guevara dijo que el futuro de la generaci\u00f3n constitucional tendr\u00e1 que sustentarse en el desarrollo de la educaci\u00f3n, el combate contra el crimen organizado, el narcotr\u00e1fico y la corrupci\u00f3n SANTO DOMINGO, RD, 1 de diciembre de 2017.- El presidente del Tribunal Constitucional (TC), magistrado Milton Ray Guevara, afirm\u00f3 que, a siete [&hellip;]<\/p>\n","protected":false},"author":3,"featured_media":0,"comment_status":"open","ping_status":"open","sticky":false,"template":"","format":"standard","meta":{"footnotes":""},"categories":[22],"tags":[],"class_list":["post-171770","post","type-post","status-publish","format-standard","hentry","category-politica"],"_links":{"self":[{"href":"https:\/\/diariodominicano.com\/index.php?rest_route=\/wp\/v2\/posts\/171770","targetHints":{"allow":["GET"]}}],"collection":[{"href":"https:\/\/diariodominicano.com\/index.php?rest_route=\/wp\/v2\/posts"}],"about":[{"href":"https:\/\/diariodominicano.com\/index.php?rest_route=\/wp\/v2\/types\/post"}],"author":[{"embeddable":true,"href":"https:\/\/diariodominicano.com\/index.php?rest_route=\/wp\/v2\/users\/3"}],"replies":[{"embeddable":true,"href":"https:\/\/diariodominicano.com\/index.php?rest_route=%2Fwp%2Fv2%2Fcomments&post=171770"}],"version-history":[{"count":0,"href":"https:\/\/diariodominicano.com\/index.php?rest_route=\/wp\/v2\/posts\/171770\/revisions"}],"wp:attachment":[{"href":"https:\/\/diariodominicano.com\/index.php?rest_route=%2Fwp%2Fv2%2Fmedia&parent=171770"}],"wp:term":[{"taxonomy":"category","embeddable":true,"href":"https:\/\/diariodominicano.com\/index.php?rest_route=%2Fwp%2Fv2%2Fcategories&post=171770"},{"taxonomy":"post_tag","embeddable":true,"href":"https:\/\/diariodominicano.com\/index.php?rest_route=%2Fwp%2Fv2%2Ftags&post=171770"}],"curies":[{"name":"wp","href":"https:\/\/api.w.org\/{rel}","templated":true}]}}