{"id":171769,"date":"2017-12-01T20:05:10","date_gmt":"2017-12-01T20:05:10","guid":{"rendered":"http:\/\/diariodominicano.ddns.net\/?p=171769"},"modified":"2017-12-01T20:05:10","modified_gmt":"2017-12-01T20:05:10","slug":"proclaman-todo-listo-para-convencion-prd-del-domingo","status":"publish","type":"post","link":"https:\/\/diariodominicano.com\/?p=171769","title":{"rendered":"Proclaman todo listo para convenci\u00f3n PRD del domingo"},"content":{"rendered":"<p><body><\/p>\n<p><img decoding=\"async\" src=\"img3\/Victor Gomez C PRD01122017.JPG\" \/>  <\/p>\n<p><strong> <\/strong><\/p>\n<p><strong>SANTO DOMINGO, RD, 1 de diciembre de 2017.- T<\/strong>odo est\u00e1 listo para la celebraci\u00f3n el pr\u00f3ximo domingo de la trig\u00e9simo cuarta convenci\u00f3n nacional extraordinaria del Partido Revolucionario Dominicano (PRD), que reunir\u00e1 a centenares de delegados de todo el pa\u00eds y marcar\u00e1 la ruta de la organizaci\u00f3n para el futuro inmediato.<\/p>\n<\/p>\n<p>El evento, dispuesto por resoluci\u00f3n del comit\u00e9 ejecutivo nacional reunido el pasado 19 de noviembre, se realizar\u00e1 en el pabell\u00f3n de voleibol del Centro Ol\u00edmpico Juan Pablo Duarte a partir de las 9 de la ma\u00f1ana.<\/p>\n<\/p>\n<p>Estar\u00e1 dedicado a la memoria del fenecido dirigente perrede\u00edsta Pedro Franco Bad\u00eda y es organizado por una comisi\u00f3n que encabezan Peggy Cabral y Juan Carlos Guerra.<\/p>\n<\/p>\n<p>Entre los puntos en agenda figura un proyecto de adecuaci\u00f3n y modificaci\u00f3n estatutaria que se estima contribuir\u00e1 al proceso de crecimiento y fortalecimiento del partido.<\/p>\n<\/p>\n<p>Miguel Vargas Maldonado, l\u00edder del PRD,  dijo recientemente que \u00e9ste se encuentra en un proceso de crecimiento en todos los niveles y que se pondr\u00e1 en las mejores condiciones para  competir con \u00e9xito en los procesos electorales del 2020. <\/p>\n<\/p>\n<p>V\u00edctor G\u00f3mez Casanova, director de Comunicaciones del PRD, dijo este viernes que en las filas perrede\u00edstas de todo el pa\u00eds existe gran entusiasmo por la actividad, en la que se pondr\u00e1 en evidencia la unidad interna y la disposici\u00f3n de vigorizar las estructuras partidarias.<\/p>\n<\/p>\n<p>Hablando en conferencia de prensa en presencia de los dirigentes Julio Mar\u00ed\u00f1ez, Rafael V\u00e1squez, Tony Pe\u00f1a Guaba, Jos\u00e9 Leonel Cabrera y Janet Camilo, G\u00f3mez Casanova afirm\u00f3 que para la convenci\u00f3n se han llenado todos los requisitos legales.<\/p>\n<\/p>\n<p>PIE DE FOTO<\/p>\n<\/p>\n<p>V\u00edctor G\u00f3mez Casanova anuncia en conferencia de prensa la trig\u00e9simo cuarta convenci\u00f3n nacional extraordinaria del PRD fijada para el pr\u00f3ximo domingo<\/p>\n<p>Zona de los archivos adjuntos<\/p>\n<h6> 2017-12-01 20:05:10 <\/h6>\n<p><!--\n<link rel=\"stylesheet\" href=\"css\/bootstrap.min.css\">\n\n\n<ul class=\"pagination\">\n\t    \n\t\n\n<li >\n\t<a href='?page_no=7040'>Previous<\/a>\n\t<\/li>\n\n\n       \n    \n\n<li><a href='?page_no=1'>1<\/a><\/li>\n\n\n\n<li><a href='?page_no=2'>2<\/a><\/li>\n\n\n\n<li><a>...<\/a><\/li>\n\n\n\n<li><a href='?page_no=7039'>7039<\/a><\/li>\n\n\n\n<li><a href='?page_no=7040'>7040<\/a><\/li>\n\n\n\n<li class='active'><a>7041<\/a><\/li>\n\n\n\n<li><a href='?page_no=7042'>7042<\/a><\/li>\n\n\n\n<li><a href='?page_no=7043'>7043<\/a><\/li>\n\n\n\n<li><a>...<\/a><\/li>\n\n\n\n<li><a href='?page_no=36999'>36999<\/a><\/li>\n\n\n\n<li><a href='?page_no=37000'>37000<\/a><\/li>\n\n    \n\t\n\n<li >\n\t<a href='?page_no=7042'>Next<\/a>\n\t<\/li>\n\n\n    \n\n<li><a href='?page_no=37000'>Last &rsaquo;&rsaquo;<\/a><\/li>\n\n<\/ul>\n\n\n--><br \/>\n<\/body><\/p>\n","protected":false},"excerpt":{"rendered":"<p>SANTO DOMINGO, RD, 1 de diciembre de 2017.- Todo est\u00e1 listo para la celebraci\u00f3n el pr\u00f3ximo domingo de la trig\u00e9simo cuarta convenci\u00f3n nacional extraordinaria del Partido Revolucionario Dominicano (PRD), que reunir\u00e1 a centenares de delegados de todo el pa\u00eds y marcar\u00e1 la ruta de la organizaci\u00f3n para el futuro inmediato. El evento, dispuesto por resoluci\u00f3n [&hellip;]<\/p>\n","protected":false},"author":3,"featured_media":0,"comment_status":"open","ping_status":"open","sticky":false,"template":"","format":"standard","meta":{"footnotes":""},"categories":[22],"tags":[],"class_list":["post-171769","post","type-post","status-publish","format-standard","hentry","category-politica"],"_links":{"self":[{"href":"https:\/\/diariodominicano.com\/index.php?rest_route=\/wp\/v2\/posts\/171769","targetHints":{"allow":["GET"]}}],"collection":[{"href":"https:\/\/diariodominicano.com\/index.php?rest_route=\/wp\/v2\/posts"}],"about":[{"href":"https:\/\/diariodominicano.com\/index.php?rest_route=\/wp\/v2\/types\/post"}],"author":[{"embeddable":true,"href":"https:\/\/diariodominicano.com\/index.php?rest_route=\/wp\/v2\/users\/3"}],"replies":[{"embeddable":true,"href":"https:\/\/diariodominicano.com\/index.php?rest_route=%2Fwp%2Fv2%2Fcomments&post=171769"}],"version-history":[{"count":0,"href":"https:\/\/diariodominicano.com\/index.php?rest_route=\/wp\/v2\/posts\/171769\/revisions"}],"wp:attachment":[{"href":"https:\/\/diariodominicano.com\/index.php?rest_route=%2Fwp%2Fv2%2Fmedia&parent=171769"}],"wp:term":[{"taxonomy":"category","embeddable":true,"href":"https:\/\/diariodominicano.com\/index.php?rest_route=%2Fwp%2Fv2%2Fcategories&post=171769"},{"taxonomy":"post_tag","embeddable":true,"href":"https:\/\/diariodominicano.com\/index.php?rest_route=%2Fwp%2Fv2%2Ftags&post=171769"}],"curies":[{"name":"wp","href":"https:\/\/api.w.org\/{rel}","templated":true}]}}