{"id":171768,"date":"2017-12-01T23:48:37","date_gmt":"2017-12-01T23:48:37","guid":{"rendered":"http:\/\/diariodominicano.ddns.net\/?p=171768"},"modified":"2017-12-01T23:48:37","modified_gmt":"2017-12-01T23:48:37","slug":"marcha-bien-reunion-gobierno-y-oposicion-venezolana-en-dominicana","status":"publish","type":"post","link":"https:\/\/diariodominicano.com\/?p=171768","title":{"rendered":"Marcha bien reuni\u00f3n gobierno y oposici\u00f3n venezolana en Dominicana"},"content":{"rendered":"<p><body><\/p>\n<p><img decoding=\"async\" src=\"img3\/Dialogo-Venezolano.jpg\" \/>  <\/p>\n<p><strong>SANTO DOMINGO, 1 nov (PL<\/strong>) Las conversaciones que se efect\u00faan entre el gobierno y la oposici\u00f3n venezolana van bien, se\u00f1al\u00f3 hoy el presidente dominicano, Danilo Medina, al concluir el primer d\u00eda de trabajo en esta capital.<\/p>\n<\/p>\n<p>En declaraciones a los medios de prensa, el mandatario explic\u00f3 que en el encuentro de este viernes , el cual dur\u00f3 cerca de nueve horas, se ventilaron cuatro de los seis puntos previstos en la agenda establecida previo al comienzo del di\u00e1logo.<\/p>\n<\/p>\n<p>Los mencionados puntos fueron consensuados entre las dos partes durante un encuentro celebrado el pasado 16 de noviembre en este pa\u00eds.<\/p>\n<\/p>\n<p>Hoy se trataron temas generales, manifest\u00f3 el jefe de Estado, aunque no quiso adelantar informaciones y se limit\u00f3 a decir que durante la segunda jornada ser\u00e1n dados a conocer las conclusiones y &#8216;lo contaremos todo&#8217;.<\/p>\n<\/p>\n<p>La delegaci\u00f3n del gobierno venezolano la encabeza el ministro de Comunicaci\u00f3n e Informaci\u00f3n, Jorge Rodr\u00edguez, quien est\u00e1 acompa\u00f1ado por la presidenta de la Asamblea Nacional Constituyente, Delcy Rodr\u00edguez; el ministro del Poder Popular para la Educaci\u00f3n, El\u00edas Jaua, y el diplom\u00e1tico Roy Chaderton.<\/p>\n<\/p>\n<p>Por su parte, los opositores est\u00e1n presididos por Julio Borges, presidente de la Asamblea Nacional en desacato, quien se hace acompa\u00f1ar por Enrique M\u00e1rquez, Luis Florido, Luis Aquiles Moreno, Eudoro Gonz\u00e1lez, Gustavo Vel\u00e1squez, Timoteo Zambrano, Vicente D\u00edaz, Sim\u00f3n Calzadilla, Roberto Enr\u00edquez, Juan Raffalli y Daniel Sierra.<\/p>\n<\/p>\n<p>Participan en la cita como acompa\u00f1antes junto a Medina, el expresidente del gobierno espa\u00f1ol Jos\u00e9 Luis Rodr\u00edguez Zapatero; los cancilleres de Chile, Heraldo Mu\u00f1oz; M\u00e9xico, Luis Videgaray; Bolivia, Fernando Huanacuni; Nicaragua, Denis Moncada; y representantes de San Vicente y las Granadinas.<\/p>\n<\/p>\n<p>agp\/ema\/cvl<\/p>\n<h6> 2017-12-01 23:48:37 <\/h6>\n<p><!--\n<link rel=\"stylesheet\" href=\"css\/bootstrap.min.css\">\n\n\n<ul class=\"pagination\">\n\t    \n\t\n\n<li >\n\t<a href='?page_no=7039'>Previous<\/a>\n\t<\/li>\n\n\n       \n    \n\n<li><a href='?page_no=1'>1<\/a><\/li>\n\n\n\n<li><a href='?page_no=2'>2<\/a><\/li>\n\n\n\n<li><a>...<\/a><\/li>\n\n\n\n<li><a href='?page_no=7038'>7038<\/a><\/li>\n\n\n\n<li><a href='?page_no=7039'>7039<\/a><\/li>\n\n\n\n<li class='active'><a>7040<\/a><\/li>\n\n\n\n<li><a href='?page_no=7041'>7041<\/a><\/li>\n\n\n\n<li><a href='?page_no=7042'>7042<\/a><\/li>\n\n\n\n<li><a>...<\/a><\/li>\n\n\n\n<li><a href='?page_no=36999'>36999<\/a><\/li>\n\n\n\n<li><a href='?page_no=37000'>37000<\/a><\/li>\n\n    \n\t\n\n<li >\n\t<a href='?page_no=7041'>Next<\/a>\n\t<\/li>\n\n\n    \n\n<li><a href='?page_no=37000'>Last &rsaquo;&rsaquo;<\/a><\/li>\n\n<\/ul>\n\n\n--><br \/>\n<\/body><\/p>\n","protected":false},"excerpt":{"rendered":"<p>SANTO DOMINGO, 1 nov (PL) Las conversaciones que se efect\u00faan entre el gobierno y la oposici\u00f3n venezolana van bien, se\u00f1al\u00f3 hoy el presidente dominicano, Danilo Medina, al concluir el primer d\u00eda de trabajo en esta capital. En declaraciones a los medios de prensa, el mandatario explic\u00f3 que en el encuentro de este viernes , el [&hellip;]<\/p>\n","protected":false},"author":3,"featured_media":0,"comment_status":"open","ping_status":"open","sticky":false,"template":"","format":"standard","meta":{"footnotes":""},"categories":[22],"tags":[],"class_list":["post-171768","post","type-post","status-publish","format-standard","hentry","category-politica"],"_links":{"self":[{"href":"https:\/\/diariodominicano.com\/index.php?rest_route=\/wp\/v2\/posts\/171768","targetHints":{"allow":["GET"]}}],"collection":[{"href":"https:\/\/diariodominicano.com\/index.php?rest_route=\/wp\/v2\/posts"}],"about":[{"href":"https:\/\/diariodominicano.com\/index.php?rest_route=\/wp\/v2\/types\/post"}],"author":[{"embeddable":true,"href":"https:\/\/diariodominicano.com\/index.php?rest_route=\/wp\/v2\/users\/3"}],"replies":[{"embeddable":true,"href":"https:\/\/diariodominicano.com\/index.php?rest_route=%2Fwp%2Fv2%2Fcomments&post=171768"}],"version-history":[{"count":0,"href":"https:\/\/diariodominicano.com\/index.php?rest_route=\/wp\/v2\/posts\/171768\/revisions"}],"wp:attachment":[{"href":"https:\/\/diariodominicano.com\/index.php?rest_route=%2Fwp%2Fv2%2Fmedia&parent=171768"}],"wp:term":[{"taxonomy":"category","embeddable":true,"href":"https:\/\/diariodominicano.com\/index.php?rest_route=%2Fwp%2Fv2%2Fcategories&post=171768"},{"taxonomy":"post_tag","embeddable":true,"href":"https:\/\/diariodominicano.com\/index.php?rest_route=%2Fwp%2Fv2%2Ftags&post=171768"}],"curies":[{"name":"wp","href":"https:\/\/api.w.org\/{rel}","templated":true}]}}