{"id":171763,"date":"2017-12-03T13:59:20","date_gmt":"2017-12-03T13:59:20","guid":{"rendered":"http:\/\/diariodominicano.ddns.net\/?p=171763"},"modified":"2017-12-03T13:59:20","modified_gmt":"2017-12-03T13:59:20","slug":"reinaldo-pared-perez-invita-a-celebrar-con-comedimiento","status":"publish","type":"post","link":"https:\/\/diariodominicano.com\/?p=171763","title":{"rendered":"Reinaldo Pared P\u00e9rez invita a celebrar con comedimiento"},"content":{"rendered":"<p><body><\/p>\n<p><img decoding=\"async\" src=\"img3\/01 (4).JPG\" \/><br \/><img decoding=\"async\" src=\"img3\/03 (3).JPG\" \/><br \/><img decoding=\"async\" src=\"img3\/02 (6).JPG\" \/>  <\/p>\n<p><strong>SANTO DOMINGO, RD, 3 de diciembre de 2017.-<\/strong> Reinaldo Pared P\u00e9rez, secretario general del Partido de la Liberaci\u00f3n Dominicana,  en el acto de apertura de la festividad de las navidades realizado en la sede nacional del PLD,  al tiempo de invitar a celebrar con entusiasmo y alegr\u00eda lo que llam\u00f3 \u00abla \u00e9poca m\u00e1s hermosa del a\u00f1o\u00bb. Invit\u00f3 a sus compa\u00f1eros y compa\u00f1eras de organizaci\u00f3n y al pueblo en general, disfrutar de las fiestas con comedimiento y reflexionar sobre lo  que no se ha hecho bien para enmendar los posibles errores y mejorar cada d\u00eda  en las acciones y  realizaciones  que se tienen por delante.<\/p>\n<\/p>\n<p>\u00abEsperamos que esta \u00e9poca sirva para el reencuentro, para la reflexi\u00f3n y la celebraci\u00f3n con respeto y la debida moderaci\u00f3n\u00bb dijo Pared Perez al momento de impulsar el interruptor con el que formalmente qued\u00f3 encendida la decoraci\u00f3n navide\u00f1a de la Casa Nacional del PLD.<\/p>\n<\/p>\n<p>Dijo que la celebraci\u00f3n del nacimiento de Jes\u00fas invita a ser m\u00e1s fraterno, solidario y tender la mano amiga al necesitado, como es la tradici\u00f3n en Rep\u00fablica Dominicana.<\/p>\n<\/p>\n<p>No desaprovech\u00f3 la oportunidad  para recordar los retos y desaf\u00edos que desde el PLD y desde el gobierno  se tienen por delante de trabajar, sin descanso, como se hace, por el bienestar del pueblo dominicano.<\/p>\n<\/p>\n<p>Reinaldo Pared P\u00e9rez,  acompa\u00f1ado  de su esposa,  Ingrid Mendoza de Pared, y  los integrantes del Consejo de Administraci\u00f3n de la Casa Nacional y una representaci\u00f3n de los miembros del Comit\u00e9 Central, procedi\u00f3 a encender la decoraci\u00f3n navide\u00f1a de la edificaci\u00f3n ubicada en la avenida Independencia en Gascue.<\/p>\n<\/p>\n<p>Junto a las luces una descarga de fuegos de artificio ilumin\u00f3 el firmamento, mientras que las descargas animaban el ambiente en el que se escuchaba la m\u00fasica de F\u00e9lix del Rosario, una tradici\u00f3n en la \u00e9poca.<\/p>\n<\/p>\n<p>La actividad se desarroll\u00f3 en la escalinata de la edificaci\u00f3n en cuyos jardines se aprecia la vistosidad de la decoraci\u00f3n navide\u00f1a, como lo hacen tambi\u00e9n los automovilistas y transe\u00fantes que se desplazan por la tradicional avenida capitalina.<\/p>\n<\/p>\n<p>De los jardines los presentes se desplazaron al patio de la casa, junto al \u00e1rbol de limoncillo, decorado tambi\u00e9n para la ocasi\u00f3n con luminarias multicolores.<\/p>\n<\/p>\n<p>Un conjunto t\u00edpico, acompa\u00f1ado de un grupo de baile presentaba los merengues navide\u00f1os recordando la declaratoria del Merengue como patrimonio cultural por la UNESCO. (Comunicaciones PLD)<\/p>\n<\/p>\n<p>Los integrantes del grupo de baile invitaron a los asistentes a acompa\u00f1arles en el baile, terminando aquello en un alegre festejo y una concurrida celebraci\u00f3n a la que se integraron los vecinos de los apartamentos y viviendas contiguos a la Casa Nacional del PLD, dando continuidad a una tradici\u00f3n, tal y como record\u00f3 en sus palabras Reinaldo Pared P\u00e9rez , quien agradeci\u00f3 la presencia de ellos, de los servidores de la sede nacional y los dirigentes presentes all\u00ed. .<\/p>\n<h6> 2017-12-03 13:59:20 <\/h6>\n<p><!--\n<link rel=\"stylesheet\" href=\"css\/bootstrap.min.css\">\n\n\n<ul class=\"pagination\">\n\t    \n\t\n\n<li >\n\t<a href='?page_no=7035'>Previous<\/a>\n\t<\/li>\n\n\n       \n    \n\n<li><a href='?page_no=1'>1<\/a><\/li>\n\n\n\n<li><a href='?page_no=2'>2<\/a><\/li>\n\n\n\n<li><a>...<\/a><\/li>\n\n\n\n<li><a href='?page_no=7034'>7034<\/a><\/li>\n\n\n\n<li><a href='?page_no=7035'>7035<\/a><\/li>\n\n\n\n<li class='active'><a>7036<\/a><\/li>\n\n\n\n<li><a href='?page_no=7037'>7037<\/a><\/li>\n\n\n\n<li><a href='?page_no=7038'>7038<\/a><\/li>\n\n\n\n<li><a>...<\/a><\/li>\n\n\n\n<li><a href='?page_no=36999'>36999<\/a><\/li>\n\n\n\n<li><a href='?page_no=37000'>37000<\/a><\/li>\n\n    \n\t\n\n<li >\n\t<a href='?page_no=7037'>Next<\/a>\n\t<\/li>\n\n\n    \n\n<li><a href='?page_no=37000'>Last &rsaquo;&rsaquo;<\/a><\/li>\n\n<\/ul>\n\n\n--><br \/>\n<\/body><\/p>\n","protected":false},"excerpt":{"rendered":"<p>SANTO DOMINGO, RD, 3 de diciembre de 2017.- Reinaldo Pared P\u00e9rez, secretario general del Partido de la Liberaci\u00f3n Dominicana, en el acto de apertura de la festividad de las navidades realizado en la sede nacional del PLD, al tiempo de invitar a celebrar con entusiasmo y alegr\u00eda lo que llam\u00f3 \u00abla \u00e9poca m\u00e1s hermosa del [&hellip;]<\/p>\n","protected":false},"author":3,"featured_media":0,"comment_status":"open","ping_status":"open","sticky":false,"template":"","format":"standard","meta":{"footnotes":""},"categories":[22],"tags":[],"class_list":["post-171763","post","type-post","status-publish","format-standard","hentry","category-politica"],"_links":{"self":[{"href":"https:\/\/diariodominicano.com\/index.php?rest_route=\/wp\/v2\/posts\/171763","targetHints":{"allow":["GET"]}}],"collection":[{"href":"https:\/\/diariodominicano.com\/index.php?rest_route=\/wp\/v2\/posts"}],"about":[{"href":"https:\/\/diariodominicano.com\/index.php?rest_route=\/wp\/v2\/types\/post"}],"author":[{"embeddable":true,"href":"https:\/\/diariodominicano.com\/index.php?rest_route=\/wp\/v2\/users\/3"}],"replies":[{"embeddable":true,"href":"https:\/\/diariodominicano.com\/index.php?rest_route=%2Fwp%2Fv2%2Fcomments&post=171763"}],"version-history":[{"count":0,"href":"https:\/\/diariodominicano.com\/index.php?rest_route=\/wp\/v2\/posts\/171763\/revisions"}],"wp:attachment":[{"href":"https:\/\/diariodominicano.com\/index.php?rest_route=%2Fwp%2Fv2%2Fmedia&parent=171763"}],"wp:term":[{"taxonomy":"category","embeddable":true,"href":"https:\/\/diariodominicano.com\/index.php?rest_route=%2Fwp%2Fv2%2Fcategories&post=171763"},{"taxonomy":"post_tag","embeddable":true,"href":"https:\/\/diariodominicano.com\/index.php?rest_route=%2Fwp%2Fv2%2Ftags&post=171763"}],"curies":[{"name":"wp","href":"https:\/\/api.w.org\/{rel}","templated":true}]}}