{"id":171762,"date":"2017-12-04T08:09:27","date_gmt":"2017-12-04T08:09:27","guid":{"rendered":"http:\/\/diariodominicano.ddns.net\/?p=171762"},"modified":"2017-12-04T08:09:27","modified_gmt":"2017-12-04T08:09:27","slug":"vargas-dice-mantiene-actitud-de-puertas-abiertas-para-el-regreso-de-excompaneros","status":"publish","type":"post","link":"https:\/\/diariodominicano.com\/?p=171762","title":{"rendered":"Vargas dice mantiene actitud de puertas abiertas para el regreso de excompa\u00f1eros"},"content":{"rendered":"<p><body><\/p>\n<p><img decoding=\"async\" src=\"img3\/MiguelVargas.jpg\" \/>  <\/p>\n<p><span class=\"text1noticias\">Santo Domingo, 4 dic (PL) El Partido Revolucionario Dominicana (PRD) reeligi\u00f3 hoy en esta capital como presidente para los pr\u00f3ximos cuatro a\u00f1os a Miguel Vargas.<\/span><\/p>\n<p><span class=\"text1noticias\"> <\/span><\/p>\n<p><span class=\"text1noticias\">La elecci\u00f3n se efectu\u00f3 este domingo en la XXXIV Convenci\u00f3n Extraordinaria de esa organizaci\u00f3n pol\u00edtica, que tuvo como sede el Pabell\u00f3n de Voleibol del Centro Ol\u00edmpico Juan Pablo Duarte, con la presencia de cinco mil 325 delegados.<\/span><\/p>\n<p><span class=\"text1noticias\"> <\/span><\/p>\n<p><span class=\"text1noticias\">Tambi\u00e9n fueron proclamados como presidenta en funciones Peggi Cabral; secretario general, Francisco Antonio Pe\u00f1a; secretario de organizaci\u00f3n, Rafael V\u00e1squez; presidente ejecutivo, Jos\u00e9 Neney Cabrera, y como vicepresidente y presidente de la Comisi\u00f3n Adjunta, Yunior de los Santos.<\/span><\/p>\n<p><span class=\"text1noticias\"> <\/span><\/p>\n<p><span class=\"text1noticias\">Seg\u00fan medios de prensa, durante la convenci\u00f3n se aprobaron diferentes temas y modificaron estatutos, con destaque de una resoluci\u00f3n que establece que a partir de 2018, esa organizaci\u00f3n empezar\u00e1 a identificar las figuras a presentar como candidatas a cargos municipales y congresuales para las elecciones de 2020.<\/span><\/p>\n<p><span class=\"text1noticias\"> <\/span><\/p>\n<p><span class=\"text1noticias\">En las conclusiones del evento partidista habl\u00f3 Vargas, quien agradeci\u00f3 su nueva elecci\u00f3n y destac\u00f3 la reforma a los estatutos.<\/span><\/p>\n<p><span class=\"text1noticias\"> <\/span><\/p>\n<p><span class=\"text1noticias\">Asimismo, alab\u00f3 la participaci\u00f3n de la mujer y la juventud en la actividad pol\u00edtica y exhort\u00f3 a mantener una actitud de puertas abiertas para el regreso de excompa\u00f1eros y la llegada de nuevas personas que deseen abrazar la actividad pol\u00edtica.<\/span><\/p>\n<p><span class=\"text1noticias\"> <\/span><\/p>\n<p><span class=\"text1noticias\">Todo aquel que tenga algo que aportar al pa\u00eds, sepa que lo puede hacer a trav\u00e9s del PRD, concl<\/span>uy\u00f3.<\/p>\n<\/p>\n<h6> 2017-12-04 08:09:27 <\/h6>\n<p><!--\n<link rel=\"stylesheet\" href=\"css\/bootstrap.min.css\">\n\n\n<ul class=\"pagination\">\n\t    \n\t\n\n<li >\n\t<a href='?page_no=7034'>Previous<\/a>\n\t<\/li>\n\n\n       \n    \n\n<li><a href='?page_no=1'>1<\/a><\/li>\n\n\n\n<li><a href='?page_no=2'>2<\/a><\/li>\n\n\n\n<li><a>...<\/a><\/li>\n\n\n\n<li><a href='?page_no=7033'>7033<\/a><\/li>\n\n\n\n<li><a href='?page_no=7034'>7034<\/a><\/li>\n\n\n\n<li class='active'><a>7035<\/a><\/li>\n\n\n\n<li><a href='?page_no=7036'>7036<\/a><\/li>\n\n\n\n<li><a href='?page_no=7037'>7037<\/a><\/li>\n\n\n\n<li><a>...<\/a><\/li>\n\n\n\n<li><a href='?page_no=36999'>36999<\/a><\/li>\n\n\n\n<li><a href='?page_no=37000'>37000<\/a><\/li>\n\n    \n\t\n\n<li >\n\t<a href='?page_no=7036'>Next<\/a>\n\t<\/li>\n\n\n    \n\n<li><a href='?page_no=37000'>Last &rsaquo;&rsaquo;<\/a><\/li>\n\n<\/ul>\n\n\n--><br \/>\n<\/body><\/p>\n","protected":false},"excerpt":{"rendered":"<p>Santo Domingo, 4 dic (PL) El Partido Revolucionario Dominicana (PRD) reeligi\u00f3 hoy en esta capital como presidente para los pr\u00f3ximos cuatro a\u00f1os a Miguel Vargas. La elecci\u00f3n se efectu\u00f3 este domingo en la XXXIV Convenci\u00f3n Extraordinaria de esa organizaci\u00f3n pol\u00edtica, que tuvo como sede el Pabell\u00f3n de Voleibol del Centro Ol\u00edmpico Juan Pablo Duarte, con [&hellip;]<\/p>\n","protected":false},"author":3,"featured_media":0,"comment_status":"open","ping_status":"open","sticky":false,"template":"","format":"standard","meta":{"footnotes":""},"categories":[22],"tags":[],"class_list":["post-171762","post","type-post","status-publish","format-standard","hentry","category-politica"],"_links":{"self":[{"href":"https:\/\/diariodominicano.com\/index.php?rest_route=\/wp\/v2\/posts\/171762","targetHints":{"allow":["GET"]}}],"collection":[{"href":"https:\/\/diariodominicano.com\/index.php?rest_route=\/wp\/v2\/posts"}],"about":[{"href":"https:\/\/diariodominicano.com\/index.php?rest_route=\/wp\/v2\/types\/post"}],"author":[{"embeddable":true,"href":"https:\/\/diariodominicano.com\/index.php?rest_route=\/wp\/v2\/users\/3"}],"replies":[{"embeddable":true,"href":"https:\/\/diariodominicano.com\/index.php?rest_route=%2Fwp%2Fv2%2Fcomments&post=171762"}],"version-history":[{"count":0,"href":"https:\/\/diariodominicano.com\/index.php?rest_route=\/wp\/v2\/posts\/171762\/revisions"}],"wp:attachment":[{"href":"https:\/\/diariodominicano.com\/index.php?rest_route=%2Fwp%2Fv2%2Fmedia&parent=171762"}],"wp:term":[{"taxonomy":"category","embeddable":true,"href":"https:\/\/diariodominicano.com\/index.php?rest_route=%2Fwp%2Fv2%2Fcategories&post=171762"},{"taxonomy":"post_tag","embeddable":true,"href":"https:\/\/diariodominicano.com\/index.php?rest_route=%2Fwp%2Fv2%2Ftags&post=171762"}],"curies":[{"name":"wp","href":"https:\/\/api.w.org\/{rel}","templated":true}]}}