{"id":171761,"date":"2017-12-04T09:12:50","date_gmt":"2017-12-04T09:12:50","guid":{"rendered":"http:\/\/diariodominicano.ddns.net\/?p=171761"},"modified":"2017-12-04T09:12:50","modified_gmt":"2017-12-04T09:12:50","slug":"leonel-fernandez-sistema-de-primarias-abiertas-y-simultaneas-es-inconstitucional","status":"publish","type":"post","link":"https:\/\/diariodominicano.com\/?p=171761","title":{"rendered":"Leonel Fern\u00e1ndez: sistema de primarias abiertas y simult\u00e1neas es inconstitucional"},"content":{"rendered":"<p><body><\/p>\n<p><img decoding=\"async\" src=\"img3\/LeonelPLD4.jpg\" \/>  <\/p>\n<p>Santo Domingo, R. D., 4 de diciembre, 2017.-  <span class=\"text1noticias\">El expresidente de la Rep\u00fablica, doctor Leonel Fern\u00e1ndez, afirm\u00f3 que la imposici\u00f3n a los partidos pol\u00edticos de un sistema de elecciones con primarias abiertas y de manera simult\u00e1nea es inconstitucional y que ser\u00eda un atropello institucional. <\/span><\/p>\n<\/p>\n<p><span class=\"text1noticias\">Se\u00f1al\u00f3, adem\u00e1s, que el debate que se ha generado en el pa\u00eds sobre ese tema carece de sentido, en vista de que ya la Suprema Corte de Justicia se pronunci\u00f3 al respecto en el a\u00f1o 2005.<\/span><\/p>\n<p><span class=\"text1noticias\"> <\/span><\/p>\n<p><span class=\"text1noticias\">Fern\u00e1ndez advierte que desconocer lo consignado en el art\u00edculo 277 de la Constituci\u00f3n, en lo referente a la Ley de Partidos Pol\u00edticos, destapar\u00eda una caja de pandora, en la que todos los casos judiciales que anteriormente hab\u00edan adquirido la autoridad de la cosa irrevocablemente juzgada podr\u00edan ser nuevamente conocidos por ante las distintas instituciones jurisdiccionales.<\/span><\/p>\n<p><span class=\"text1noticias\"> <\/span><\/p>\n<p><span class=\"text1noticias\">De ser as\u00ed, el exmandatario asegura que se pondr\u00eda en peligro la seguridad jur\u00eddica del pa\u00eds, se vulnerar\u00eda el clima de negocios y el Estado Social y Democr\u00e1tico de Derecho consagrado como principio constitucional en el ordenamiento jur\u00eddico nacional.<\/span><\/p>\n<p><span class=\"text1noticias\"> <\/span><\/p>\n<p><span class=\"text1noticias\">Fern\u00e1ndez, quien adem\u00e1s es presidente del Partido de la Liberaci\u00f3n Dominicana (PLD), expone su opini\u00f3n en el \u00abObservatorio Global\u00bb que publica quincenalmente en un peri\u00f3dico de circulaci\u00f3n nacional, y cuya entrega de este lunes dedica exclusivamente al tema de las primarias abiertas y simult\u00e1neas. <\/span><\/p>\n<p><span class=\"text1noticias\"> <\/span><\/p>\n<p><span class=\"text1noticias\">En su art\u00edculo, el intelectual y pol\u00edtico refiere que en los art\u00edculos 36 y 37 del proyecto de ley de partidos pol\u00edticos reintroducido por la Junta Central Electoral a las c\u00e1maras legislativas en febrero de este a\u00f1o, se sostiene que es competencia de los partidos y agrupaciones pol\u00edticas reglamentar las primarias internas a celebrarse en fecha determinada por el organismo competente del mismo partido o agrupaci\u00f3n pol\u00edtica. <\/span><\/p>\n<p><span class=\"text1noticias\"> <\/span><\/p>\n<p><span class=\"text1noticias\">Agrega, a seguidas, que el referido proyecto de ley que cursa en el Congreso Nacional tambi\u00e9n indica que es responsabilidad de los partidos y agrupaciones pol\u00edticas decidir la modalidad de la organizaci\u00f3n de las primarias, pero no dice que las consultas internas deben ser abiertas, con el padr\u00f3n del organismo electoral, o cerradas con el registro de los miembros afiliados. <\/span><\/p>\n<\/p>\n<p><span class=\"text1noticias\">Fern\u00e1ndez sostiene que de conformidad con el referido proyecto de ley, cada partido pol\u00edtico dispone de la libertad de escoger el mecanismo que estime m\u00e1s conveniente a sus objetivos partidistas. <\/span><\/p>\n<p><span class=\"text1noticias\"> <\/span><\/p>\n<p><span class=\"text1noticias\">El ex jefe de Estado afirma que al concebir la Constituci\u00f3n de la Rep\u00fablica que los partidos pol\u00edticos son organizaciones libres, as\u00ed como de que disponen de una libertad democr\u00e1tica interna, resultar\u00eda incompatible con la propia Carta Magna el que se imponga, mediante una ley, una limitaci\u00f3n al ejercicio pleno de esa libertad instituida por el texto constitucional. <\/span><\/p>\n<\/p>\n<p><span class=\"text1noticias\">Seg\u00fan Fern\u00e1ndez, ese fue uno de los criterios consignados por la Suprema Corte de Justicia, actuando en funci\u00f3n de Corte Constitucional, en la sentencia de fecha 16 de marzo del 2005, que declar\u00f3 la nulidad de la Ley 286-04, que establec\u00eda el sistema de elecciones primarias simult\u00e1neas con voto universal, directo y secreto. <\/span><\/p>\n<\/p>\n<p><span class=\"text1noticias\">Al profundizar en el tema, el exmandatario afirma que el prop\u00f3sito de establecer una ley de elecciones primarias simult\u00e1neas, utilizando el padr\u00f3n universal de la Junta Central Electoral, no es nada nuevo en la Rep\u00fablica Dominicana, y a prop\u00f3sito recuerda que ya se hab\u00eda intentado hace 13 a\u00f1os, mediante la aprobaci\u00f3n de la ley a que fue declarada nula en el 2<\/span>005. <\/p>\n<\/p>\n<h6> 2017-12-04 09:12:50 <\/h6>\n<p><!--\n<link rel=\"stylesheet\" href=\"css\/bootstrap.min.css\">\n\n\n<ul class=\"pagination\">\n\t    \n\t\n\n<li >\n\t<a href='?page_no=7033'>Previous<\/a>\n\t<\/li>\n\n\n       \n    \n\n<li><a href='?page_no=1'>1<\/a><\/li>\n\n\n\n<li><a href='?page_no=2'>2<\/a><\/li>\n\n\n\n<li><a>...<\/a><\/li>\n\n\n\n<li><a href='?page_no=7032'>7032<\/a><\/li>\n\n\n\n<li><a href='?page_no=7033'>7033<\/a><\/li>\n\n\n\n<li class='active'><a>7034<\/a><\/li>\n\n\n\n<li><a href='?page_no=7035'>7035<\/a><\/li>\n\n\n\n<li><a href='?page_no=7036'>7036<\/a><\/li>\n\n\n\n<li><a>...<\/a><\/li>\n\n\n\n<li><a href='?page_no=36999'>36999<\/a><\/li>\n\n\n\n<li><a href='?page_no=37000'>37000<\/a><\/li>\n\n    \n\t\n\n<li >\n\t<a href='?page_no=7035'>Next<\/a>\n\t<\/li>\n\n\n    \n\n<li><a href='?page_no=37000'>Last &rsaquo;&rsaquo;<\/a><\/li>\n\n<\/ul>\n\n\n--><br \/>\n<\/body><\/p>\n","protected":false},"excerpt":{"rendered":"<p>Santo Domingo, R. D., 4 de diciembre, 2017.- El expresidente de la Rep\u00fablica, doctor Leonel Fern\u00e1ndez, afirm\u00f3 que la imposici\u00f3n a los partidos pol\u00edticos de un sistema de elecciones con primarias abiertas y de manera simult\u00e1nea es inconstitucional y que ser\u00eda un atropello institucional. Se\u00f1al\u00f3, adem\u00e1s, que el debate que se ha generado en el [&hellip;]<\/p>\n","protected":false},"author":3,"featured_media":0,"comment_status":"open","ping_status":"open","sticky":false,"template":"","format":"standard","meta":{"footnotes":""},"categories":[22],"tags":[],"class_list":["post-171761","post","type-post","status-publish","format-standard","hentry","category-politica"],"_links":{"self":[{"href":"https:\/\/diariodominicano.com\/index.php?rest_route=\/wp\/v2\/posts\/171761","targetHints":{"allow":["GET"]}}],"collection":[{"href":"https:\/\/diariodominicano.com\/index.php?rest_route=\/wp\/v2\/posts"}],"about":[{"href":"https:\/\/diariodominicano.com\/index.php?rest_route=\/wp\/v2\/types\/post"}],"author":[{"embeddable":true,"href":"https:\/\/diariodominicano.com\/index.php?rest_route=\/wp\/v2\/users\/3"}],"replies":[{"embeddable":true,"href":"https:\/\/diariodominicano.com\/index.php?rest_route=%2Fwp%2Fv2%2Fcomments&post=171761"}],"version-history":[{"count":0,"href":"https:\/\/diariodominicano.com\/index.php?rest_route=\/wp\/v2\/posts\/171761\/revisions"}],"wp:attachment":[{"href":"https:\/\/diariodominicano.com\/index.php?rest_route=%2Fwp%2Fv2%2Fmedia&parent=171761"}],"wp:term":[{"taxonomy":"category","embeddable":true,"href":"https:\/\/diariodominicano.com\/index.php?rest_route=%2Fwp%2Fv2%2Fcategories&post=171761"},{"taxonomy":"post_tag","embeddable":true,"href":"https:\/\/diariodominicano.com\/index.php?rest_route=%2Fwp%2Fv2%2Ftags&post=171761"}],"curies":[{"name":"wp","href":"https:\/\/api.w.org\/{rel}","templated":true}]}}