{"id":171759,"date":"2017-12-04T11:56:01","date_gmt":"2017-12-04T11:56:01","guid":{"rendered":"http:\/\/diariodominicano.ddns.net\/?p=171759"},"modified":"2017-12-04T11:56:01","modified_gmt":"2017-12-04T11:56:01","slug":"sesion-camara-de-diputados-en-barahona-conocera-proyectos-sometidos-por-diputados-de-bahoruco","status":"publish","type":"post","link":"https:\/\/diariodominicano.com\/?p=171759","title":{"rendered":"Sesi\u00f3n C\u00e1mara de Diputados en Barahona conocer\u00e1 proyectos sometidos por diputados de Bahoruco"},"content":{"rendered":"<p><body><\/p>\n<p><img decoding=\"async\" src=\"img3\/sesion1.jpg\" \/>  <\/p>\n<p>NEYBA: Al menos ocho proyectos de ley y resoluci\u00f3n se conocer\u00e1n en la sesi\u00f3n que tendr\u00e1 la C\u00e1mara de Diputados el pr\u00f3ximo d\u00eda ocho de<\/p>\n<p>diciembre en la Provincia Bahoruco, en el que se conocer\u00e1n las iniciativas que son el producto de los planteamientos formulados en los Foros Legislativos para el Desarrollo en la Regi\u00f3n Enriquillo.<\/p>\n<\/p>\n<p>Las iniciativas est\u00e1n siendo encaminadas por los diputados Rafael M\u00e9ndez, del Partido de la Liberaci\u00f3n Dominicana y Edward Jorge, del<\/p>\n<p>Partido Revolucionario Moderno, quienes junto al departamento de Planificaci\u00f3n de la C\u00e1mara de Diputados recogieron las inquietudes<\/p>\n<p>planteadas por diferentes personas y las convirtieron en iniciativas de ley.<\/p>\n<\/p>\n<p>Al dar la informaci\u00f3n, el diputado Rafael M\u00e9ndez dijo que se tratada de los proyectos de ley que elevan a distritos municipales las<\/p>\n<p>secciones Higo de Santa Cruz, conocido como Batey 5, y el de Villa Isabela, de la Zona Ca\u00f1era, as\u00ed como el que designa con el nombre de<\/p>\n<p>Emilio Herasme Pe\u00f1a el Proyecto Habitacional Las Malvinas, pertenecientes al Municipio de Neiba.<\/p>\n<\/p>\n<p>Adem\u00e1s, los proyectos de ley que establece el certificado de reconocimiento laboral, un bono econ\u00f3mico y vacaciones extraordinarios<\/p>\n<p>a los servidores p\u00fablicos que de manera ininterrumpida hayan cumplido veinte o m\u00e1s a\u00f1os en la administraci\u00f3n p\u00fablica, el que crea la Corporaci\u00f3n de Acueducto y Alcantarillado de la Provincia Bahoruco.<\/p>\n<\/p>\n<p>M\u00e9ndez y Edward informaron que tambi\u00e9n sometieron un proyecto de resoluci\u00f3n que solicita al presidente Danilo Medina instruir al Comit\u00e9<\/p>\n<p>Fiduciario del Fideicomiso de Viviendas de bajo costo para la construcci\u00f3n de quinientas viviendas en la Provincia Bahoruco, y un<\/p>\n<p>proyecto de resoluci\u00f3n que solicita al Ministerio de Mina que los yacimientos de yeso de la zona norte de Tamayo sean explotados por las<\/p>\n<p>cooperativas.<\/p>\n<h6> 2017-12-04 11:56:01 <\/h6>\n<p><!--\n<link rel=\"stylesheet\" href=\"css\/bootstrap.min.css\">\n\n\n<ul class=\"pagination\">\n\t    \n\t\n\n<li >\n\t<a href='?page_no=7031'>Previous<\/a>\n\t<\/li>\n\n\n       \n    \n\n<li><a href='?page_no=1'>1<\/a><\/li>\n\n\n\n<li><a href='?page_no=2'>2<\/a><\/li>\n\n\n\n<li><a>...<\/a><\/li>\n\n\n\n<li><a href='?page_no=7030'>7030<\/a><\/li>\n\n\n\n<li><a href='?page_no=7031'>7031<\/a><\/li>\n\n\n\n<li class='active'><a>7032<\/a><\/li>\n\n\n\n<li><a href='?page_no=7033'>7033<\/a><\/li>\n\n\n\n<li><a href='?page_no=7034'>7034<\/a><\/li>\n\n\n\n<li><a>...<\/a><\/li>\n\n\n\n<li><a href='?page_no=36999'>36999<\/a><\/li>\n\n\n\n<li><a href='?page_no=37000'>37000<\/a><\/li>\n\n    \n\t\n\n<li >\n\t<a href='?page_no=7033'>Next<\/a>\n\t<\/li>\n\n\n    \n\n<li><a href='?page_no=37000'>Last &rsaquo;&rsaquo;<\/a><\/li>\n\n<\/ul>\n\n\n--><br \/>\n<\/body><\/p>\n","protected":false},"excerpt":{"rendered":"<p>NEYBA: Al menos ocho proyectos de ley y resoluci\u00f3n se conocer\u00e1n en la sesi\u00f3n que tendr\u00e1 la C\u00e1mara de Diputados el pr\u00f3ximo d\u00eda ocho de diciembre en la Provincia Bahoruco, en el que se conocer\u00e1n las iniciativas que son el producto de los planteamientos formulados en los Foros Legislativos para el Desarrollo en la Regi\u00f3n [&hellip;]<\/p>\n","protected":false},"author":3,"featured_media":0,"comment_status":"open","ping_status":"open","sticky":false,"template":"","format":"standard","meta":{"footnotes":""},"categories":[22],"tags":[],"class_list":["post-171759","post","type-post","status-publish","format-standard","hentry","category-politica"],"_links":{"self":[{"href":"https:\/\/diariodominicano.com\/index.php?rest_route=\/wp\/v2\/posts\/171759","targetHints":{"allow":["GET"]}}],"collection":[{"href":"https:\/\/diariodominicano.com\/index.php?rest_route=\/wp\/v2\/posts"}],"about":[{"href":"https:\/\/diariodominicano.com\/index.php?rest_route=\/wp\/v2\/types\/post"}],"author":[{"embeddable":true,"href":"https:\/\/diariodominicano.com\/index.php?rest_route=\/wp\/v2\/users\/3"}],"replies":[{"embeddable":true,"href":"https:\/\/diariodominicano.com\/index.php?rest_route=%2Fwp%2Fv2%2Fcomments&post=171759"}],"version-history":[{"count":0,"href":"https:\/\/diariodominicano.com\/index.php?rest_route=\/wp\/v2\/posts\/171759\/revisions"}],"wp:attachment":[{"href":"https:\/\/diariodominicano.com\/index.php?rest_route=%2Fwp%2Fv2%2Fmedia&parent=171759"}],"wp:term":[{"taxonomy":"category","embeddable":true,"href":"https:\/\/diariodominicano.com\/index.php?rest_route=%2Fwp%2Fv2%2Fcategories&post=171759"},{"taxonomy":"post_tag","embeddable":true,"href":"https:\/\/diariodominicano.com\/index.php?rest_route=%2Fwp%2Fv2%2Ftags&post=171759"}],"curies":[{"name":"wp","href":"https:\/\/api.w.org\/{rel}","templated":true}]}}