{"id":171757,"date":"2017-12-04T12:38:49","date_gmt":"2017-12-04T12:38:49","guid":{"rendered":"http:\/\/diariodominicano.ddns.net\/?p=171757"},"modified":"2017-12-04T12:38:49","modified_gmt":"2017-12-04T12:38:49","slug":"eduardo-estrella-el-bien-comun-esta-amenazado-por-actuales-niveles-de-corrupcion","status":"publish","type":"post","link":"https:\/\/diariodominicano.com\/?p=171757","title":{"rendered":"Eduardo Estrella: \u00abEl bien com\u00fan est\u00e1  amenazado por actuales niveles de corrupci\u00f3n\u00bb"},"content":{"rendered":"<p><body><\/p>\n<p><img decoding=\"async\" src=\"img3\/eduestre.jpg\" \/>  <\/p>\n<p>Participa en encuentro Cat\u00f3lico con l\u00edderes latinoamericanos en Colombia<\/p>\n<\/p>\n<p>Bogot\u00e1, Colombia.- El Presidente del Partido Dominicanos por el Cambio (DXC), Eduardo Estrella, manifest\u00f3 que el Bien Com\u00fan, principio fundamental de la Doctrina Social de la Iglesia no ser\u00e1 posible lograrlo en beneficio de las personas y las familias, mientras tengamos los actuales niveles de corrupci\u00f3n.<\/p>\n<\/p>\n<p>El dirigente pol\u00edtico quien represent\u00f3 al pa\u00eds en el evento \u00abEncuentro de Cat\u00f3licos con Responsabilidades Pol\u00edticas al Servicio de los Pueblos Latinoamericanos\u00bb realizado en Bogot\u00e1, en la sede de la Conferencia Episcopal Colombiana, dijo adem\u00e1s que \u00abhoy m\u00e1s que nunca se hace necesario que tanto los laicos como las autoridades eclesi\u00e1sticas juguemos un papel m\u00e1s activo hasta que se implemente un verdadero r\u00e9gimen de consecuencias\u00bb.<\/p>\n<\/p>\n<p>Su nombre fue propuesto por la Conferencia del Episcopado Dominicano para participar en el evento organizado por la Comisi\u00f3n Pontificia para Am\u00e9rica Latina (CAL), presidida por el cardenal Marc Ouellet y el Consejo Episcopal Latinoamericano (CELAM), encabezado por el cardenal Rub\u00e9n Salazar G\u00f3mez, donde asistieron unas 70 personalidades pol\u00edticas latinoamericanas, junto a 20 cardenales y obispos.<\/p>\n<\/p>\n<p>Por la importancia de este evento latinoamericano de la iglesia cat\u00f3lica, Su Santidad el Papa Francisco envi\u00f3 un mensaje de m\u00e1s de veinte minutos donde dijo entre otras cosas: \u00abTodos sentimos la necesidad de rehabilitar la dignidad de la pol\u00edtica. Tenemos que encaminarnos hacia democracias maduras, participativas, sin las lacras de la corrupci\u00f3n y las demagogias baratas\u00bb.<\/p>\n<\/p>\n<p>Dicho encuentro tuvo como objetivo principal intercambiar experiencia, testimonios y reflexiones sobre la experiencia de laicos cat\u00f3licos que asumen responsabilidades pol\u00edticas al servicio de los pueblos latinoamericanos convocados en sede eclesial. Asimismo, busc\u00f3 poner a la iglesia, y en especial a sus pastores en actitud de escucha ante las situaciones y necesidades  que viven  los cat\u00f3licos con responsabilidades pol\u00edticas.<\/p>\n<\/p>\n<p>Entre las ponencias presentadas se encuentran:  Que le dicen los Pol\u00edticos a los Pastores y a las Comunidades Cristianas, Las Grandes Prioridades,  Desaf\u00edos y Tareas de la Pol\u00edtica en Am\u00e9rica Latina, seg\u00fan el magisterio del Papa Francisco y del Episcopado Latinoamericano, y que le dicen los Pastores a los Pol\u00edticos, as\u00ed como  las experiencias e incidencias de los cat\u00f3licos en pol\u00edticas p\u00fablicas a favor de la vida y la familia, entre otros temas de trascendencia.<\/p>\n<h6> 2017-12-04 12:38:49 <\/h6>\n<p><!--\n<link rel=\"stylesheet\" href=\"css\/bootstrap.min.css\">\n\n\n<ul class=\"pagination\">\n\t    \n\t\n\n<li >\n\t<a href='?page_no=7029'>Previous<\/a>\n\t<\/li>\n\n\n       \n    \n\n<li><a href='?page_no=1'>1<\/a><\/li>\n\n\n\n<li><a href='?page_no=2'>2<\/a><\/li>\n\n\n\n<li><a>...<\/a><\/li>\n\n\n\n<li><a href='?page_no=7028'>7028<\/a><\/li>\n\n\n\n<li><a href='?page_no=7029'>7029<\/a><\/li>\n\n\n\n<li class='active'><a>7030<\/a><\/li>\n\n\n\n<li><a href='?page_no=7031'>7031<\/a><\/li>\n\n\n\n<li><a href='?page_no=7032'>7032<\/a><\/li>\n\n\n\n<li><a>...<\/a><\/li>\n\n\n\n<li><a href='?page_no=36999'>36999<\/a><\/li>\n\n\n\n<li><a href='?page_no=37000'>37000<\/a><\/li>\n\n    \n\t\n\n<li >\n\t<a href='?page_no=7031'>Next<\/a>\n\t<\/li>\n\n\n    \n\n<li><a href='?page_no=37000'>Last &rsaquo;&rsaquo;<\/a><\/li>\n\n<\/ul>\n\n\n--><br \/>\n<\/body><\/p>\n","protected":false},"excerpt":{"rendered":"<p>Participa en encuentro Cat\u00f3lico con l\u00edderes latinoamericanos en Colombia Bogot\u00e1, Colombia.- El Presidente del Partido Dominicanos por el Cambio (DXC), Eduardo Estrella, manifest\u00f3 que el Bien Com\u00fan, principio fundamental de la Doctrina Social de la Iglesia no ser\u00e1 posible lograrlo en beneficio de las personas y las familias, mientras tengamos los actuales niveles de corrupci\u00f3n. [&hellip;]<\/p>\n","protected":false},"author":3,"featured_media":0,"comment_status":"open","ping_status":"open","sticky":false,"template":"","format":"standard","meta":{"footnotes":""},"categories":[22],"tags":[],"class_list":["post-171757","post","type-post","status-publish","format-standard","hentry","category-politica"],"_links":{"self":[{"href":"https:\/\/diariodominicano.com\/index.php?rest_route=\/wp\/v2\/posts\/171757","targetHints":{"allow":["GET"]}}],"collection":[{"href":"https:\/\/diariodominicano.com\/index.php?rest_route=\/wp\/v2\/posts"}],"about":[{"href":"https:\/\/diariodominicano.com\/index.php?rest_route=\/wp\/v2\/types\/post"}],"author":[{"embeddable":true,"href":"https:\/\/diariodominicano.com\/index.php?rest_route=\/wp\/v2\/users\/3"}],"replies":[{"embeddable":true,"href":"https:\/\/diariodominicano.com\/index.php?rest_route=%2Fwp%2Fv2%2Fcomments&post=171757"}],"version-history":[{"count":0,"href":"https:\/\/diariodominicano.com\/index.php?rest_route=\/wp\/v2\/posts\/171757\/revisions"}],"wp:attachment":[{"href":"https:\/\/diariodominicano.com\/index.php?rest_route=%2Fwp%2Fv2%2Fmedia&parent=171757"}],"wp:term":[{"taxonomy":"category","embeddable":true,"href":"https:\/\/diariodominicano.com\/index.php?rest_route=%2Fwp%2Fv2%2Fcategories&post=171757"},{"taxonomy":"post_tag","embeddable":true,"href":"https:\/\/diariodominicano.com\/index.php?rest_route=%2Fwp%2Fv2%2Ftags&post=171757"}],"curies":[{"name":"wp","href":"https:\/\/api.w.org\/{rel}","templated":true}]}}