{"id":171755,"date":"2017-12-05T10:20:59","date_gmt":"2017-12-05T10:20:59","guid":{"rendered":"http:\/\/diariodominicano.ddns.net\/?p=171755"},"modified":"2017-12-05T10:20:59","modified_gmt":"2017-12-05T10:20:59","slug":"las-direcciones-completas-del-prd-pasan-al-prm","status":"publish","type":"post","link":"https:\/\/diariodominicano.com\/?p=171755","title":{"rendered":"Las Direcciones completas del PRD pasan al PRM"},"content":{"rendered":"<p><body><\/p>\n<p><img decoding=\"async\" src=\"img3\/Prm5.jpg\" \/>  <\/p>\n<p>Santo Domingo, R. D.,  5 de diciembre, 2017.- <span class=\"text1noticias\">El presidente y ex candidato a alcalde por el Partido Revolucionario Dominicano (PRD) en el municipio de Pu\u00f1al, provincia Santiago de los Caballeros, encabez\u00f3 a mas de noventa dirigentes municipales de all\u00ed, as\u00ed como de los distritos municipales Guayabal y Canabacoa, quienes renunciaron a esta organizaci\u00f3n y fueron de inmediato juramentados en el Partido Revolucionario Moderno (PRM).<\/span><\/p>\n<p><span class=\"text1noticias\"> <\/span><\/p>\n<p><span class=\"text1noticias\">Los renunciantes fueron juramentados en el PRM por Andr\u00e9s Bautista, Presidente de esta organizaci\u00f3n, en la sesi\u00f3n de su Direcci\u00f3n Ejecutiva de este lunes, celebrada en la casa nacional ubicada en la C\u00e9sar Nicol\u00e1s Penson de esta capital.<\/span><\/p>\n<p><span class=\"text1noticias\"> <\/span><\/p>\n<p><span class=\"text1noticias\">Al justificar la masiva renuncia, el ex presidente del PRD en Pu\u00f1al, Pedro Pablo Marte, afirm\u00f3 que su antigua organizaci\u00f3n, el PRD, hab\u00eda abandonado los principios que le dieron origen, de ser una organizaci\u00f3n del pueblo, y se ha convertido en la esquina de negocio de un grupito de dirigentes, sin m\u00edstica, ni compromiso con los intereses de las grandes masas.<\/span><\/p>\n<p><span class=\"text1noticias\"> <\/span><\/p>\n<p><span class=\"text1noticias\">Afirm\u00f3 que sus llegadas al PRM es con la finalidad de integrarse a los trabajos del mismo para contribuir en que este se convierta en el partido que encabece un gran Frente Electoral que desplace al Partido de la Liberaci\u00f3n Dominicana (PLD) en las elecciones nacionales del 2020 y el pa\u00eds sea conducido por personas transparentes, que prioricen los problemas del pueblo y respeten los recursos del Erario.<\/span><\/p>\n<p><span class=\"text1noticias\"> <\/span><\/p>\n<p><span class=\"text1noticias\">Al tomarles el juramento, Andr\u00e9s Bautista, agradeci\u00f3 a que hayan escogido venir al PRM, aumentando la confianza y el reto del mismo, en su tarea de organizar al pueblo y lograr conformar ese gran Frente que necesita el pa\u00eds para reencauzar la decencia p\u00fablica desde el gobierno y, reestablecerle la esperanza de la sociedad en los partidos pol\u00edticos.<\/span><\/p>\n<p><span class=\"text1noticias\"> <\/span><\/p>\n<p><span class=\"text1noticias\">Dijo que el PRM no desmaya en trabajar para recobrar la confianza de la sociedad en el sistema de partidos pol\u00edticos, demostrando su compromiso con los mejores intereses del pueblo, como lo han hecho desde su militancia, con los representantes congresuales y los alcaldes que, d\u00eda a d\u00eda, trabajan por el adecentamiento de la vida partidaria.<\/span><\/p>\n<p><span class=\"text1noticias\"> <\/span><\/p>\n<p><span class=\"text1noticias\">Adem\u00e1s de Marte, quien era el presidente del PRD en Pu\u00f1al, fueron juramentados en el PRM, Domingo Castillo, Presidente en Funciones, los vice presidentes \u00c1ngel Guti\u00e9rrez, Manuel Rosa, Mario Polanco, Ram\u00f3n Batista, Sileny Gil, Jos\u00e9 Fern\u00e1ndez y Daniel Rodr\u00edguez. Tambi\u00e9n la Secretaria general Mirtha Guti\u00e9rrez, el Secretario de organizaci\u00f3n Eulalio Ambiorix Morales, los subsecretarios Elpidio Garc\u00eda, Ang\u00e9lica Guti\u00e9rrez y Elizabeth Estrella,<\/span><\/p>\n<p><span class=\"text1noticias\"> <\/span><\/p>\n<p><span class=\"text1noticias\">adem\u00e1s, Jos\u00e9 S\u00e1nchez, Polibio Rodr\u00edguez, Rafael Morel, Ram\u00f3n D\u00edaz, Nicauris salvador Marte, Delgadina Gil, Patricia N\u00fa\u00f1ez, Rafael Morel, Rafal Batista, Pablo Ramos, Jos\u00e9 Ernesto Batista, Andr\u00e9s Canela, Melado G\u00f3mez, Luis Miguel Garc\u00eda, Ferm\u00edn Estrella, Francis Ure\u00f1a, Lorenzo P\u00e9rez, Manuel tineo, Wilfredo Guzm\u00e1n, Clara Crosino, Guadalupe Abreu, Altagracia Melo, Elvira Francisco, Ignacio Estrella, Rafael Rosario, Yovanny Hern\u00e1ndez, y Santo Medina.<\/span><\/p>\n<p><span class=\"text1noticias\"> <\/span><\/p>\n<p><span class=\"text1noticias\">Completan la lista Esteban Marino N\u00fa\u00f1ez, Jos\u00e9 El\u00edas Correa, Rosmaily V\u00e1squez Nancy Guti\u00e9rrez, Feliz Manuel Gonz\u00e1lez, Jos\u00e9 Luis Luciano, Vidal Nicol\u00e1s Uribe, Yajaira Encarnaci\u00f3n, Carlos Julio Melo, Alexander Pe\u00f1a N\u00fa\u00f1ez, Aleurys Pe\u00f1a N\u00fa\u00f1ez, Nancy Pe\u00f1a Melo, Jos\u00e9 Antonio Luciano, Jos\u00e9 El\u00edas Fern\u00e1ndez, Jos\u00e9 Andres B\u00e1ez, Juan Guzm\u00e1n, Isidro Antonio Ademes, Crisleydi Guti\u00e9rrez, Dar\u00edo Antonio Mosquea, entre otros.<\/span><\/p>\n<p><span class=\"text1noticias\"> <\/span><\/p>\n<p><span class=\"text1noticias\">Los nuevos perremeistas fueron organizados por Roberto Fulcar y el diputado Ulises Rodr\u00edguez, quien lo present\u00f3 ante la m\u00e1xima direcci\u00f3n ejecutiva del PRM.<\/span><\/p>\n<p><span class=\"text1noticias\"> <\/span><\/p>\n<p><span class=\"text1noticias\">A<\/span>ndr\u00e9s Matos<\/p>\n<h6> 2017-12-05 10:20:59 <\/h6>\n<p><!--\n<link rel=\"stylesheet\" href=\"css\/bootstrap.min.css\">\n\n\n<ul class=\"pagination\">\n\t    \n\t\n\n<li >\n\t<a href='?page_no=7028'>Previous<\/a>\n\t<\/li>\n\n\n       \n    \n\n<li><a href='?page_no=1'>1<\/a><\/li>\n\n\n\n<li><a href='?page_no=2'>2<\/a><\/li>\n\n\n\n<li><a>...<\/a><\/li>\n\n\n\n<li><a href='?page_no=7027'>7027<\/a><\/li>\n\n\n\n<li><a href='?page_no=7028'>7028<\/a><\/li>\n\n\n\n<li class='active'><a>7029<\/a><\/li>\n\n\n\n<li><a href='?page_no=7030'>7030<\/a><\/li>\n\n\n\n<li><a href='?page_no=7031'>7031<\/a><\/li>\n\n\n\n<li><a>...<\/a><\/li>\n\n\n\n<li><a href='?page_no=36999'>36999<\/a><\/li>\n\n\n\n<li><a href='?page_no=37000'>37000<\/a><\/li>\n\n    \n\t\n\n<li >\n\t<a href='?page_no=7030'>Next<\/a>\n\t<\/li>\n\n\n    \n\n<li><a href='?page_no=37000'>Last &rsaquo;&rsaquo;<\/a><\/li>\n\n<\/ul>\n\n\n--><br \/>\n<\/body><\/p>\n","protected":false},"excerpt":{"rendered":"<p>Santo Domingo, R. D., 5 de diciembre, 2017.- El presidente y ex candidato a alcalde por el Partido Revolucionario Dominicano (PRD) en el municipio de Pu\u00f1al, provincia Santiago de los Caballeros, encabez\u00f3 a mas de noventa dirigentes municipales de all\u00ed, as\u00ed como de los distritos municipales Guayabal y Canabacoa, quienes renunciaron a esta organizaci\u00f3n y [&hellip;]<\/p>\n","protected":false},"author":3,"featured_media":0,"comment_status":"open","ping_status":"open","sticky":false,"template":"","format":"standard","meta":{"footnotes":""},"categories":[22],"tags":[],"class_list":["post-171755","post","type-post","status-publish","format-standard","hentry","category-politica"],"_links":{"self":[{"href":"https:\/\/diariodominicano.com\/index.php?rest_route=\/wp\/v2\/posts\/171755","targetHints":{"allow":["GET"]}}],"collection":[{"href":"https:\/\/diariodominicano.com\/index.php?rest_route=\/wp\/v2\/posts"}],"about":[{"href":"https:\/\/diariodominicano.com\/index.php?rest_route=\/wp\/v2\/types\/post"}],"author":[{"embeddable":true,"href":"https:\/\/diariodominicano.com\/index.php?rest_route=\/wp\/v2\/users\/3"}],"replies":[{"embeddable":true,"href":"https:\/\/diariodominicano.com\/index.php?rest_route=%2Fwp%2Fv2%2Fcomments&post=171755"}],"version-history":[{"count":0,"href":"https:\/\/diariodominicano.com\/index.php?rest_route=\/wp\/v2\/posts\/171755\/revisions"}],"wp:attachment":[{"href":"https:\/\/diariodominicano.com\/index.php?rest_route=%2Fwp%2Fv2%2Fmedia&parent=171755"}],"wp:term":[{"taxonomy":"category","embeddable":true,"href":"https:\/\/diariodominicano.com\/index.php?rest_route=%2Fwp%2Fv2%2Fcategories&post=171755"},{"taxonomy":"post_tag","embeddable":true,"href":"https:\/\/diariodominicano.com\/index.php?rest_route=%2Fwp%2Fv2%2Ftags&post=171755"}],"curies":[{"name":"wp","href":"https:\/\/api.w.org\/{rel}","templated":true}]}}